{"id":11781292,"date":"2026-04-28T12:03:00","date_gmt":"2026-04-28T16:03:00","guid":{"rendered":"https:\/\/www.corumbaonline.com.br\/news\/?p=11781292"},"modified":"2026-04-28T12:09:50","modified_gmt":"2026-04-28T16:09:50","slug":"camara-homenageia-general-de-brigada-carneiro-com-o-titulo-de-cidadao-corumbaense","status":"publish","type":"post","link":"https:\/\/www.corumbaonline.com.br\/news\/camara-homenageia-general-de-brigada-carneiro-com-o-titulo-de-cidadao-corumbaense\/","title":{"rendered":"C\u00e2mara homenageia general-de-brigada Carneiro com o t\u00edtulo de Cidad\u00e3o Corumbaense"},"content":{"rendered":"<p>O general-de-brigada Jos\u00e9 Fernandes Carneiro dos Santos Filho \u00e9 o mais novo Cidad\u00e3o Corumbaense, a mais alta honraria concebida pela C\u00e2mara Municipal de Vereadores de Corumb\u00e1, a ilustres personalidades pelos relevantes servi\u00e7os prestados \u00e0 sociedade pantaneira, por iniciativa do vereador Ubiratan Canhete de Campos Filho, presidente do Poder Legislativo.<\/p>\n<p>A outorga ocorreu durante ato realizado na noite de ontem, 27, logo ap\u00f3s a sess\u00e3o ordin\u00e1ria do Poder Legislativo corumbaense, no Plen\u00e1rio \u201cDr. L\u00e9o de Medeiros Guimar\u00e3es\u201d. Al\u00e9m do t\u00edtulo, o comandante recebeu uma Mo\u00e7\u00e3o de Congratula\u00e7\u00e3o em alus\u00e3o ao Dia do Ex\u00e9rcito Brasileiro, por iniciativa do vereador Jovan Temeljkovitch.<\/p>\n<p>O general Carneiro nasceu em 25 de abril de 1975, em Salvador, Bahia, filho de Jos\u00e9 Fernandes Carneiro dos Santos e Maria Concei\u00e7\u00e3o Figueiredo dos Santos, incorporou as fileiras do Ex\u00e9rcito Brasileiro em 18 de fevereiro de 1991, na Escola Preparat\u00f3ria de Cadetes do Ex\u00e9rcito em Campinas, SP, sendo declarado Aspirante-a-Oficial da Arma de Infantaria em 2 de dezembro de 1995, classificado no 19\u00b0 Batalh\u00e3o de Ca\u00e7adores de Salvador, onde desempenhou as fun\u00e7\u00f5es de comandante de pelot\u00e3o e de subunidade de opera\u00e7\u00f5es especiais.<\/p>\n<p>Detentor de um vasto curr\u00edculo, o general acaba de ser transferido para Bras\u00edlia, ap\u00f3s um ano comandando a Brigada de Fronteira Pantanal, Brigada Ricardo Franco. Ap\u00f3s per\u00edodo na terra natal, passou por Altamira e Tucuru\u00ed, no Par\u00e1; C\u00e1ceres, no Mato Grosso; Rio de Janeiro; Campo Grande, MS; Boa Vista, Roraima; Aracaju, no Sergipe; al\u00e9m disso cursou a Escola de Comando e Estado-Maior do Ex\u00e9rcito e, ao t\u00e9rmino do curso, assumiu as se\u00e7\u00f5es de opera\u00e7\u00e3o e de pessoal da 1\u00aa Brigada de Infantaria de Selva em Boa Vista, Roraima.<\/p>\n<p>Seu curr\u00edculo consta tamb\u00e9m um curso de l\u00edngua coreana na Escola de L\u00ednguas do Minist\u00e9rio da Defesa Sul-Coreano, na cidade de Icheon, em 2014, e em 2015, curso de Estado-Maior conjunto na Universidade Militar das For\u00e7as Conjuntas, na cidade de Daejon, tamb\u00e9m na Cor\u00e9ia do Sul, retornando ao Brasil onde desempenhou a fun\u00e7\u00e3o de instrutor da Escola de Comando e Estado-Maior do Ex\u00e9rcito no bi\u00eanio 2016\/2017; Curso Superior de Defesa Nacional em Buenos Aires, Argentina, em 2020, tendo sido em seguida designado para a 3\u00aa Subchefia do Estado-Maior do Ex\u00e9rcito, onde exerceu as fun\u00e7\u00f5es de Analista dos Comandos Militares da Amaz\u00f4nia e do Norte, al\u00e9m de ser o relator do planejamento estrat\u00e9gico do Ex\u00e9rcito.<\/p>\n<p>Comandou o Col\u00e9gio Militar de Salvador em 2022 e 2023, e, em 2024, foi assistente e chefe da Se\u00e7\u00e3o de Planejamento Estrat\u00e9gico na 1\u00aa Subchefia do Estado-Maior do Ex\u00e9rcito. Possui ainda o curso de Opera\u00e7\u00f5es na Selva, no Centro de Instru\u00e7\u00e3o de Guerra na Selva, em Manaus; est\u00e1gio de adapta\u00e7\u00e3o e opera\u00e7\u00f5es na Caatinga, no 72\u00b0 Batalh\u00e3o de Infantaria de Caatinga, em Petrolina, Pernambuco; est\u00e1gio de Escalador Militar no Centro de Instru\u00e7\u00e3o de Montanha, em S\u00e3o Jo\u00e3o del-Rey, Minas Gerais; est\u00e1gio de adapta\u00e7\u00e3o ao Pantanal no ent\u00e3o 2\u00ba Batalh\u00e3o de Fronteira em C\u00e1ceres; mestrado em Opera\u00e7\u00f5es Militares na Escola de Aperfei\u00e7oamento de Oficiais, e mestrado em Defesa Nacional na Escola de Comando e Estado-Maior do Ex\u00e9rcito; bacharelado em Direito pela Universidade Est\u00e1cio de S\u00e1 no Mato Grosso do Sul, al\u00e9m de v\u00e1rias especializa\u00e7\u00f5es na \u00e1rea de planejamento estrat\u00e9gico.<\/p>\n<p>Entre outras comendas, foi condecorado com as Medalhas Militar de Ouro, Corpo de Tropa, do M\u00e9rito Amaz\u00f4nico, Marechal Tropowsky, do Pacificador, M\u00e9rito Santos Dumont, Ordem do M\u00e9rito da Justi\u00e7a Militar e Ordem do M\u00e9rito Militar. Grau Comendador recebeu tamb\u00e9m a Comenda de M\u00e9rito ao Esfor\u00e7o e a medalha e pr\u00eamio de distin\u00e7\u00e3o da Rep\u00fablica da Cor\u00e9ia do Sul.<\/p>\n<p>PER\u00cdODO IMPORTANTE<\/p>\n<p>Casado com H\u00e9rica Braga Carneiro dos Santos e pai do Fernando, o general destacou que o per\u00edodo \u00e0 frente da 18\u00aa Brigada de Infantaria, foi muito importante, e que procurou manter a unidade em permanente estado de prontid\u00e3o log\u00edstico, or\u00e7ament\u00e1rio e operacional, a fim de contribuir com o Comando Militar do Oeste \u201cna garantia de nossa soberania, salvaguardando os interesses nacionais e cooperando para o desenvolvimento regional, o bem-estar social, o fortalecimento do relacionamento com os pa\u00edses fronteiri\u00e7os e a gest\u00e3o respons\u00e1vel do or\u00e7amento p\u00fablico\u201d.<\/p>\n<p>Destacou as a\u00e7\u00f5es no campo institucional estreitando as liga\u00e7\u00f5es da guarni\u00e7\u00e3o com autoridades civis, militares e com a sociedade corumbaense, fortalecendo a imagem institucional da Brigada, ampliando parcerias e consolidando a presen\u00e7a estrat\u00e9gica da for\u00e7a na regi\u00e3o, com o objetivo de ampliar as oportunidades de capacita\u00e7\u00e3o do efetivo, especialmente dos militares tempor\u00e1rios.<\/p>\n<p>Empenhou-se em estabelecer aproxima\u00e7\u00e3o com institui\u00e7\u00f5es do Sistema S, notadamente SENAI e SENAR, consolidando parcerias que j\u00e1 resultaram na oferta de cursos ao efetivo e pavimentando o caminho para futuras melhorias na qualifica\u00e7\u00e3o profissional e no preparo para a inser\u00e7\u00e3o no mercado de trabalho.<\/p>\n<p>Falou sobre as Opera\u00e7\u00f5es \u00c1gatas realizadas em 2025 e 2026, ressaltando que, nesse contexto, \u201ca efici\u00eancia na coordena\u00e7\u00e3o e na execu\u00e7\u00e3o das atividades evidenciou a capacidade da Brigada em cumprir sua miss\u00e3o com excel\u00eancia, contribuindo para a seguran\u00e7a e a estabilidade da fronteira oeste do pa\u00eds\u201d.<\/p>\n<p>No que tange \u00e0 seguran\u00e7a e \u00e0 soberania da fronteira, sua atua\u00e7\u00e3o foi pautada por coordena\u00e7\u00e3o primorosa, voltada para o incremento da efic\u00e1cia operacional da 18\u00aa Brigada de Infantaria de Pantanal em sua vasta \u00e1rea de responsabilidade; estreitou la\u00e7os de coopera\u00e7\u00e3o com os \u00f3rg\u00e3os de seguran\u00e7a p\u00fablica e fiscaliza\u00e7\u00e3o, imprimindo din\u00e2mica de integra\u00e7\u00e3o que resultou em maior efetividade no combate aos crimes transfronteiri\u00e7os<\/p>\n<p>Manteve agenda constante e produtiva com representantes dos poderes Executivo, Legislativo e Judici\u00e1rio, bem como com integrantes dos \u00f3rg\u00e3os de seguran\u00e7a p\u00fablicas estaduais e federais, consolidando parcerias estrat\u00e9gicas essenciais \u00e0 seguran\u00e7a regional, determinantes para o alinhamento de objetivos comuns entre as diversas institui\u00e7\u00f5es, garantindo maior sinergia nas a\u00e7\u00f5es conjuntas e contribuindo diretamente para a estabilidade e a seguran\u00e7a da regi\u00e3o.<\/p>\n<p>Lembrou as comemora\u00e7\u00f5es alusivas aos 250 anos do Forte de Coimbra, celebra\u00e7\u00e3o \u00edmpar, emblem\u00e1tica e hist\u00f3rica para a Brigada Ricardo Franco, para o CMO e para o Ex\u00e9rcito Brasileiro. \u201cO evento foi concebido n\u00e3o apenas com o prop\u00f3sito de proporcionar festividade hist\u00f3rica de elevado padr\u00e3o, impactante e memor\u00e1vel, mas, sobretudo, com a firme inten\u00e7\u00e3o de deixar legado concreto e duradouro para a Brigada\u201d, ressaltou lembrando presen\u00e7as marcantes como do Ministro da Defesa, do Comandante do Ex\u00e9rcito e de diversos generais de ex\u00e9rcito integrantes do alto comando do Ex\u00e9rcito, do governador do Mato Grosso do Sul, entre outras autoridades.<\/p>\n<p>Agradeceu o t\u00edtulo recebido da C\u00e2mara afirmando estar muito feliz de ser incorporado aos ilustres nascidos na Capital do Pantanal. Posso afirmar com toda sinceridade, que \u00e9 uma honra e o distinto privil\u00e9gio ser corumbaense de direito, pois de fato j\u00e1 me considero h\u00e1 muito tempo\u201d, acrescentou, agradecendo ainda a Mo\u00e7\u00e3o de Congratula\u00e7\u00e3o proposta pelo vereador Jovan Temeljkovitch, em alus\u00e3o ao Dia do Ex\u00e9rcito Brasileiro.<\/p>\n<p>Bira, por sua vez, elogiou o general Carneiro que est\u00e1 deixando a sua marca na regi\u00e3o de Corumb\u00e1. Afirmou que as homenagens s\u00e3o em reconhecimento \u00e0 atua\u00e7\u00e3o do comandante \u00e0 frente da Brigada, e que o t\u00edtulo de Cidad\u00e3o Corumbaense aumenta a responsabilidade de defender ainda mais a regi\u00e3o.<\/p>\n","protected":false},"excerpt":{"rendered":"<p>O general-de-brigada Jos\u00e9 Fernandes Carneiro dos Santos Filho \u00e9 o mais novo Cidad\u00e3o Corumbaense, a&#8230;<\/p>\n","protected":false},"author":21,"featured_media":11781293,"comment_status":"closed","ping_status":"closed","sticky":false,"template":"","format":"standard","meta":{"footnotes":""},"categories":[8,19],"tags":[188],"class_list":["post-11781292","post","type-post","status-publish","format-standard","has-post-thumbnail","hentry","category-destaque","category-politica","tag-politica"],"_links":{"self":[{"href":"https:\/\/www.corumbaonline.com.br\/news\/wp-json\/wp\/v2\/posts\/11781292","targetHints":{"allow":["GET"]}}],"collection":[{"href":"https:\/\/www.corumbaonline.com.br\/news\/wp-json\/wp\/v2\/posts"}],"about":[{"href":"https:\/\/www.corumbaonline.com.br\/news\/wp-json\/wp\/v2\/types\/post"}],"author":[{"embeddable":true,"href":"https:\/\/www.corumbaonline.com.br\/news\/wp-json\/wp\/v2\/users\/21"}],"replies":[{"embeddable":true,"href":"https:\/\/www.corumbaonline.com.br\/news\/wp-json\/wp\/v2\/comments?post=11781292"}],"version-history":[{"count":1,"href":"https:\/\/www.corumbaonline.com.br\/news\/wp-json\/wp\/v2\/posts\/11781292\/revisions"}],"predecessor-version":[{"id":11781294,"href":"https:\/\/www.corumbaonline.com.br\/news\/wp-json\/wp\/v2\/posts\/11781292\/revisions\/11781294"}],"wp:featuredmedia":[{"embeddable":true,"href":"https:\/\/www.corumbaonline.com.br\/news\/wp-json\/wp\/v2\/media\/11781293"}],"wp:attachment":[{"href":"https:\/\/www.corumbaonline.com.br\/news\/wp-json\/wp\/v2\/media?parent=11781292"}],"wp:term":[{"taxonomy":"category","embeddable":true,"href":"https:\/\/www.corumbaonline.com.br\/news\/wp-json\/wp\/v2\/categories?post=11781292"},{"taxonomy":"post_tag","embeddable":true,"href":"https:\/\/www.corumbaonline.com.br\/news\/wp-json\/wp\/v2\/tags?post=11781292"}],"curies":[{"name":"wp","href":"https:\/\/api.w.org\/{rel}","templated":true}]}}