{"id":11781324,"date":"2026-04-29T10:35:00","date_gmt":"2026-04-29T14:35:00","guid":{"rendered":"https:\/\/www.corumbaonline.com.br\/news\/?p=11781324"},"modified":"2026-04-29T16:11:07","modified_gmt":"2026-04-29T20:11:07","slug":"mulher-e-presa-por-trafico-internacional-de-drogas-em-ladario","status":"publish","type":"post","link":"https:\/\/www.corumbaonline.com.br\/news\/mulher-e-presa-por-trafico-internacional-de-drogas-em-ladario\/","title":{"rendered":"Mulher \u00e9 presa por tr\u00e1fico internacional de drogas em Lad\u00e1rio"},"content":{"rendered":"<p>Na noite de ter\u00e7a-feira (28), a Pol\u00edcia Militar prendeu em flagrante uma mulher por tr\u00e1fico internacional de drogas no posto de fiscaliza\u00e7\u00e3o Lampi\u00e3o Aceso, no munic\u00edpio de Lad\u00e1rio. A apreens\u00e3o ocorreu durante a Opera\u00e7\u00e3o For\u00e7a Total, que visa intensificar a fiscaliza\u00e7\u00e3o de ve\u00edculos provenientes da regi\u00e3o de fronteira.<\/p>\n<p>As equipes de R\u00e1dio Patrulha e de Tr\u00e2nsito realizavam abordagens quando pararam um \u00f4nibus de viagem. Durante a entrevista aos passageiros, os policiais notaram que uma mulher, que viajava acompanhada de uma crian\u00e7a de colo, apresentou nervosismo e forneceu respostas desconexas. Diante da suspeita, a passageira foi conduzida para fora do ve\u00edculo para que sua bagagem fosse vistoriada.<\/p>\n<p>Na revista minuciosa, os militares localizaram uma garrafa t\u00e9rmica contendo pasta base de coca\u00edna em uma das malas da suspeita. Em seguida, descobriram que a pr\u00f3pria estrutura do carrinho de beb\u00ea abrigava diversas c\u00e1psulas da mesma subst\u00e2ncia, escondidas dentro dos tubos de alum\u00ednio. Ao todo, foram apreendidos quase 5 quilos de entorpecente.<\/p>\n<p>A autora confessou que a droga era oriunda da Bol\u00edvia. Ela recebeu voz de pris\u00e3o no local e, juntamente com todo o material il\u00edcito apreendido, foi encaminhada \u00e0 Delegacia da Pol\u00edcia Federal de Corumb\u00e1 para os devidos procedimentos legais e aprofundamento das investiga\u00e7\u00f5es.<\/p>\n","protected":false},"excerpt":{"rendered":"<p>Na noite de ter\u00e7a-feira (28), a Pol\u00edcia Militar prendeu em flagrante uma mulher por tr\u00e1fico&#8230;<\/p>\n","protected":false},"author":6,"featured_media":11781326,"comment_status":"closed","ping_status":"closed","sticky":false,"template":"","format":"standard","meta":{"footnotes":""},"categories":[14,18],"tags":[249],"class_list":["post-11781324","post","type-post","status-publish","format-standard","has-post-thumbnail","hentry","category-geral","category-seguranca","tag-seguranca"],"_links":{"self":[{"href":"https:\/\/www.corumbaonline.com.br\/news\/wp-json\/wp\/v2\/posts\/11781324","targetHints":{"allow":["GET"]}}],"collection":[{"href":"https:\/\/www.corumbaonline.com.br\/news\/wp-json\/wp\/v2\/posts"}],"about":[{"href":"https:\/\/www.corumbaonline.com.br\/news\/wp-json\/wp\/v2\/types\/post"}],"author":[{"embeddable":true,"href":"https:\/\/www.corumbaonline.com.br\/news\/wp-json\/wp\/v2\/users\/6"}],"replies":[{"embeddable":true,"href":"https:\/\/www.corumbaonline.com.br\/news\/wp-json\/wp\/v2\/comments?post=11781324"}],"version-history":[{"count":1,"href":"https:\/\/www.corumbaonline.com.br\/news\/wp-json\/wp\/v2\/posts\/11781324\/revisions"}],"predecessor-version":[{"id":11781325,"href":"https:\/\/www.corumbaonline.com.br\/news\/wp-json\/wp\/v2\/posts\/11781324\/revisions\/11781325"}],"wp:featuredmedia":[{"embeddable":true,"href":"https:\/\/www.corumbaonline.com.br\/news\/wp-json\/wp\/v2\/media\/11781326"}],"wp:attachment":[{"href":"https:\/\/www.corumbaonline.com.br\/news\/wp-json\/wp\/v2\/media?parent=11781324"}],"wp:term":[{"taxonomy":"category","embeddable":true,"href":"https:\/\/www.corumbaonline.com.br\/news\/wp-json\/wp\/v2\/categories?post=11781324"},{"taxonomy":"post_tag","embeddable":true,"href":"https:\/\/www.corumbaonline.com.br\/news\/wp-json\/wp\/v2\/tags?post=11781324"}],"curies":[{"name":"wp","href":"https:\/\/api.w.org\/{rel}","templated":true}]}}