{"id":11781327,"date":"2026-04-29T10:49:00","date_gmt":"2026-04-29T14:49:00","guid":{"rendered":"https:\/\/www.corumbaonline.com.br\/news\/?p=11781327"},"modified":"2026-04-29T16:22:34","modified_gmt":"2026-04-29T20:22:34","slug":"homem-e-preso-em-flagrante-por-furto-em-supermercado-no-bairro-aeroporto","status":"publish","type":"post","link":"https:\/\/www.corumbaonline.com.br\/news\/homem-e-preso-em-flagrante-por-furto-em-supermercado-no-bairro-aeroporto\/","title":{"rendered":"Homem \u00e9 preso em flagrante por furto em supermercado no bairro Aeroporto"},"content":{"rendered":"<p>Na manh\u00e3 de ter\u00e7a-feira (28), a Pol\u00edcia Militar prendeu um homem de 43 anos em flagrante pelo crime de furto em um supermercado localizado no bairro Aeroporto, em Corumb\u00e1. A a\u00e7\u00e3o resultou na recupera\u00e7\u00e3o de mais de vinte embalagens de produtos veterin\u00e1rios.<\/p>\n<p>A equipe policial de tr\u00e2nsito foi acionada via Centro de Opera\u00e7\u00f5es da Pol\u00edcia Militar (COPOM) para atender \u00e0 ocorr\u00eancia no estabelecimento comercial, situado na rua Porto Carreiro. Ao chegarem ao local, os militares fizeram contato com o l\u00edder da equipe de preven\u00e7\u00e3o do supermercado, que relatou que o suspeito foi flagrado no momento em que tentava deixar o local carregando uma sacola pl\u00e1stica contendo 23 frascos de 20ml da subst\u00e2ncia veterin\u00e1ria \u201cBarragem\u201d.<\/p>\n<p>Ao ser abordado pelos funcion\u00e1rios e solicitado a apresentar o cupom fiscal dos produtos, o homem admitiu n\u00e3o possuir o comprovante e confessou de imediato que os itens eram furtados. A a\u00e7\u00e3o criminosa foi confirmada pelas imagens do circuito de seguran\u00e7a do estabelecimento, que registraram o momento exato em que o indiv\u00edduo escondia as mercadorias.<\/p>\n<p>Diante dos fatos, o suspeito foi encaminhado \u00e0 Delegacia de Pol\u00edcia Civil para as provid\u00eancias legais cab\u00edveis.<\/p>\n","protected":false},"excerpt":{"rendered":"<p>Na manh\u00e3 de ter\u00e7a-feira (28), a Pol\u00edcia Militar prendeu um homem de 43 anos em&#8230;<\/p>\n","protected":false},"author":6,"featured_media":11781328,"comment_status":"closed","ping_status":"closed","sticky":false,"template":"","format":"standard","meta":{"footnotes":""},"categories":[18],"tags":[249],"class_list":["post-11781327","post","type-post","status-publish","format-standard","has-post-thumbnail","hentry","category-seguranca","tag-seguranca"],"_links":{"self":[{"href":"https:\/\/www.corumbaonline.com.br\/news\/wp-json\/wp\/v2\/posts\/11781327","targetHints":{"allow":["GET"]}}],"collection":[{"href":"https:\/\/www.corumbaonline.com.br\/news\/wp-json\/wp\/v2\/posts"}],"about":[{"href":"https:\/\/www.corumbaonline.com.br\/news\/wp-json\/wp\/v2\/types\/post"}],"author":[{"embeddable":true,"href":"https:\/\/www.corumbaonline.com.br\/news\/wp-json\/wp\/v2\/users\/6"}],"replies":[{"embeddable":true,"href":"https:\/\/www.corumbaonline.com.br\/news\/wp-json\/wp\/v2\/comments?post=11781327"}],"version-history":[{"count":1,"href":"https:\/\/www.corumbaonline.com.br\/news\/wp-json\/wp\/v2\/posts\/11781327\/revisions"}],"predecessor-version":[{"id":11781329,"href":"https:\/\/www.corumbaonline.com.br\/news\/wp-json\/wp\/v2\/posts\/11781327\/revisions\/11781329"}],"wp:featuredmedia":[{"embeddable":true,"href":"https:\/\/www.corumbaonline.com.br\/news\/wp-json\/wp\/v2\/media\/11781328"}],"wp:attachment":[{"href":"https:\/\/www.corumbaonline.com.br\/news\/wp-json\/wp\/v2\/media?parent=11781327"}],"wp:term":[{"taxonomy":"category","embeddable":true,"href":"https:\/\/www.corumbaonline.com.br\/news\/wp-json\/wp\/v2\/categories?post=11781327"},{"taxonomy":"post_tag","embeddable":true,"href":"https:\/\/www.corumbaonline.com.br\/news\/wp-json\/wp\/v2\/tags?post=11781327"}],"curies":[{"name":"wp","href":"https:\/\/api.w.org\/{rel}","templated":true}]}}