{"id":11781333,"date":"2026-04-29T11:18:00","date_gmt":"2026-04-29T15:18:00","guid":{"rendered":"https:\/\/www.corumbaonline.com.br\/news\/?p=11781333"},"modified":"2026-04-29T16:30:24","modified_gmt":"2026-04-29T20:30:24","slug":"corumba-em-danca-reune-talentos-locais-em-grande-espetaculo-cultural-dia-30","status":"publish","type":"post","link":"https:\/\/www.corumbaonline.com.br\/news\/corumba-em-danca-reune-talentos-locais-em-grande-espetaculo-cultural-dia-30\/","title":{"rendered":"\u201cCorumb\u00e1 em Dan\u00e7a\u201d re\u00fane talentos locais em grande espet\u00e1culo cultural dia 30"},"content":{"rendered":"<p data-start=\"0\" data-end=\"320\">A Prefeitura de Corumb\u00e1, por meio da Funda\u00e7\u00e3o da Cultura, realiza nesta quinta-feira, 30 de abril, o evento \u201cCorumb\u00e1 em Dan\u00e7a\u201d, em celebra\u00e7\u00e3o ao Dia Internacional da Dan\u00e7a. A programa\u00e7\u00e3o acontece na Pra\u00e7a da Nova Corumb\u00e1, a partir das 18h30, e promete reunir a popula\u00e7\u00e3o em uma noite marcada pela valoriza\u00e7\u00e3o da cultura local.<\/p>\n<p data-start=\"322\" data-end=\"743\">O espet\u00e1culo ser\u00e1 um grande encontro entre diferentes express\u00f5es art\u00edsticas, evidenciando o talento dos dan\u00e7arinos corumbaenses e a diversidade de estilos que v\u00e3o do cl\u00e1ssico ao contempor\u00e2neo, passando tamb\u00e9m pelas manifesta\u00e7\u00f5es populares. Ao longo da noite, o p\u00fablico poder\u00e1 acompanhar mais de 30 apresenta\u00e7\u00f5es, com coreografias desenvolvidas por academias, companhias, projetos sociais e grupos independentes da cidade.<\/p>\n<p data-start=\"745\" data-end=\"1110\">Entre os destaques da programa\u00e7\u00e3o est\u00e3o coreografias como \u201cEstrela\u201d, \u201cFluxo\u201d, \u201cTempo\u201d e \u201cGirls Flow\u201d, desenvolvidas pelas oficinas de dan\u00e7a; apresenta\u00e7\u00f5es da Cia Infanto Juvenil do Moinho Cultural, com obras como \u201cRasgo\u201d e \u201cMirlitons\u201d; al\u00e9m de performances do Studio de Dan\u00e7a Ana Paula Hon\u00f3rio, Academia Patr\u00edcia Gonzalez, Grupo URBE, Femme Power e Royal Move Crew.<\/p>\n<p data-start=\"1112\" data-end=\"1448\">A Cia de Dan\u00e7a do Pantanal tamb\u00e9m marca presen\u00e7a com diversas coreografias, como \u201cTalism\u00e3\u201d, \u201cEcos do Invis\u00edvel\u201d e \u201cRito\u201d, refor\u00e7ando a qualidade t\u00e9cnica e art\u00edstica do cen\u00e1rio local. Projetos sociais como Cidade Dom Bosco \u2013 PCAF e CRIPAM \u2013 CAIJ tamb\u00e9m integram a programa\u00e7\u00e3o, ampliando o alcance cultural e a inclus\u00e3o por meio da dan\u00e7a.<\/p>\n<p data-start=\"1450\" data-end=\"1699\">Encerrando a noite, as tradicionais quadrilhas juninas \u2014 Raio de Luar, Estrela do Sert\u00e3o, Salesinos, Chama Caipira e Paix\u00e3o Pantaneira \u2014 levam ao p\u00fablico toda a energia e o colorido das festas populares, fortalecendo as ra\u00edzes culturais do Pantanal.<\/p>\n","protected":false},"excerpt":{"rendered":"<p>A Prefeitura de Corumb\u00e1, por meio da Funda\u00e7\u00e3o da Cultura, realiza nesta quinta-feira, 30 de&#8230;<\/p>\n","protected":false},"author":70,"featured_media":11781334,"comment_status":"closed","ping_status":"closed","sticky":false,"template":"","format":"standard","meta":{"footnotes":""},"categories":[7],"tags":[184],"class_list":["post-11781333","post","type-post","status-publish","format-standard","has-post-thumbnail","hentry","category-cultura","tag-cultura"],"_links":{"self":[{"href":"https:\/\/www.corumbaonline.com.br\/news\/wp-json\/wp\/v2\/posts\/11781333","targetHints":{"allow":["GET"]}}],"collection":[{"href":"https:\/\/www.corumbaonline.com.br\/news\/wp-json\/wp\/v2\/posts"}],"about":[{"href":"https:\/\/www.corumbaonline.com.br\/news\/wp-json\/wp\/v2\/types\/post"}],"author":[{"embeddable":true,"href":"https:\/\/www.corumbaonline.com.br\/news\/wp-json\/wp\/v2\/users\/70"}],"replies":[{"embeddable":true,"href":"https:\/\/www.corumbaonline.com.br\/news\/wp-json\/wp\/v2\/comments?post=11781333"}],"version-history":[{"count":1,"href":"https:\/\/www.corumbaonline.com.br\/news\/wp-json\/wp\/v2\/posts\/11781333\/revisions"}],"predecessor-version":[{"id":11781335,"href":"https:\/\/www.corumbaonline.com.br\/news\/wp-json\/wp\/v2\/posts\/11781333\/revisions\/11781335"}],"wp:featuredmedia":[{"embeddable":true,"href":"https:\/\/www.corumbaonline.com.br\/news\/wp-json\/wp\/v2\/media\/11781334"}],"wp:attachment":[{"href":"https:\/\/www.corumbaonline.com.br\/news\/wp-json\/wp\/v2\/media?parent=11781333"}],"wp:term":[{"taxonomy":"category","embeddable":true,"href":"https:\/\/www.corumbaonline.com.br\/news\/wp-json\/wp\/v2\/categories?post=11781333"},{"taxonomy":"post_tag","embeddable":true,"href":"https:\/\/www.corumbaonline.com.br\/news\/wp-json\/wp\/v2\/tags?post=11781333"}],"curies":[{"name":"wp","href":"https:\/\/api.w.org\/{rel}","templated":true}]}}