{"id":11781343,"date":"2026-04-30T13:20:00","date_gmt":"2026-04-30T17:20:00","guid":{"rendered":"https:\/\/www.corumbaonline.com.br\/news\/?p=11781343"},"modified":"2026-04-30T15:39:41","modified_gmt":"2026-04-30T19:39:41","slug":"governo-de-ms-autoriza-promocoes-e-ampliacao-de-vagas-em-cursos-para-forcas-de-seguranca","status":"publish","type":"post","link":"https:\/\/www.corumbaonline.com.br\/news\/governo-de-ms-autoriza-promocoes-e-ampliacao-de-vagas-em-cursos-para-forcas-de-seguranca\/","title":{"rendered":"Governo de MS autoriza promo\u00e7\u00f5es e amplia\u00e7\u00e3o de vagas em cursos para for\u00e7as de seguran\u00e7a"},"content":{"rendered":"<p>Para valorizar e fortalecer a seguran\u00e7a p\u00fablica do Estado, o governador Eduardo Riedel se reuniu nesta quinta-feira (30) com representantes e comandantes da Pol\u00edcia Militar e Corpo de Bombeiros. Durante o encontro autorizou a retomada e regulariza\u00e7\u00e3o das promo\u00e7\u00f5es de ambas as institui\u00e7\u00f5es, assim como a amplia\u00e7\u00e3o de vagas em cursos e concursos das corpora\u00e7\u00f5es.<\/p>\n<p>\u201cIsto \u00e9 um fruto do trabalho de todos n\u00f3s. S\u00f3 refor\u00e7a e confirma o bom ambiente que temos em Mato Grosso do Sul, em que temos que fortalecer e equipar as for\u00e7as de seguran\u00e7a do Estado. Neste contexto est\u00e1 a renova\u00e7\u00e3o de frota, aquisi\u00e7\u00e3o de equipamentos e principalmente a valoriza\u00e7\u00e3o das pessoas. Todos olhando para o mesmo objetivo\u201d, afirmou o governador.<\/p>\n<div id=\"gallery-1\" class=\"gallery galleryid-540188 gallery-columns-2 gallery-size-large\">\n<figure class=\"gallery-item\">\n<div class=\"gallery-icon landscape\"><a href=\"https:\/\/agenciadenoticias.ms.gov.br\/reuniao-do-governador-com-a-pm-e-bm-foto-alvaro-rezende-06\/\"><img loading=\"lazy\" decoding=\"async\" class=\"attachment-large size-large\" src=\"https:\/\/agenciadenoticias.ms.gov.br\/wp-content\/uploads\/2026\/04\/Reuniao-do-Governador-com-a-PM-e-BM-Foto-Alvaro-Rezende-06-1024x683.jpg\" sizes=\"auto, (max-width: 1024px) 100vw, 1024px\" srcset=\"https:\/\/agenciadenoticias.ms.gov.br\/wp-content\/uploads\/2026\/04\/Reuniao-do-Governador-com-a-PM-e-BM-Foto-Alvaro-Rezende-06-1024x683.jpg 1024w, https:\/\/agenciadenoticias.ms.gov.br\/wp-content\/uploads\/2026\/04\/Reuniao-do-Governador-com-a-PM-e-BM-Foto-Alvaro-Rezende-06-300x200.jpg 300w, https:\/\/agenciadenoticias.ms.gov.br\/wp-content\/uploads\/2026\/04\/Reuniao-do-Governador-com-a-PM-e-BM-Foto-Alvaro-Rezende-06-768x512.jpg 768w, https:\/\/agenciadenoticias.ms.gov.br\/wp-content\/uploads\/2026\/04\/Reuniao-do-Governador-com-a-PM-e-BM-Foto-Alvaro-Rezende-06-1536x1024.jpg 1536w, https:\/\/agenciadenoticias.ms.gov.br\/wp-content\/uploads\/2026\/04\/Reuniao-do-Governador-com-a-PM-e-BM-Foto-Alvaro-Rezende-06-2048x1366.jpg 2048w, https:\/\/agenciadenoticias.ms.gov.br\/wp-content\/uploads\/2026\/04\/Reuniao-do-Governador-com-a-PM-e-BM-Foto-Alvaro-Rezende-06-350x232.jpg 350w, https:\/\/agenciadenoticias.ms.gov.br\/wp-content\/uploads\/2026\/04\/Reuniao-do-Governador-com-a-PM-e-BM-Foto-Alvaro-Rezende-06-scaled.jpg 1920w\" alt=\"\" width=\"1024\" height=\"683\" \/><\/a><\/div>\n<\/figure>\n<figure class=\"gallery-item\">\n<div class=\"gallery-icon landscape\"><a href=\"https:\/\/agenciadenoticias.ms.gov.br\/reuniao-do-governador-com-a-pm-e-bm-foto-alvaro-rezende-10\/\"><img loading=\"lazy\" decoding=\"async\" class=\"attachment-large size-large\" src=\"https:\/\/agenciadenoticias.ms.gov.br\/wp-content\/uploads\/2026\/04\/Reuniao-do-Governador-com-a-PM-e-BM-Foto-Alvaro-Rezende-10-1024x683.jpg\" sizes=\"auto, (max-width: 1024px) 100vw, 1024px\" srcset=\"https:\/\/agenciadenoticias.ms.gov.br\/wp-content\/uploads\/2026\/04\/Reuniao-do-Governador-com-a-PM-e-BM-Foto-Alvaro-Rezende-10-1024x683.jpg 1024w, https:\/\/agenciadenoticias.ms.gov.br\/wp-content\/uploads\/2026\/04\/Reuniao-do-Governador-com-a-PM-e-BM-Foto-Alvaro-Rezende-10-300x200.jpg 300w, https:\/\/agenciadenoticias.ms.gov.br\/wp-content\/uploads\/2026\/04\/Reuniao-do-Governador-com-a-PM-e-BM-Foto-Alvaro-Rezende-10-768x512.jpg 768w, https:\/\/agenciadenoticias.ms.gov.br\/wp-content\/uploads\/2026\/04\/Reuniao-do-Governador-com-a-PM-e-BM-Foto-Alvaro-Rezende-10-1536x1024.jpg 1536w, https:\/\/agenciadenoticias.ms.gov.br\/wp-content\/uploads\/2026\/04\/Reuniao-do-Governador-com-a-PM-e-BM-Foto-Alvaro-Rezende-10-2048x1365.jpg 2048w, https:\/\/agenciadenoticias.ms.gov.br\/wp-content\/uploads\/2026\/04\/Reuniao-do-Governador-com-a-PM-e-BM-Foto-Alvaro-Rezende-10-350x232.jpg 350w, https:\/\/agenciadenoticias.ms.gov.br\/wp-content\/uploads\/2026\/04\/Reuniao-do-Governador-com-a-PM-e-BM-Foto-Alvaro-Rezende-10-scaled.jpg 1920w\" alt=\"\" width=\"1024\" height=\"683\" \/><\/a><\/div>\n<\/figure>\n<\/div>\n<p>Para o secret\u00e1rio de Justi\u00e7a e Seguran\u00e7a P\u00fablica, Ant\u00f4nio Carlos Videira, hoje \u00e9 um dia importante para seguran\u00e7a do Estado, j\u00e1 que s\u00e3o decis\u00f5es aguardadas pelas institui\u00e7\u00f5es.<\/p>\n<p>\u201cAl\u00e9m da retomada das promo\u00e7\u00f5es, e dos cursos necess\u00e1rios para efetiva\u00e7\u00e3o (promo\u00e7\u00f5es) tanto da PM, como do Corpo de Bombeiros, tamb\u00e9m foi autorizado a amplia\u00e7\u00e3o para concursos de oficiais, vagas para cursos de sargento e cabos. Isso \u00e9 fundamental para manter nossa tropa motivada, sempre pronta para realizar o servi\u00e7o, produzindo os resultados que a nossa popula\u00e7\u00e3o exige e merece\u201d.<\/p>\n<div id=\"gallery-2\" class=\"gallery galleryid-540188 gallery-columns-2 gallery-size-large\">\n<figure class=\"gallery-item\">\n<div class=\"gallery-icon landscape\"><a href=\"https:\/\/agenciadenoticias.ms.gov.br\/reuniao-do-governador-com-a-pm-e-bm-foto-alvaro-rezende-17\/\"><img loading=\"lazy\" decoding=\"async\" class=\"attachment-large size-large\" src=\"https:\/\/agenciadenoticias.ms.gov.br\/wp-content\/uploads\/2026\/04\/Reuniao-do-Governador-com-a-PM-e-BM-Foto-Alvaro-Rezende-17-1024x683.jpg\" sizes=\"auto, (max-width: 1024px) 100vw, 1024px\" srcset=\"https:\/\/agenciadenoticias.ms.gov.br\/wp-content\/uploads\/2026\/04\/Reuniao-do-Governador-com-a-PM-e-BM-Foto-Alvaro-Rezende-17-1024x683.jpg 1024w, https:\/\/agenciadenoticias.ms.gov.br\/wp-content\/uploads\/2026\/04\/Reuniao-do-Governador-com-a-PM-e-BM-Foto-Alvaro-Rezende-17-300x200.jpg 300w, https:\/\/agenciadenoticias.ms.gov.br\/wp-content\/uploads\/2026\/04\/Reuniao-do-Governador-com-a-PM-e-BM-Foto-Alvaro-Rezende-17-768x512.jpg 768w, https:\/\/agenciadenoticias.ms.gov.br\/wp-content\/uploads\/2026\/04\/Reuniao-do-Governador-com-a-PM-e-BM-Foto-Alvaro-Rezende-17-1536x1024.jpg 1536w, https:\/\/agenciadenoticias.ms.gov.br\/wp-content\/uploads\/2026\/04\/Reuniao-do-Governador-com-a-PM-e-BM-Foto-Alvaro-Rezende-17-2048x1365.jpg 2048w, https:\/\/agenciadenoticias.ms.gov.br\/wp-content\/uploads\/2026\/04\/Reuniao-do-Governador-com-a-PM-e-BM-Foto-Alvaro-Rezende-17-350x232.jpg 350w, https:\/\/agenciadenoticias.ms.gov.br\/wp-content\/uploads\/2026\/04\/Reuniao-do-Governador-com-a-PM-e-BM-Foto-Alvaro-Rezende-17-scaled.jpg 1920w\" alt=\"\" width=\"1024\" height=\"683\" aria-describedby=\"gallery-2-540204\" \/><\/a><\/div><figcaption id=\"gallery-2-540204\" class=\"wp-caption-text gallery-caption\">Secret\u00e1rio Ant\u00f4nio Carlos Videira<\/figcaption><\/figure>\n<figure class=\"gallery-item\">\n<div class=\"gallery-icon landscape\"><a href=\"https:\/\/agenciadenoticias.ms.gov.br\/reuniao-do-governador-com-a-pm-e-bm-foto-alvaro-rezende-14\/\"><img loading=\"lazy\" decoding=\"async\" class=\"attachment-large size-large\" src=\"https:\/\/agenciadenoticias.ms.gov.br\/wp-content\/uploads\/2026\/04\/Reuniao-do-Governador-com-a-PM-e-BM-Foto-Alvaro-Rezende-14-1024x683.jpg\" sizes=\"auto, (max-width: 1024px) 100vw, 1024px\" srcset=\"https:\/\/agenciadenoticias.ms.gov.br\/wp-content\/uploads\/2026\/04\/Reuniao-do-Governador-com-a-PM-e-BM-Foto-Alvaro-Rezende-14-1024x683.jpg 1024w, https:\/\/agenciadenoticias.ms.gov.br\/wp-content\/uploads\/2026\/04\/Reuniao-do-Governador-com-a-PM-e-BM-Foto-Alvaro-Rezende-14-300x200.jpg 300w, https:\/\/agenciadenoticias.ms.gov.br\/wp-content\/uploads\/2026\/04\/Reuniao-do-Governador-com-a-PM-e-BM-Foto-Alvaro-Rezende-14-768x512.jpg 768w, https:\/\/agenciadenoticias.ms.gov.br\/wp-content\/uploads\/2026\/04\/Reuniao-do-Governador-com-a-PM-e-BM-Foto-Alvaro-Rezende-14-1536x1024.jpg 1536w, https:\/\/agenciadenoticias.ms.gov.br\/wp-content\/uploads\/2026\/04\/Reuniao-do-Governador-com-a-PM-e-BM-Foto-Alvaro-Rezende-14-2048x1365.jpg 2048w, https:\/\/agenciadenoticias.ms.gov.br\/wp-content\/uploads\/2026\/04\/Reuniao-do-Governador-com-a-PM-e-BM-Foto-Alvaro-Rezende-14-350x232.jpg 350w, https:\/\/agenciadenoticias.ms.gov.br\/wp-content\/uploads\/2026\/04\/Reuniao-do-Governador-com-a-PM-e-BM-Foto-Alvaro-Rezende-14-scaled.jpg 1920w\" alt=\"\" width=\"1024\" height=\"683\" aria-describedby=\"gallery-2-540201\" \/><\/a><\/div><figcaption id=\"gallery-2-540201\" class=\"wp-caption-text gallery-caption\">Secret\u00e1rio Roberto Gurgel<\/figcaption><\/figure>\n<\/div>\n<p>O secret\u00e1rio estadual de Administra\u00e7\u00e3o, Roberto Gurgel, explicou que ser\u00e3o colocadas em pr\u00e1tica cinco promo\u00e7\u00f5es neste ano. \u201cFizemos um calend\u00e1rio de promo\u00e7\u00f5es referente ao ano base de 2025, que s\u00e3o quatro que vamos regularizar. E temos a primeira promo\u00e7\u00e3o referente a abril de 2026\u201d.<\/p>\n<p>Tamb\u00e9m destacou os cursos que ser\u00e3o realizados para as duas institui\u00e7\u00f5es, que v\u00e3o contar com amplia\u00e7\u00e3o de vagas. \u201cAgora falta apenas estipular o quantitativo. Vamos fazer um estudo para fechar estas vagas (amplia\u00e7\u00e3o) at\u00e9 sexta-feira que vem. S\u00e3o cursos de forma\u00e7\u00e3o, curso superior de pol\u00edcia, curso habilita\u00e7\u00e3o de oficiais e forma\u00e7\u00e3o de sargento\u201d.<\/p>\n<div id=\"gallery-3\" class=\"gallery galleryid-540188 gallery-columns-2 gallery-size-large\">\n<figure class=\"gallery-item\">\n<div class=\"gallery-icon landscape\"><a href=\"https:\/\/agenciadenoticias.ms.gov.br\/reuniao-do-governador-com-a-pm-e-bm-foto-alvaro-rezende-15\/\"><img loading=\"lazy\" decoding=\"async\" class=\"attachment-large size-large\" src=\"https:\/\/agenciadenoticias.ms.gov.br\/wp-content\/uploads\/2026\/04\/Reuniao-do-Governador-com-a-PM-e-BM-Foto-Alvaro-Rezende-15-1024x683.jpg\" sizes=\"auto, (max-width: 1024px) 100vw, 1024px\" srcset=\"https:\/\/agenciadenoticias.ms.gov.br\/wp-content\/uploads\/2026\/04\/Reuniao-do-Governador-com-a-PM-e-BM-Foto-Alvaro-Rezende-15-1024x683.jpg 1024w, https:\/\/agenciadenoticias.ms.gov.br\/wp-content\/uploads\/2026\/04\/Reuniao-do-Governador-com-a-PM-e-BM-Foto-Alvaro-Rezende-15-300x200.jpg 300w, https:\/\/agenciadenoticias.ms.gov.br\/wp-content\/uploads\/2026\/04\/Reuniao-do-Governador-com-a-PM-e-BM-Foto-Alvaro-Rezende-15-768x512.jpg 768w, https:\/\/agenciadenoticias.ms.gov.br\/wp-content\/uploads\/2026\/04\/Reuniao-do-Governador-com-a-PM-e-BM-Foto-Alvaro-Rezende-15-1536x1024.jpg 1536w, https:\/\/agenciadenoticias.ms.gov.br\/wp-content\/uploads\/2026\/04\/Reuniao-do-Governador-com-a-PM-e-BM-Foto-Alvaro-Rezende-15-2048x1365.jpg 2048w, https:\/\/agenciadenoticias.ms.gov.br\/wp-content\/uploads\/2026\/04\/Reuniao-do-Governador-com-a-PM-e-BM-Foto-Alvaro-Rezende-15-350x232.jpg 350w, https:\/\/agenciadenoticias.ms.gov.br\/wp-content\/uploads\/2026\/04\/Reuniao-do-Governador-com-a-PM-e-BM-Foto-Alvaro-Rezende-15-scaled.jpg 1920w\" alt=\"\" width=\"1024\" height=\"683\" aria-describedby=\"gallery-3-540202\" \/><\/a><\/div><figcaption id=\"gallery-3-540202\" class=\"wp-caption-text gallery-caption\">Comandante da PM, Renato Garnes<\/figcaption><\/figure>\n<figure class=\"gallery-item\">\n<div class=\"gallery-icon landscape\"><a href=\"https:\/\/agenciadenoticias.ms.gov.br\/reuniao-do-governador-com-a-pm-e-bm-foto-alvaro-rezende-16\/\"><img loading=\"lazy\" decoding=\"async\" class=\"attachment-large size-large\" src=\"https:\/\/agenciadenoticias.ms.gov.br\/wp-content\/uploads\/2026\/04\/Reuniao-do-Governador-com-a-PM-e-BM-Foto-Alvaro-Rezende-16-1024x683.jpg\" sizes=\"auto, (max-width: 1024px) 100vw, 1024px\" srcset=\"https:\/\/agenciadenoticias.ms.gov.br\/wp-content\/uploads\/2026\/04\/Reuniao-do-Governador-com-a-PM-e-BM-Foto-Alvaro-Rezende-16-1024x683.jpg 1024w, https:\/\/agenciadenoticias.ms.gov.br\/wp-content\/uploads\/2026\/04\/Reuniao-do-Governador-com-a-PM-e-BM-Foto-Alvaro-Rezende-16-300x200.jpg 300w, https:\/\/agenciadenoticias.ms.gov.br\/wp-content\/uploads\/2026\/04\/Reuniao-do-Governador-com-a-PM-e-BM-Foto-Alvaro-Rezende-16-768x512.jpg 768w, https:\/\/agenciadenoticias.ms.gov.br\/wp-content\/uploads\/2026\/04\/Reuniao-do-Governador-com-a-PM-e-BM-Foto-Alvaro-Rezende-16-1536x1024.jpg 1536w, https:\/\/agenciadenoticias.ms.gov.br\/wp-content\/uploads\/2026\/04\/Reuniao-do-Governador-com-a-PM-e-BM-Foto-Alvaro-Rezende-16-2048x1365.jpg 2048w, https:\/\/agenciadenoticias.ms.gov.br\/wp-content\/uploads\/2026\/04\/Reuniao-do-Governador-com-a-PM-e-BM-Foto-Alvaro-Rezende-16-350x232.jpg 350w, https:\/\/agenciadenoticias.ms.gov.br\/wp-content\/uploads\/2026\/04\/Reuniao-do-Governador-com-a-PM-e-BM-Foto-Alvaro-Rezende-16-scaled.jpg 1920w\" alt=\"\" width=\"1024\" height=\"683\" aria-describedby=\"gallery-3-540203\" \/><\/a><\/div><figcaption id=\"gallery-3-540203\" class=\"wp-caption-text gallery-caption\">Comandante do Corpo de Bombeiros, Frederico Salas<\/figcaption><\/figure>\n<\/div>\n<p><strong>Agenda positiva<\/strong><\/p>\n<p>Al\u00e9m dos representantes das categorias, os comandantes da Pol\u00edcia Militar e Corpo de Bombeiros tamb\u00e9m participaram da reuni\u00e3o. Eles descreveram o encontro como positivo, j\u00e1 que s\u00e3o demandas e benef\u00edcios que as corpora\u00e7\u00f5es desejavam e v\u00e3o ser atendidas pelo Estado.<\/p>\n<p>\u201cAvan\u00e7ou muito nas nossas demandas, o calend\u00e1rio de promo\u00e7\u00f5es que ser\u00e1 colocado em dia, bem como os cursos. Ou seja, uma agenda bem positiva. Nosso Governo do estado realmente fazendo a diferen\u00e7a para seguran\u00e7a p\u00fablica. Importante que n\u00f3s estamos avan\u00e7ando cada vez mais\u201d, descreveu o comandante-geral da PM, o coronel Renato dos Anjos Garnes.<\/p>\n<p>O comandante-geral do Corpo de Bombeiros, Frederico Salas, ressalta que esta decis\u00e3o do governador mostra a valoriza\u00e7\u00e3o dos homens e mulheres da corpora\u00e7\u00e3o. \u201cMostra a valoriza\u00e7\u00e3o dos nossos bombeiros militares no tocante \u00e0 progress\u00e3o na carreira. A tropa j\u00e1 estava com um n\u00famero (cursos) de forma\u00e7\u00f5es e o governo autorizou e falou que vai fazer amplia\u00e7\u00e3o\u201d.<\/p>\n<figure id=\"attachment_540200\" class=\"wp-caption aligncenter\" aria-describedby=\"caption-attachment-540200\"><a href=\"https:\/\/agenciadenoticias.ms.gov.br\/wp-content\/uploads\/2026\/04\/Reuniao-do-Governador-com-a-PM-e-BM-Foto-Alvaro-Rezende-13-scaled.jpg\"><img loading=\"lazy\" decoding=\"async\" class=\"wp-image-540200 size-large\" src=\"https:\/\/agenciadenoticias.ms.gov.br\/wp-content\/uploads\/2026\/04\/Reuniao-do-Governador-com-a-PM-e-BM-Foto-Alvaro-Rezende-13-1024x683.jpg\" sizes=\"auto, (max-width: 1024px) 100vw, 1024px\" srcset=\"https:\/\/agenciadenoticias.ms.gov.br\/wp-content\/uploads\/2026\/04\/Reuniao-do-Governador-com-a-PM-e-BM-Foto-Alvaro-Rezende-13-1024x683.jpg 1024w, https:\/\/agenciadenoticias.ms.gov.br\/wp-content\/uploads\/2026\/04\/Reuniao-do-Governador-com-a-PM-e-BM-Foto-Alvaro-Rezende-13-300x200.jpg 300w, https:\/\/agenciadenoticias.ms.gov.br\/wp-content\/uploads\/2026\/04\/Reuniao-do-Governador-com-a-PM-e-BM-Foto-Alvaro-Rezende-13-768x512.jpg 768w, https:\/\/agenciadenoticias.ms.gov.br\/wp-content\/uploads\/2026\/04\/Reuniao-do-Governador-com-a-PM-e-BM-Foto-Alvaro-Rezende-13-1536x1024.jpg 1536w, https:\/\/agenciadenoticias.ms.gov.br\/wp-content\/uploads\/2026\/04\/Reuniao-do-Governador-com-a-PM-e-BM-Foto-Alvaro-Rezende-13-2048x1365.jpg 2048w, https:\/\/agenciadenoticias.ms.gov.br\/wp-content\/uploads\/2026\/04\/Reuniao-do-Governador-com-a-PM-e-BM-Foto-Alvaro-Rezende-13-350x232.jpg 350w, https:\/\/agenciadenoticias.ms.gov.br\/wp-content\/uploads\/2026\/04\/Reuniao-do-Governador-com-a-PM-e-BM-Foto-Alvaro-Rezende-13-scaled.jpg 1920w\" alt=\"\" width=\"1024\" height=\"683\" \/><\/a><figcaption id=\"caption-attachment-540200\" class=\"wp-caption-text\"><em>Governador ao lado dos representantes e comandantes das for\u00e7as de seguran\u00e7a<\/em><\/figcaption><\/figure>\n","protected":false},"excerpt":{"rendered":"<p>Para valorizar e fortalecer a seguran\u00e7a p\u00fablica do Estado, o governador Eduardo Riedel se reuniu&#8230;<\/p>\n","protected":false},"author":13,"featured_media":11781345,"comment_status":"closed","ping_status":"closed","sticky":false,"template":"","format":"standard","meta":{"footnotes":""},"categories":[8,18],"tags":[249],"class_list":["post-11781343","post","type-post","status-publish","format-standard","has-post-thumbnail","hentry","category-destaque","category-seguranca","tag-seguranca"],"_links":{"self":[{"href":"https:\/\/www.corumbaonline.com.br\/news\/wp-json\/wp\/v2\/posts\/11781343","targetHints":{"allow":["GET"]}}],"collection":[{"href":"https:\/\/www.corumbaonline.com.br\/news\/wp-json\/wp\/v2\/posts"}],"about":[{"href":"https:\/\/www.corumbaonline.com.br\/news\/wp-json\/wp\/v2\/types\/post"}],"author":[{"embeddable":true,"href":"https:\/\/www.corumbaonline.com.br\/news\/wp-json\/wp\/v2\/users\/13"}],"replies":[{"embeddable":true,"href":"https:\/\/www.corumbaonline.com.br\/news\/wp-json\/wp\/v2\/comments?post=11781343"}],"version-history":[{"count":1,"href":"https:\/\/www.corumbaonline.com.br\/news\/wp-json\/wp\/v2\/posts\/11781343\/revisions"}],"predecessor-version":[{"id":11781346,"href":"https:\/\/www.corumbaonline.com.br\/news\/wp-json\/wp\/v2\/posts\/11781343\/revisions\/11781346"}],"wp:featuredmedia":[{"embeddable":true,"href":"https:\/\/www.corumbaonline.com.br\/news\/wp-json\/wp\/v2\/media\/11781345"}],"wp:attachment":[{"href":"https:\/\/www.corumbaonline.com.br\/news\/wp-json\/wp\/v2\/media?parent=11781343"}],"wp:term":[{"taxonomy":"category","embeddable":true,"href":"https:\/\/www.corumbaonline.com.br\/news\/wp-json\/wp\/v2\/categories?post=11781343"},{"taxonomy":"post_tag","embeddable":true,"href":"https:\/\/www.corumbaonline.com.br\/news\/wp-json\/wp\/v2\/tags?post=11781343"}],"curies":[{"name":"wp","href":"https:\/\/api.w.org\/{rel}","templated":true}]}}