{"id":11781353,"date":"2026-04-30T14:00:00","date_gmt":"2026-04-30T18:00:00","guid":{"rendered":"https:\/\/www.corumbaonline.com.br\/news\/?p=11781353"},"modified":"2026-04-30T16:11:41","modified_gmt":"2026-04-30T20:11:41","slug":"bira-pleiteia-poda-de-arvore-para-evitar-acidentes-e-problemas-na-rede-de-energia","status":"publish","type":"post","link":"https:\/\/www.corumbaonline.com.br\/news\/bira-pleiteia-poda-de-arvore-para-evitar-acidentes-e-problemas-na-rede-de-energia\/","title":{"rendered":"Bira pleiteia poda de arvore para evitar acidentes e problemas na rede de energia"},"content":{"rendered":"<p>O vereador Ubiratan Canhete de Campos Filho, Bira, presidente da C\u00e2mara, est\u00e1 solicitando \u00e0 diretora-presidente da Funda\u00e7\u00e3o de Meio Ambiente do Pantanal, Cristina de Arruda Ferreira Fleming, a realiza\u00e7\u00e3o de poda de \u00e1rvore localizada na Rua 21 de Setembro, esquina com a Joaquim Venceslau de Barros, uma medida necess\u00e1ria em car\u00e1ter preventivo, visando \u00e0 seguran\u00e7a da coletividade e \u00e0 adequada utiliza\u00e7\u00e3o da via.<\/p>\n<p>Informou que a \u00e1rvore tem crescido de forma excessiva, com galhos avan\u00e7ando sobre a via p\u00fablica e reduzindo a visibilidade no local, al\u00e9m da proximidade com a rede el\u00e9trica, configurando risco potencial de acidentes e interrup\u00e7\u00e3o de energia, especialmente em condi\u00e7\u00f5es clim\u00e1ticas adversas.<\/p>\n","protected":false},"excerpt":{"rendered":"<p>O vereador Ubiratan Canhete de Campos Filho, Bira, presidente da C\u00e2mara, est\u00e1 solicitando \u00e0 diretora-presidente&#8230;<\/p>\n","protected":false},"author":63,"featured_media":11781355,"comment_status":"closed","ping_status":"closed","sticky":false,"template":"","format":"standard","meta":{"footnotes":""},"categories":[19],"tags":[188],"class_list":["post-11781353","post","type-post","status-publish","format-standard","has-post-thumbnail","hentry","category-politica","tag-politica"],"_links":{"self":[{"href":"https:\/\/www.corumbaonline.com.br\/news\/wp-json\/wp\/v2\/posts\/11781353","targetHints":{"allow":["GET"]}}],"collection":[{"href":"https:\/\/www.corumbaonline.com.br\/news\/wp-json\/wp\/v2\/posts"}],"about":[{"href":"https:\/\/www.corumbaonline.com.br\/news\/wp-json\/wp\/v2\/types\/post"}],"author":[{"embeddable":true,"href":"https:\/\/www.corumbaonline.com.br\/news\/wp-json\/wp\/v2\/users\/63"}],"replies":[{"embeddable":true,"href":"https:\/\/www.corumbaonline.com.br\/news\/wp-json\/wp\/v2\/comments?post=11781353"}],"version-history":[{"count":1,"href":"https:\/\/www.corumbaonline.com.br\/news\/wp-json\/wp\/v2\/posts\/11781353\/revisions"}],"predecessor-version":[{"id":11781356,"href":"https:\/\/www.corumbaonline.com.br\/news\/wp-json\/wp\/v2\/posts\/11781353\/revisions\/11781356"}],"wp:featuredmedia":[{"embeddable":true,"href":"https:\/\/www.corumbaonline.com.br\/news\/wp-json\/wp\/v2\/media\/11781355"}],"wp:attachment":[{"href":"https:\/\/www.corumbaonline.com.br\/news\/wp-json\/wp\/v2\/media?parent=11781353"}],"wp:term":[{"taxonomy":"category","embeddable":true,"href":"https:\/\/www.corumbaonline.com.br\/news\/wp-json\/wp\/v2\/categories?post=11781353"},{"taxonomy":"post_tag","embeddable":true,"href":"https:\/\/www.corumbaonline.com.br\/news\/wp-json\/wp\/v2\/tags?post=11781353"}],"curies":[{"name":"wp","href":"https:\/\/api.w.org\/{rel}","templated":true}]}}