{"id":11781358,"date":"2026-04-30T14:20:00","date_gmt":"2026-04-30T18:20:00","guid":{"rendered":"https:\/\/www.corumbaonline.com.br\/news\/?p=11781358"},"modified":"2026-04-30T16:27:51","modified_gmt":"2026-04-30T20:27:51","slug":"rua-minas-gerais-volta-a-ter-mao-dupla-em-corumba-apos-mudanca-no-sistema-viario","status":"publish","type":"post","link":"https:\/\/www.corumbaonline.com.br\/news\/rua-minas-gerais-volta-a-ter-mao-dupla-em-corumba-apos-mudanca-no-sistema-viario\/","title":{"rendered":"Rua Minas Gerais volta a ter m\u00e3o dupla em Corumb\u00e1 ap\u00f3s mudan\u00e7a no sistema vi\u00e1rio"},"content":{"rendered":"<p>A Prefeitura Municipal de Corumb\u00e1, por meio da Ag\u00eancia Municipal de Tr\u00e2nsito e Transporte (AGETRAT), realizou a implanta\u00e7\u00e3o da nova sinaliza\u00e7\u00e3o vi\u00e1ria que restabeleceu o sistema de m\u00e3o dupla na Rua Minas Gerais, no bairro Cristo Redentor. A nova configura\u00e7\u00e3o do tr\u00e1fego passou a vigorar no dia 27 de abril.<\/p>\n<p>A medida representa a conclus\u00e3o de um processo de reavalia\u00e7\u00e3o motivado por manifesta\u00e7\u00f5es da comunidade, pedidos formais encaminhados por vereadores e avalia\u00e7\u00f5es t\u00e9cnicas realizadas pelo Munic\u00edpio. Desde a implanta\u00e7\u00e3o do sistema de m\u00e3o \u00fanica na Rua Minas Gerais, em conjunto com a Rua Paran\u00e1, em 12 de mar\u00e7o de 2024, moradores, comerciantes e condutores passaram a relatar dificuldades de circula\u00e7\u00e3o, acesso a im\u00f3veis e preocupa\u00e7\u00f5es com a seguran\u00e7a vi\u00e1ria.<\/p>\n<p>Ainda nos primeiros momentos ap\u00f3s a altera\u00e7\u00e3o, surgiram manifesta\u00e7\u00f5es contr\u00e1rias, especialmente nas redes sociais, com relatos de impactos no deslocamento e no acesso a resid\u00eancias e estabelecimentos. Com o passar do tempo, o tema ganhou maior relev\u00e2ncia diante da persist\u00eancia das demandas e da mobiliza\u00e7\u00e3o da comunidade pela revis\u00e3o da medida.<\/p>\n<p><strong>Pedidos na C\u00e2mara<\/strong><\/p>\n<p>Ao longo de 2025, a quest\u00e3o tamb\u00e9m foi levada formalmente ao Poder P\u00fablico por meio de requerimentos e indica\u00e7\u00f5es apresentados pelos vereadores Hesley Santana, Matheus Cazarin e Hanna Santana. Nos pedidos encaminhados, foram destacadas preocupa\u00e7\u00f5es com a fluidez do tr\u00e1fego, com o acesso de moradores e comerciantes e com os reflexos da altera\u00e7\u00e3o na seguran\u00e7a vi\u00e1ria local.<\/p>\n<p>Em uma dessas manifesta\u00e7\u00f5es, o vereador Hesley Santana registrou relatos de aumento de sinistros de tr\u00e2nsito ap\u00f3s a implanta\u00e7\u00e3o da m\u00e3o \u00fanica, gerando inseguran\u00e7a para pedestres, ciclistas e motoristas. J\u00e1 o vereador Matheus Cazarin apontou que a mudan\u00e7a provocou transtornos \u00e0 circula\u00e7\u00e3o, dificultando o acesso \u00e0s resid\u00eancias e aos empreendimentos da regi\u00e3o.<\/p>\n<p>Tamb\u00e9m em regime de urg\u00eancia, a vereadora Hanna Santana solicitou informa\u00e7\u00f5es detalhadas sobre as altera\u00e7\u00f5es vi\u00e1rias implantadas, incluindo questionamentos sobre custos, embasamento t\u00e9cnico e eventual consulta \u00e0 comunidade local. Paralelamente, promoveu a coleta de assinaturas junto aos moradores, constatando insatisfa\u00e7\u00e3o espec\u00edfica quanto \u00e0 m\u00e3o \u00fanica na Rua Minas Gerais, embora a manuten\u00e7\u00e3o do sentido \u00fanico na Rua Paran\u00e1 tenha apresentado maior aceita\u00e7\u00e3o.<\/p>\n<p>Esse contexto foi considerado nas avalia\u00e7\u00f5es promovidas pela administra\u00e7\u00e3o municipal. A regi\u00e3o, embora predominantemente residencial, passou a concentrar novos com\u00e9rcios e empreendimentos, o que alterou a din\u00e2mica de circula\u00e7\u00e3o e intensificou a necessidade de adequa\u00e7\u00e3o do sistema vi\u00e1rio \u00e0s condi\u00e7\u00f5es reais de uso.<\/p>\n<p>Com base nesse conjunto de fatores, e ap\u00f3s a realiza\u00e7\u00e3o de estudos t\u00e9cnicos, o Munic\u00edpio definiu pelo restabelecimento da circula\u00e7\u00e3o em m\u00e3o dupla na Rua Minas Gerais, em conformidade com as diretrizes do C\u00f3digo de Tr\u00e2nsito Brasileiro. A decis\u00e3o busca compatibilizar a organiza\u00e7\u00e3o do tr\u00e2nsito com as necessidades pr\u00e1ticas da comunidade, promovendo maior funcionalidade ao tr\u00e1fego local sem desconsiderar a seguran\u00e7a vi\u00e1ria.<\/p>\n<p><strong>Nova Sinaliza\u00e7\u00e3o Vi\u00e1ria<\/strong><\/p>\n<p>Junto com a mudan\u00e7a, a AGETRAT executou a revitaliza\u00e7\u00e3o completa da sinaliza\u00e7\u00e3o da via, com implanta\u00e7\u00e3o e reinstala\u00e7\u00e3o de placas, refor\u00e7o da sinaliza\u00e7\u00e3o horizontal e demais adequa\u00e7\u00f5es necess\u00e1rias para orientar condutores e pedestres.<\/p>\n<p>Para apoiar a transi\u00e7\u00e3o, tamb\u00e9m est\u00e3o sendo realizadas a\u00e7\u00f5es de educa\u00e7\u00e3o para o tr\u00e2nsito, voltadas \u00e0 orienta\u00e7\u00e3o dos condutores e da popula\u00e7\u00e3o local, especialmente neste per\u00edodo inicial de adapta\u00e7\u00e3o.<\/p>\n<p>A AGETRAT vem adotando procedimentos t\u00e9cnicos e consultivos para interven\u00e7\u00f5es no sistema vi\u00e1rio, incluindo a escuta da popula\u00e7\u00e3o como elemento relevante na an\u00e1lise de medidas com impacto na mobilidade urbana.<\/p>\n<p>Com a medida, a Prefeitura Municipal de Corumb\u00e1 reafirma o compromisso de conduzir as pol\u00edticas de tr\u00e2nsito com base em crit\u00e9rios t\u00e9cnicos, seguran\u00e7a vi\u00e1ria e di\u00e1logo com a popula\u00e7\u00e3o.<\/p>\n","protected":false},"excerpt":{"rendered":"<p>A Prefeitura Municipal de Corumb\u00e1, por meio da Ag\u00eancia Municipal de Tr\u00e2nsito e Transporte (AGETRAT),&#8230;<\/p>\n","protected":false},"author":70,"featured_media":11781359,"comment_status":"closed","ping_status":"closed","sticky":false,"template":"","format":"standard","meta":{"footnotes":""},"categories":[14],"tags":[],"class_list":["post-11781358","post","type-post","status-publish","format-standard","has-post-thumbnail","hentry","category-geral"],"_links":{"self":[{"href":"https:\/\/www.corumbaonline.com.br\/news\/wp-json\/wp\/v2\/posts\/11781358","targetHints":{"allow":["GET"]}}],"collection":[{"href":"https:\/\/www.corumbaonline.com.br\/news\/wp-json\/wp\/v2\/posts"}],"about":[{"href":"https:\/\/www.corumbaonline.com.br\/news\/wp-json\/wp\/v2\/types\/post"}],"author":[{"embeddable":true,"href":"https:\/\/www.corumbaonline.com.br\/news\/wp-json\/wp\/v2\/users\/70"}],"replies":[{"embeddable":true,"href":"https:\/\/www.corumbaonline.com.br\/news\/wp-json\/wp\/v2\/comments?post=11781358"}],"version-history":[{"count":1,"href":"https:\/\/www.corumbaonline.com.br\/news\/wp-json\/wp\/v2\/posts\/11781358\/revisions"}],"predecessor-version":[{"id":11781360,"href":"https:\/\/www.corumbaonline.com.br\/news\/wp-json\/wp\/v2\/posts\/11781358\/revisions\/11781360"}],"wp:featuredmedia":[{"embeddable":true,"href":"https:\/\/www.corumbaonline.com.br\/news\/wp-json\/wp\/v2\/media\/11781359"}],"wp:attachment":[{"href":"https:\/\/www.corumbaonline.com.br\/news\/wp-json\/wp\/v2\/media?parent=11781358"}],"wp:term":[{"taxonomy":"category","embeddable":true,"href":"https:\/\/www.corumbaonline.com.br\/news\/wp-json\/wp\/v2\/categories?post=11781358"},{"taxonomy":"post_tag","embeddable":true,"href":"https:\/\/www.corumbaonline.com.br\/news\/wp-json\/wp\/v2\/tags?post=11781358"}],"curies":[{"name":"wp","href":"https:\/\/api.w.org\/{rel}","templated":true}]}}