{"id":11781408,"date":"2026-05-03T08:30:00","date_gmt":"2026-05-03T12:30:00","guid":{"rendered":"https:\/\/www.corumbaonline.com.br\/news\/?p=11781408"},"modified":"2026-05-03T09:17:19","modified_gmt":"2026-05-03T13:17:19","slug":"caracol-celebrou-61-anos-com-entregas-de-casas-lancamentos-de-obras-e-agenda-cultural","status":"publish","type":"post","link":"https:\/\/www.corumbaonline.com.br\/news\/caracol-celebrou-61-anos-com-entregas-de-casas-lancamentos-de-obras-e-agenda-cultural\/","title":{"rendered":"Caracol celebrou 61 anos com entregas de casas, lan\u00e7amentos de obras e agenda cultural"},"content":{"rendered":"<p>O munic\u00edpio de Caracol celebrou seus 61 anos de emancipa\u00e7\u00e3o pol\u00edtica e administrativa, por meio de uma programa\u00e7\u00e3o especial, que se estende at\u00e9 amanh\u00e3. Neste s\u00e1bado (2), a agenda contou com a participa\u00e7\u00e3o do governador Eduardo Riedel, que esteve no munic\u00edpio para a entrega e o lan\u00e7amento de obras nas \u00e1reas de educa\u00e7\u00e3o, esporte, saneamento, habita\u00e7\u00e3o, al\u00e9m de interven\u00e7\u00f5es municipais.<\/p>\n<p>O governador Eduardo Riedel destacou a rela\u00e7\u00e3o hist\u00f3rica com o munic\u00edpio e a transforma\u00e7\u00e3o vivida ao longo das \u00faltimas d\u00e9cadas, refor\u00e7ando o compromisso do Estado com o desenvolvimento regional.<\/p>\n<p>\u201cH\u00e1 mais de 30 anos, conheci a cidade pelas m\u00e3os do Varanda, e hoje volto para ver de perto essa transforma\u00e7\u00e3o. \u00c9 um sentimento de saudade, mas tamb\u00e9m de orgulho ao ver o trabalho que vem sendo conduzido com tanta dedica\u00e7\u00e3o.\u201d<\/p>\n<p>Ao abordar os investimentos realizados, Riedel destacou avan\u00e7os estruturais importantes, especialmente nas \u00e1reas de saneamento, infraestrutura urbana e habita\u00e7\u00e3o.<\/p>\n<p>\u201cCaracol alcan\u00e7ou 99% de cobertura de esgoto e agora avan\u00e7amos com novos investimentos para ampliar a capacidade de tratamento. A cidade tamb\u00e9m atingiu praticamente 100% de pavimenta\u00e7\u00e3o e ilumina\u00e7\u00e3o, e segue avan\u00e7ando em qualidade de vida para a popula\u00e7\u00e3o.\u201d<\/p>\n<div id=\"gallery-1\" class=\"gallery galleryid-540403 gallery-columns-4 gallery-size-thumbnail\">\n<figure class=\"gallery-item\">\n<div class=\"gallery-icon landscape\"><a href=\"https:\/\/agenciadenoticias.ms.gov.br\/wp-content\/uploads\/2026\/05\/Riedel-em-Caracol-Foto-Bruno-Rezende-Secom-2.jpeg\"><img loading=\"lazy\" decoding=\"async\" class=\"attachment-thumbnail size-thumbnail\" src=\"https:\/\/agenciadenoticias.ms.gov.br\/wp-content\/uploads\/2026\/05\/Riedel-em-Caracol-Foto-Bruno-Rezende-Secom-2-150x150.jpeg\" alt=\"\" width=\"150\" height=\"150\" \/><\/a><\/div>\n<\/figure>\n<figure class=\"gallery-item\">\n<div class=\"gallery-icon landscape\"><a href=\"https:\/\/agenciadenoticias.ms.gov.br\/wp-content\/uploads\/2026\/05\/Riedel-em-Caracol-Foto-Bruno-Rezende-Secom-29.jpeg\"><img loading=\"lazy\" decoding=\"async\" class=\"attachment-thumbnail size-thumbnail\" src=\"https:\/\/agenciadenoticias.ms.gov.br\/wp-content\/uploads\/2026\/05\/Riedel-em-Caracol-Foto-Bruno-Rezende-Secom-29-150x150.jpeg\" alt=\"\" width=\"150\" height=\"150\" \/><\/a><\/div>\n<\/figure>\n<figure class=\"gallery-item\">\n<div class=\"gallery-icon landscape\"><a href=\"https:\/\/agenciadenoticias.ms.gov.br\/wp-content\/uploads\/2026\/05\/Riedel-em-Caracol-Foto-Bruno-Rezende-Secom-13.jpeg\"><img loading=\"lazy\" decoding=\"async\" class=\"attachment-thumbnail size-thumbnail\" src=\"https:\/\/agenciadenoticias.ms.gov.br\/wp-content\/uploads\/2026\/05\/Riedel-em-Caracol-Foto-Bruno-Rezende-Secom-13-150x150.jpeg\" alt=\"\" width=\"150\" height=\"150\" \/><\/a><\/div>\n<\/figure>\n<figure class=\"gallery-item\">\n<div class=\"gallery-icon landscape\"><a href=\"https:\/\/agenciadenoticias.ms.gov.br\/wp-content\/uploads\/2026\/05\/Riedel-em-Caracol-Foto-Bruno-Rezende-Secom-30.jpeg\"><img loading=\"lazy\" decoding=\"async\" class=\"attachment-thumbnail size-thumbnail\" src=\"https:\/\/agenciadenoticias.ms.gov.br\/wp-content\/uploads\/2026\/05\/Riedel-em-Caracol-Foto-Bruno-Rezende-Secom-30-150x150.jpeg\" alt=\"\" width=\"150\" height=\"150\" \/><\/a><\/div>\n<\/figure>\n<figure class=\"gallery-item\">\n<div class=\"gallery-icon landscape\"><a href=\"https:\/\/agenciadenoticias.ms.gov.br\/wp-content\/uploads\/2026\/05\/Riedel-em-Caracol-Foto-Bruno-Rezende-Secom-6.jpeg\"><img loading=\"lazy\" decoding=\"async\" class=\"attachment-thumbnail size-thumbnail\" src=\"https:\/\/agenciadenoticias.ms.gov.br\/wp-content\/uploads\/2026\/05\/Riedel-em-Caracol-Foto-Bruno-Rezende-Secom-6-150x150.jpeg\" alt=\"\" width=\"150\" height=\"150\" \/><\/a><\/div>\n<\/figure>\n<figure class=\"gallery-item\">\n<div class=\"gallery-icon landscape\"><a href=\"https:\/\/agenciadenoticias.ms.gov.br\/wp-content\/uploads\/2026\/05\/Riedel-em-Caracol-Foto-Bruno-Rezende-Secom-27.jpeg\"><img loading=\"lazy\" decoding=\"async\" class=\"attachment-thumbnail size-thumbnail\" src=\"https:\/\/agenciadenoticias.ms.gov.br\/wp-content\/uploads\/2026\/05\/Riedel-em-Caracol-Foto-Bruno-Rezende-Secom-27-150x150.jpeg\" alt=\"\" width=\"150\" height=\"150\" \/><\/a><\/div>\n<\/figure>\n<figure class=\"gallery-item\">\n<div class=\"gallery-icon landscape\"><a href=\"https:\/\/agenciadenoticias.ms.gov.br\/wp-content\/uploads\/2026\/05\/Riedel-em-Caracol-Foto-Bruno-Rezende-Secom-34.jpeg\"><img loading=\"lazy\" decoding=\"async\" class=\"attachment-thumbnail size-thumbnail\" src=\"https:\/\/agenciadenoticias.ms.gov.br\/wp-content\/uploads\/2026\/05\/Riedel-em-Caracol-Foto-Bruno-Rezende-Secom-34-150x150.jpeg\" alt=\"\" width=\"150\" height=\"150\" \/><\/a><\/div>\n<\/figure>\n<figure class=\"gallery-item\">\n<div class=\"gallery-icon landscape\"><a href=\"https:\/\/agenciadenoticias.ms.gov.br\/wp-content\/uploads\/2026\/05\/Riedel-em-Caracol-Foto-Bruno-Rezende-Secom-3.jpeg\"><img loading=\"lazy\" decoding=\"async\" class=\"attachment-thumbnail size-thumbnail\" src=\"https:\/\/agenciadenoticias.ms.gov.br\/wp-content\/uploads\/2026\/05\/Riedel-em-Caracol-Foto-Bruno-Rezende-Secom-3-150x150.jpeg\" alt=\"\" width=\"150\" height=\"150\" \/><\/a><\/div>\n<\/figure>\n<\/div>\n<p>Acompanhado do vice-governador Jos\u00e9 Carlos Barbosa (Barbosinha), Riedel deu in\u00edcio a agenda com a supervis\u00e3o da constru\u00e7\u00e3o de 50 unidades habitacionais no Loteamento Antonito Jarson. O projeto tornou-se vi\u00e1vel ap\u00f3s a aquisi\u00e7\u00e3o do terreno pela prefeitura, que tamb\u00e9m aportou R$ 1,8 milh\u00e3o, somada \u00e0 parceria com o Governo do Estado, por meio da Agehab, com repasse de R$ 2,7 milh\u00f5es.<\/p>\n<p>O governador apontou a entrega habitacional como uma das a\u00e7\u00f5es mais simb\u00f3licas.<\/p>\n<p>\u201cTalvez o momento mais significativo seja a entrega das 50 casas e a autoriza\u00e7\u00e3o para mais 50 unidades. Quando olhamos para as fam\u00edlias beneficiadas, entendemos o impacto real dessas pol\u00edticas p\u00fablicas. \u00c9 dignidade, \u00e9 seguran\u00e7a e \u00e9 a constru\u00e7\u00e3o de um futuro melhor para quem mais precisa\u201d, assinalou.<\/p>\n<p>Considerado o maior projeto habitacional da hist\u00f3ria do munic\u00edpio, o empreendimento teve como principal objetivo reduzir o d\u00e9ficit habitacional e proporcionar moradias de qualidade para a popula\u00e7\u00e3o.<\/p>\n<p>O prefeito de Caracol, Carlos Humberto Pagliosa, destacou o momento de celebra\u00e7\u00e3o vivido pelo munic\u00edpio e a import\u00e2ncia das pol\u00edticas p\u00fablicas voltadas \u00e0 popula\u00e7\u00e3o.<\/p>\n<p>\u201cHoje entregamos moradia para 50 fam\u00edlias. Muitas delas s\u00e3o chefiadas por m\u00e3es, que agora passam a ter dignidade e seguran\u00e7a. \u00c9 um momento que emociona, porque sabemos o quanto isso representa na vida de cada um.\u201d<\/p>\n<div id=\"gallery-2\" class=\"gallery galleryid-540403 gallery-columns-4 gallery-size-thumbnail\">\n<figure class=\"gallery-item\">\n<div class=\"gallery-icon landscape\"><a href=\"https:\/\/agenciadenoticias.ms.gov.br\/wp-content\/uploads\/2026\/05\/Riedel-em-Caracol-Foto-Bruno-Rezende-Secom-22.jpeg\"><img loading=\"lazy\" decoding=\"async\" class=\"attachment-thumbnail size-thumbnail\" src=\"https:\/\/agenciadenoticias.ms.gov.br\/wp-content\/uploads\/2026\/05\/Riedel-em-Caracol-Foto-Bruno-Rezende-Secom-22-150x150.jpeg\" alt=\"\" width=\"150\" height=\"150\" \/><\/a><\/div>\n<\/figure>\n<figure class=\"gallery-item\">\n<div class=\"gallery-icon landscape\"><a href=\"https:\/\/agenciadenoticias.ms.gov.br\/wp-content\/uploads\/2026\/05\/Riedel-em-Caracol-Foto-Bruno-Rezende-Secom-32.jpeg\"><img loading=\"lazy\" decoding=\"async\" class=\"attachment-thumbnail size-thumbnail\" src=\"https:\/\/agenciadenoticias.ms.gov.br\/wp-content\/uploads\/2026\/05\/Riedel-em-Caracol-Foto-Bruno-Rezende-Secom-32-150x150.jpeg\" alt=\"\" width=\"150\" height=\"150\" \/><\/a><\/div>\n<\/figure>\n<figure class=\"gallery-item\">\n<div class=\"gallery-icon landscape\"><a href=\"https:\/\/agenciadenoticias.ms.gov.br\/wp-content\/uploads\/2026\/05\/Riedel-em-Caracol-Foto-Bruno-Rezende-Secom-23.jpeg\"><img loading=\"lazy\" decoding=\"async\" class=\"attachment-thumbnail size-thumbnail\" src=\"https:\/\/agenciadenoticias.ms.gov.br\/wp-content\/uploads\/2026\/05\/Riedel-em-Caracol-Foto-Bruno-Rezende-Secom-23-150x150.jpeg\" alt=\"\" width=\"150\" height=\"150\" \/><\/a><\/div>\n<\/figure>\n<figure class=\"gallery-item\">\n<div class=\"gallery-icon landscape\"><a href=\"https:\/\/agenciadenoticias.ms.gov.br\/wp-content\/uploads\/2026\/05\/Riedel-em-Caracol-Foto-Bruno-Rezende-Secom-26.jpeg\"><img loading=\"lazy\" decoding=\"async\" class=\"attachment-thumbnail size-thumbnail\" src=\"https:\/\/agenciadenoticias.ms.gov.br\/wp-content\/uploads\/2026\/05\/Riedel-em-Caracol-Foto-Bruno-Rezende-Secom-26-150x150.jpeg\" alt=\"\" width=\"150\" height=\"150\" \/><\/a><\/div>\n<\/figure>\n<figure class=\"gallery-item\">\n<div class=\"gallery-icon landscape\"><a href=\"https:\/\/agenciadenoticias.ms.gov.br\/wp-content\/uploads\/2026\/05\/Riedel-em-Caracol-Foto-Bruno-Rezende-Secom-21.jpeg\"><img loading=\"lazy\" decoding=\"async\" class=\"attachment-thumbnail size-thumbnail\" src=\"https:\/\/agenciadenoticias.ms.gov.br\/wp-content\/uploads\/2026\/05\/Riedel-em-Caracol-Foto-Bruno-Rezende-Secom-21-150x150.jpeg\" alt=\"\" width=\"150\" height=\"150\" \/><\/a><\/div>\n<\/figure>\n<figure class=\"gallery-item\">\n<div class=\"gallery-icon landscape\"><a href=\"https:\/\/agenciadenoticias.ms.gov.br\/wp-content\/uploads\/2026\/05\/Riedel-em-Caracol-Foto-Bruno-Rezende-Secom-20.jpeg\"><img loading=\"lazy\" decoding=\"async\" class=\"attachment-thumbnail size-thumbnail\" src=\"https:\/\/agenciadenoticias.ms.gov.br\/wp-content\/uploads\/2026\/05\/Riedel-em-Caracol-Foto-Bruno-Rezende-Secom-20-150x150.jpeg\" alt=\"\" width=\"150\" height=\"150\" \/><\/a><\/div>\n<\/figure>\n<figure class=\"gallery-item\">\n<div class=\"gallery-icon landscape\"><a href=\"https:\/\/agenciadenoticias.ms.gov.br\/wp-content\/uploads\/2026\/05\/Riedel-em-Caracol-Foto-Bruno-Rezende-Secom-19.jpeg\"><img loading=\"lazy\" decoding=\"async\" class=\"attachment-thumbnail size-thumbnail\" src=\"https:\/\/agenciadenoticias.ms.gov.br\/wp-content\/uploads\/2026\/05\/Riedel-em-Caracol-Foto-Bruno-Rezende-Secom-19-150x150.jpeg\" alt=\"\" width=\"150\" height=\"150\" \/><\/a><\/div>\n<\/figure>\n<figure class=\"gallery-item\">\n<div class=\"gallery-icon landscape\"><a href=\"https:\/\/agenciadenoticias.ms.gov.br\/wp-content\/uploads\/2026\/05\/Riedel-em-Caracol-Foto-Bruno-Rezende-Secom-18.jpeg\"><img loading=\"lazy\" decoding=\"async\" class=\"attachment-thumbnail size-thumbnail\" src=\"https:\/\/agenciadenoticias.ms.gov.br\/wp-content\/uploads\/2026\/05\/Riedel-em-Caracol-Foto-Bruno-Rezende-Secom-18-150x150.jpeg\" alt=\"\" width=\"150\" height=\"150\" \/><\/a><\/div>\n<\/figure>\n<\/div>\n<p>Foram entregues 50 casas, al\u00e9m das unidades previstas na assinatura da ordem de servi\u00e7o, em substitui\u00e7\u00e3o de moradias prec\u00e1rias tamb\u00e9m no Loteamento Antonito Jarson, via conv\u00eanio com a Agehab, no valor de R$ 4,4 milh\u00f5es.<\/p>\n<p>No mesmo ato foi celebrado acordo para execu\u00e7\u00e3o do projeto de ilumina\u00e7\u00e3o do Complexo Esportivo Harnet Vargas, por meio de recursos de emendas, e a constru\u00e7\u00e3o de uma sala de fisioterapia, academia de sa\u00fade e revitaliza\u00e7\u00e3o da UBS Iria Concei\u00e7\u00e3o Alvarenga, no Alto Caracol. Obras que ser\u00e3o realizadas pela Prefeitura de Caracol.<\/p>\n<p>Ainda por meio de emenda parlamentar foram executados servi\u00e7os de recapeamento, recupera\u00e7\u00e3o de asfaltos e constru\u00e7\u00e3o de cal\u00e7adas em diversas ruas, a execu\u00e7\u00e3o de 22 mil metros de rede coletora de esgoto, em 887 liga\u00e7\u00f5es domiciliares e uma elevat\u00f3ria no Dom Aquino, dentro do Programa Avan\u00e7ar Cidades, com investimento de R$ 4,2 milh\u00f5es.<\/p>\n<p>Tamb\u00e9m foram lan\u00e7adas novas frentes de trabalho, incluindo a amplia\u00e7\u00e3o da Escola Municipal Silvestre Monteiro, no Distrito de Alto Caracol e a constru\u00e7\u00e3o de uma Esta\u00e7\u00e3o de Tratamento de Esgoto, da Sanesul, com capacidade operacional de 20 litros por segundo, dentro do Programa Avan\u00e7ar Cidades \u2013 3\u00aa Etapa (Lote III), com investimentos estaduais na ordem de R$ 8,6 milh\u00f5es.<\/p>\n<p><strong>T\u00edtulos: 500<\/strong><\/p>\n<div id=\"gallery-3\" class=\"gallery galleryid-540403 gallery-columns-3 gallery-size-thumbnail\">\n<figure class=\"gallery-item\">\n<div class=\"gallery-icon landscape\"><a href=\"https:\/\/agenciadenoticias.ms.gov.br\/wp-content\/uploads\/2026\/05\/Riedel-em-Caracol-Foto-Bruno-Rezende-Secom-11.jpeg\"><img loading=\"lazy\" decoding=\"async\" class=\"attachment-thumbnail size-thumbnail\" src=\"https:\/\/agenciadenoticias.ms.gov.br\/wp-content\/uploads\/2026\/05\/Riedel-em-Caracol-Foto-Bruno-Rezende-Secom-11-150x150.jpeg\" alt=\"\" width=\"150\" height=\"150\" \/><\/a><\/div>\n<\/figure>\n<figure class=\"gallery-item\">\n<div class=\"gallery-icon landscape\"><a href=\"https:\/\/agenciadenoticias.ms.gov.br\/wp-content\/uploads\/2026\/05\/Riedel-em-Caracol-Foto-Bruno-Rezende-Secom-15.jpeg\"><img loading=\"lazy\" decoding=\"async\" class=\"attachment-thumbnail size-thumbnail\" src=\"https:\/\/agenciadenoticias.ms.gov.br\/wp-content\/uploads\/2026\/05\/Riedel-em-Caracol-Foto-Bruno-Rezende-Secom-15-150x150.jpeg\" alt=\"\" width=\"150\" height=\"150\" \/><\/a><\/div>\n<\/figure>\n<figure class=\"gallery-item\">\n<div class=\"gallery-icon landscape\"><a href=\"https:\/\/agenciadenoticias.ms.gov.br\/wp-content\/uploads\/2026\/05\/Riedel-em-Caracol-Foto-Bruno-Rezende-Secom-12.jpeg\"><img loading=\"lazy\" decoding=\"async\" class=\"attachment-thumbnail size-thumbnail\" src=\"https:\/\/agenciadenoticias.ms.gov.br\/wp-content\/uploads\/2026\/05\/Riedel-em-Caracol-Foto-Bruno-Rezende-Secom-12-150x150.jpeg\" alt=\"\" width=\"150\" height=\"150\" \/><\/a><\/div>\n<\/figure>\n<figure class=\"gallery-item\">\n<div class=\"gallery-icon landscape\"><a href=\"https:\/\/agenciadenoticias.ms.gov.br\/wp-content\/uploads\/2026\/05\/Riedel-em-Caracol-Foto-Bruno-Rezende-Secom-17.jpeg\"><img loading=\"lazy\" decoding=\"async\" class=\"attachment-thumbnail size-thumbnail\" src=\"https:\/\/agenciadenoticias.ms.gov.br\/wp-content\/uploads\/2026\/05\/Riedel-em-Caracol-Foto-Bruno-Rezende-Secom-17-150x150.jpeg\" alt=\"\" width=\"150\" height=\"150\" \/><\/a><\/div>\n<\/figure>\n<figure class=\"gallery-item\">\n<div class=\"gallery-icon landscape\"><a href=\"https:\/\/agenciadenoticias.ms.gov.br\/wp-content\/uploads\/2026\/05\/Riedel-em-Caracol-Foto-Bruno-Rezende-Secom-16.jpeg\"><img loading=\"lazy\" decoding=\"async\" class=\"attachment-thumbnail size-thumbnail\" src=\"https:\/\/agenciadenoticias.ms.gov.br\/wp-content\/uploads\/2026\/05\/Riedel-em-Caracol-Foto-Bruno-Rezende-Secom-16-150x150.jpeg\" alt=\"\" width=\"150\" height=\"150\" \/><\/a><\/div>\n<\/figure>\n<figure class=\"gallery-item\">\n<div class=\"gallery-icon landscape\"><a href=\"https:\/\/agenciadenoticias.ms.gov.br\/wp-content\/uploads\/2026\/05\/Riedel-em-Caracol-Foto-Bruno-Rezende-Secom-10.jpeg\"><img loading=\"lazy\" decoding=\"async\" class=\"attachment-thumbnail size-thumbnail\" src=\"https:\/\/agenciadenoticias.ms.gov.br\/wp-content\/uploads\/2026\/05\/Riedel-em-Caracol-Foto-Bruno-Rezende-Secom-10-150x150.jpeg\" alt=\"\" width=\"150\" height=\"150\" \/><\/a><\/div>\n<\/figure>\n<figure class=\"gallery-item\">\n<div class=\"gallery-icon landscape\"><a href=\"https:\/\/agenciadenoticias.ms.gov.br\/wp-content\/uploads\/2026\/05\/Riedel-em-Caracol-Foto-Bruno-Rezende-Secom-9.jpeg\"><img loading=\"lazy\" decoding=\"async\" class=\"attachment-thumbnail size-thumbnail\" src=\"https:\/\/agenciadenoticias.ms.gov.br\/wp-content\/uploads\/2026\/05\/Riedel-em-Caracol-Foto-Bruno-Rezende-Secom-9-150x150.jpeg\" alt=\"\" width=\"150\" height=\"150\" \/><\/a><\/div>\n<\/figure>\n<figure class=\"gallery-item\">\n<div class=\"gallery-icon landscape\"><a href=\"https:\/\/agenciadenoticias.ms.gov.br\/wp-content\/uploads\/2026\/05\/Riedel-em-Caracol-Foto-Bruno-Rezende-Secom-7.jpeg\"><img loading=\"lazy\" decoding=\"async\" class=\"attachment-thumbnail size-thumbnail\" src=\"https:\/\/agenciadenoticias.ms.gov.br\/wp-content\/uploads\/2026\/05\/Riedel-em-Caracol-Foto-Bruno-Rezende-Secom-7-150x150.jpeg\" alt=\"\" width=\"150\" height=\"150\" \/><\/a><\/div>\n<\/figure>\n<figure class=\"gallery-item\">\n<div class=\"gallery-icon landscape\"><a href=\"https:\/\/agenciadenoticias.ms.gov.br\/wp-content\/uploads\/2026\/05\/Riedel-em-Caracol-Foto-Bruno-Rezende-Secom-5.jpeg\"><img loading=\"lazy\" decoding=\"async\" class=\"attachment-thumbnail size-thumbnail\" src=\"https:\/\/agenciadenoticias.ms.gov.br\/wp-content\/uploads\/2026\/05\/Riedel-em-Caracol-Foto-Bruno-Rezende-Secom-5-150x150.jpeg\" alt=\"\" width=\"150\" height=\"150\" \/><\/a><\/div>\n<\/figure>\n<\/div>\n<p>Nas m\u00e3os do governador Riedel e do prefeito Neco Pagliosa, o senhor Raimundo Fernandes recebeu o t\u00edtulo de regulariza\u00e7\u00e3o fundi\u00e1ria de n\u00famero 500, documento aguardado h\u00e1 mais de uma d\u00e9cada e que simboliza a conquista da seguran\u00e7a jur\u00eddica sobre o im\u00f3vel.<\/p>\n<p>\u201cEu esperei esse t\u00edtulo por mais de 15 anos. Era uma expectativa muito grande pela regulariza\u00e7\u00e3o, porque agora a gente pode pensar em construir a nossa casa com tranquilidade.\u201d<br \/>\nCasado e pai de dois filhos, ele destacou que o momento marca uma nova etapa para todos.<\/p>\n<p>\u201cO terreno tem 40 por 20 metros. Fica l\u00e1 no Martins Leite. Isso representa muita coisa para n\u00f3s, porque estamos batalhando pela casa pr\u00f3pria e, agora, com o terreno regularizado, vamos correr atr\u00e1s desse sonho.\u201d<\/p>\n<p>Toda a solenidade tamb\u00e9m foi acompanhada por prefeitos da regi\u00e3o do Vale do Apa e demais autoridades.<\/p>\n<p><strong>41\u00ba Encontro Estadual de La\u00e7o Comprido<\/strong><\/p>\n<div id=\"gallery-4\" class=\"gallery galleryid-540403 gallery-columns-4 gallery-size-thumbnail\">\n<figure class=\"gallery-item\">\n<div class=\"gallery-icon landscape\"><a href=\"https:\/\/agenciadenoticias.ms.gov.br\/wp-content\/uploads\/2026\/05\/Riedel-em-Caracol-Foto-Bruno-Rezende-Secom-8.jpeg\"><img loading=\"lazy\" decoding=\"async\" class=\"attachment-thumbnail size-thumbnail\" src=\"https:\/\/agenciadenoticias.ms.gov.br\/wp-content\/uploads\/2026\/05\/Riedel-em-Caracol-Foto-Bruno-Rezende-Secom-8-150x150.jpeg\" alt=\"\" width=\"150\" height=\"150\" \/><\/a><\/div>\n<\/figure>\n<figure class=\"gallery-item\">\n<div class=\"gallery-icon landscape\"><a href=\"https:\/\/agenciadenoticias.ms.gov.br\/wp-content\/uploads\/2026\/05\/Riedel-em-Caracol-Foto-Bruno-Rezende-Secom-25.jpeg\"><img loading=\"lazy\" decoding=\"async\" class=\"attachment-thumbnail size-thumbnail\" src=\"https:\/\/agenciadenoticias.ms.gov.br\/wp-content\/uploads\/2026\/05\/Riedel-em-Caracol-Foto-Bruno-Rezende-Secom-25-150x150.jpeg\" alt=\"\" width=\"150\" height=\"150\" \/><\/a><\/div>\n<\/figure>\n<figure class=\"gallery-item\">\n<div class=\"gallery-icon landscape\"><a href=\"https:\/\/agenciadenoticias.ms.gov.br\/wp-content\/uploads\/2026\/05\/Riedel-em-Caracol-Foto-Bruno-Rezende-Secom-31.jpeg\"><img loading=\"lazy\" decoding=\"async\" class=\"attachment-thumbnail size-thumbnail\" src=\"https:\/\/agenciadenoticias.ms.gov.br\/wp-content\/uploads\/2026\/05\/Riedel-em-Caracol-Foto-Bruno-Rezende-Secom-31-150x150.jpeg\" alt=\"\" width=\"150\" height=\"150\" \/><\/a><\/div>\n<\/figure>\n<figure class=\"gallery-item\">\n<div class=\"gallery-icon landscape\"><a href=\"https:\/\/agenciadenoticias.ms.gov.br\/wp-content\/uploads\/2026\/05\/Riedel-em-Caracol-Foto-Bruno-Rezende-Secom-33.jpeg\"><img loading=\"lazy\" decoding=\"async\" class=\"attachment-thumbnail size-thumbnail\" src=\"https:\/\/agenciadenoticias.ms.gov.br\/wp-content\/uploads\/2026\/05\/Riedel-em-Caracol-Foto-Bruno-Rezende-Secom-33-150x150.jpeg\" alt=\"\" width=\"150\" height=\"150\" \/><\/a><\/div>\n<\/figure>\n<figure class=\"gallery-item\">\n<div class=\"gallery-icon landscape\"><a href=\"https:\/\/agenciadenoticias.ms.gov.br\/wp-content\/uploads\/2026\/05\/Riedel-em-Caracol-Foto-Bruno-Rezende-Secom-28.jpeg\"><img loading=\"lazy\" decoding=\"async\" class=\"attachment-thumbnail size-thumbnail\" src=\"https:\/\/agenciadenoticias.ms.gov.br\/wp-content\/uploads\/2026\/05\/Riedel-em-Caracol-Foto-Bruno-Rezende-Secom-28-150x150.jpeg\" alt=\"\" width=\"150\" height=\"150\" \/><\/a><\/div>\n<\/figure>\n<figure class=\"gallery-item\">\n<div class=\"gallery-icon landscape\"><a href=\"https:\/\/agenciadenoticias.ms.gov.br\/wp-content\/uploads\/2026\/05\/Riedel-em-Caracol-Foto-Bruno-Rezende-Secom-4.jpeg\"><img loading=\"lazy\" decoding=\"async\" class=\"attachment-thumbnail size-thumbnail\" src=\"https:\/\/agenciadenoticias.ms.gov.br\/wp-content\/uploads\/2026\/05\/Riedel-em-Caracol-Foto-Bruno-Rezende-Secom-4-150x150.jpeg\" alt=\"\" width=\"150\" height=\"150\" \/><\/a><\/div>\n<\/figure>\n<figure class=\"gallery-item\">\n<div class=\"gallery-icon landscape\"><a href=\"https:\/\/agenciadenoticias.ms.gov.br\/wp-content\/uploads\/2026\/05\/Riedel-em-Caracol-Foto-Bruno-Rezende-Secom-24.jpeg\"><img loading=\"lazy\" decoding=\"async\" class=\"attachment-thumbnail size-thumbnail\" src=\"https:\/\/agenciadenoticias.ms.gov.br\/wp-content\/uploads\/2026\/05\/Riedel-em-Caracol-Foto-Bruno-Rezende-Secom-24-150x150.jpeg\" alt=\"\" width=\"150\" height=\"150\" \/><\/a><\/div>\n<\/figure>\n<figure class=\"gallery-item\">\n<div class=\"gallery-icon landscape\"><a href=\"https:\/\/agenciadenoticias.ms.gov.br\/wp-content\/uploads\/2026\/05\/Riedel-em-Caracol-Foto-Bruno-Rezende-Secom-1.jpeg\"><img loading=\"lazy\" decoding=\"async\" class=\"attachment-thumbnail size-thumbnail\" src=\"https:\/\/agenciadenoticias.ms.gov.br\/wp-content\/uploads\/2026\/05\/Riedel-em-Caracol-Foto-Bruno-Rezende-Secom-1-150x150.jpeg\" alt=\"\" width=\"150\" height=\"150\" \/><\/a><\/div>\n<\/figure>\n<\/div>\n<p>O munic\u00edpio tamb\u00e9m foi palco de um dos eventos mais tradicionais da cultura sul-mato-grossense, o 41\u00ba Encontro Estadual de La\u00e7o Comprido, movimentando a cidade e atraindo competidores e visitantes de toda a regi\u00e3o, com atra\u00e7\u00f5es que valorizam a tradi\u00e7\u00e3o e o esp\u00edrito campeiro.<\/p>\n<p>O governador Eduardo Riedel participou da programa\u00e7\u00e3o no Clube do La\u00e7o Retiro Caracol, juntamente com a primeira-dama M\u00f4nica Riedel, e destacou a for\u00e7a cultural e social do la\u00e7o comprido no Estado, ressaltando o papel da tradi\u00e7\u00e3o na integra\u00e7\u00e3o entre os munic\u00edpios e na valoriza\u00e7\u00e3o das ra\u00edzes sul-mato-grossenses.<\/p>\n<p>\u201cQuando a gente olha para essa arena e v\u00ea crian\u00e7as, jovens, homens e mulheres participando, percebe que isso \u00e9 uma for\u00e7a cultural muito viva. \u00c9 algo que atravessa gera\u00e7\u00f5es e que precisa ser valorizado, apoiado e fortalecido.\u201d<\/p>\n<p>Entre os destaques estiveram o duelo de la\u00e7o, provas em equipe, disputas nas categorias de base e o tradicional Baile Carap\u00e9.<\/p>\n","protected":false},"excerpt":{"rendered":"<p>O munic\u00edpio de Caracol celebrou seus 61 anos de emancipa\u00e7\u00e3o pol\u00edtica e administrativa, por meio&#8230;<\/p>\n","protected":false},"author":13,"featured_media":11781409,"comment_status":"closed","ping_status":"closed","sticky":false,"template":"","format":"standard","meta":{"footnotes":""},"categories":[7,8],"tags":[184],"class_list":["post-11781408","post","type-post","status-publish","format-standard","has-post-thumbnail","hentry","category-cultura","category-destaque","tag-cultura"],"_links":{"self":[{"href":"https:\/\/www.corumbaonline.com.br\/news\/wp-json\/wp\/v2\/posts\/11781408","targetHints":{"allow":["GET"]}}],"collection":[{"href":"https:\/\/www.corumbaonline.com.br\/news\/wp-json\/wp\/v2\/posts"}],"about":[{"href":"https:\/\/www.corumbaonline.com.br\/news\/wp-json\/wp\/v2\/types\/post"}],"author":[{"embeddable":true,"href":"https:\/\/www.corumbaonline.com.br\/news\/wp-json\/wp\/v2\/users\/13"}],"replies":[{"embeddable":true,"href":"https:\/\/www.corumbaonline.com.br\/news\/wp-json\/wp\/v2\/comments?post=11781408"}],"version-history":[{"count":1,"href":"https:\/\/www.corumbaonline.com.br\/news\/wp-json\/wp\/v2\/posts\/11781408\/revisions"}],"predecessor-version":[{"id":11781410,"href":"https:\/\/www.corumbaonline.com.br\/news\/wp-json\/wp\/v2\/posts\/11781408\/revisions\/11781410"}],"wp:featuredmedia":[{"embeddable":true,"href":"https:\/\/www.corumbaonline.com.br\/news\/wp-json\/wp\/v2\/media\/11781409"}],"wp:attachment":[{"href":"https:\/\/www.corumbaonline.com.br\/news\/wp-json\/wp\/v2\/media?parent=11781408"}],"wp:term":[{"taxonomy":"category","embeddable":true,"href":"https:\/\/www.corumbaonline.com.br\/news\/wp-json\/wp\/v2\/categories?post=11781408"},{"taxonomy":"post_tag","embeddable":true,"href":"https:\/\/www.corumbaonline.com.br\/news\/wp-json\/wp\/v2\/tags?post=11781408"}],"curies":[{"name":"wp","href":"https:\/\/api.w.org\/{rel}","templated":true}]}}