{"id":11783885,"date":"2026-07-08T08:58:00","date_gmt":"2026-07-08T12:58:00","guid":{"rendered":"https:\/\/www.corumbaonline.com.br\/news\/?p=11783885"},"modified":"2026-07-08T08:51:17","modified_gmt":"2026-07-08T12:51:17","slug":"prazo-final-de-inscricoes-para-o-concurso-da-marinha-e-neste-domingo-12-de-julho","status":"publish","type":"post","link":"https:\/\/www.corumbaonline.com.br\/news\/prazo-final-de-inscricoes-para-o-concurso-da-marinha-e-neste-domingo-12-de-julho\/","title":{"rendered":"Prazo final de inscri\u00e7\u00f5es para o Concurso da Marinha \u00e9 neste domingo, 12 de julho"},"content":{"rendered":"<p>As inscri\u00e7\u00f5es para o Concurso P\u00fablico de Admiss\u00e3o ao Curso de Forma\u00e7\u00e3o para Ingresso no Corpo Auxiliar de Pra\u00e7as da Marinha (CP-CAP\/2026) foram prorrogadas e seguem abertas at\u00e9 o pr\u00f3ximo domingo, 12 de julho, com taxa de inscri\u00e7\u00e3o no valor de R$ 75 que poder\u00e1 ser paga at\u00e9 13 de julho.<\/p>\n<p>O concurso oferece 400 vagas para candidatos com forma\u00e7\u00e3o t\u00e9cnica de n\u00edvel m\u00e9dio em diversas habilita\u00e7\u00f5es, distribu\u00eddas entre o Quadro Auxiliar T\u00e9cnico de Pra\u00e7as (QATP) e o Quadro T\u00e9cnico Industrial de Pra\u00e7as (QTIP), representando uma oportunidade para quem deseja ingressar na carreira militar da Marinha do Brasil.<\/p>\n<p>Podem participar brasileiros de ambos os sexos que tenham conclu\u00eddo ou estejam concluindo curso t\u00e9cnico de n\u00edvel m\u00e9dio na \u00e1rea correspondente, tenham entre 18 e menos de 25 anos em 30 de junho de 2027, al\u00e9m de atender aos requisitos f\u00edsicos e, quando necess\u00e1rio, estar registrados no \u00f3rg\u00e3o fiscalizador da profiss\u00e3o.<\/p>\n<p>A sele\u00e7\u00e3o ser\u00e1 composta por prova objetiva com 50 quest\u00f5es espec\u00edficas e uma reda\u00e7\u00e3o, ambas previstas para 27 de setembro, seguidas de inspe\u00e7\u00e3o de sa\u00fade, teste de aptid\u00e3o f\u00edsica, avalia\u00e7\u00e3o psicol\u00f3gica e verifica\u00e7\u00e3o documental e biogr\u00e1fica.<\/p>\n<p>Os aprovados dentro do n\u00famero de vagas realizar\u00e3o o Curso de Forma\u00e7\u00e3o de Cabos no Centro de Instru\u00e7\u00e3o Almirante Alexandrino, no Rio de Janeiro, com dura\u00e7\u00e3o de at\u00e9 24 semanas, sendo posteriormente nomeados Cabos do Corpo Auxiliar de Pra\u00e7as da Marinha, podendo alcan\u00e7ar a gradua\u00e7\u00e3o de Suboficial ao longo da carreira. Mais informa\u00e7\u00f5es e o edital completo est\u00e3o dispon\u00edveis na p\u00e1gina oficial do Servi\u00e7o de Sele\u00e7\u00e3o do Pessoal da Marinha.<\/p>\n<p class=\"text-align-justify\"><strong>Confira a distribui\u00e7\u00e3o das vagas e as titula\u00e7\u00f5es t\u00e9cnicas aceitas para cada habilita\u00e7\u00e3o:<\/strong><\/p>\n<p class=\"text-align-justify\">Quadro Auxiliar T\u00e9cnico de Pra\u00e7as (QATP)<\/p>\n<div align=\"center\">\n<table class=\"souza\" border=\"1\" width=\"90%\" cellspacing=\"0\" cellpadding=\"10\">\n<thead>\n<tr>\n<th width=\"13%\">\n<p class=\"text-align-center\"><span style=\"color: #000000; font-family: Calibri, sans-serif;\">HABILITA\u00c7\u00c3O<\/span><\/p>\n<\/th>\n<th width=\"18%\">\n<p class=\"text-align-center\"><span style=\"color: #000000; font-family: Calibri, sans-serif;\">TITULA\u00c7\u00d5ES T\u00c9CNICAS ACEITAS<\/span><\/p>\n<\/th>\n<th width=\"14%\">\n<p class=\"text-align-center\"><span style=\"color: #000000; font-family: Calibri, sans-serif;\">TOTAL DE VAGAS<\/span><\/p>\n<\/th>\n<\/tr>\n<\/thead>\n<tbody>\n<tr>\n<td width=\"117\">Administra\u00e7\u00e3o<\/td>\n<td width=\"114\">T\u00e9cnico em Administra\u00e7\u00e3o e<br \/>\nT\u00e9cnico em Secretariado<\/td>\n<td width=\"110\">157<\/td>\n<\/tr>\n<tr>\n<td width=\"117\">Administra\u00e7\u00e3o Hospitalar<\/td>\n<td width=\"114\">T\u00e9cnico em Administra\u00e7\u00e3o Hospitalar<\/td>\n<td width=\"110\">19<\/td>\n<\/tr>\n<tr>\n<td width=\"117\">Contabilidade<\/td>\n<td width=\"114\">T\u00e9cnico em Contabilidade<\/td>\n<td width=\"110\">4<\/td>\n<\/tr>\n<tr>\n<td width=\"117\">Edifica\u00e7\u00f5es<\/td>\n<td width=\"114\">T\u00e9cnico em Edifica\u00e7\u00f5es<\/td>\n<td width=\"110\">9<\/td>\n<\/tr>\n<tr>\n<td width=\"117\">Enfermagem<\/td>\n<td width=\"114\">T\u00e9cnico em Enfermagem<\/td>\n<td width=\"110\">65<\/td>\n<\/tr>\n<tr>\n<td width=\"117\">Estat\u00edstica<\/td>\n<td width=\"114\">Ser\u00e3o aceitos os candidatos que possuam o<br \/>\nRegistro de T\u00e9cnico em Estat\u00edstica de n\u00edvel m\u00e9dio, conforme o art. 6\u00b0, da Resolu\u00e7\u00e3o CONFE n\u00b0 145,<br \/>\nde 16 de novembro de 1983.<\/td>\n<td width=\"110\">15<\/td>\n<\/tr>\n<tr>\n<td width=\"117\">Geod\u00e9sia e Cartografia<\/td>\n<td width=\"114\">T\u00e9cnico em Geod\u00e9sia e Cartografia<br \/>\nT\u00e9cnico em Agrimensura<br \/>\nT\u00e9cnico em Geoprocessamento<\/td>\n<td width=\"110\">3<\/td>\n<\/tr>\n<tr>\n<td width=\"117\">Gr\u00e1fica<\/td>\n<td width=\"114\">T\u00e9cnico em Pr\u00e9-Impress\u00e3o Gr\u00e1fica<br \/>\nT\u00e9cnico em Impress\u00e3o Gr\u00e1fica<br \/>\nT\u00e9cnico em Impress\u00e3o Offset Gr\u00e1fica<br \/>\nT\u00e9cnico em Comunica\u00e7\u00e3o Visual,<br \/>\nT\u00e9cnico em Design Gr\u00e1fico<br \/>\nT\u00e9cnico em Processos Gr\u00e1ficos<\/td>\n<td width=\"110\">6<\/td>\n<\/tr>\n<tr>\n<td width=\"117\">Higiene Dental<\/td>\n<td width=\"114\">T\u00e9cnico em Sa\u00fade Bucal<\/td>\n<td width=\"110\">8<\/td>\n<\/tr>\n<tr>\n<td width=\"117\">Meteorologia<\/td>\n<td width=\"114\">T\u00e9cnico em Meteorologia<\/td>\n<td width=\"110\">3<\/td>\n<\/tr>\n<tr>\n<td width=\"117\">Nutri\u00e7\u00e3o e Diet\u00e9tica<\/td>\n<td width=\"114\">T\u00e9cnico em Nutri\u00e7\u00e3o e Diet\u00e9tica<\/td>\n<td width=\"110\">3<\/td>\n<\/tr>\n<tr>\n<td width=\"117\">Patologia Cl\u00ednica<\/td>\n<td width=\"114\">T\u00e9cnico em Patologia Cl\u00ednica<\/td>\n<td width=\"110\">3<\/td>\n<\/tr>\n<tr>\n<td width=\"117\">Processamento de Dados<\/td>\n<td width=\"114\">T\u00e9cnico em Computa\u00e7\u00e3o Gr\u00e1fica<br \/>\nT\u00e9cnico em Desenvolvimento de Sistemas<br \/>\nT\u00e9cnico em Inform\u00e1tica<br \/>\nT\u00e9cnico em Inform\u00e1tica para Internet<br \/>\nT\u00e9cnico em Manuten\u00e7\u00e3o e Suporte em<br \/>\nInform\u00e1tica<br \/>\nT\u00e9cnico em Programa\u00e7\u00e3o de Jogos Digitais<br \/>\nT\u00e9cnico em Redes de Computadores<\/td>\n<td width=\"110\">73<\/td>\n<\/tr>\n<tr>\n<td width=\"117\">Pr\u00f3tese Dent\u00e1ria<\/td>\n<td width=\"114\">T\u00e9cnico em Pr\u00f3tese Dent\u00e1ria<\/td>\n<td width=\"110\">3<\/td>\n<\/tr>\n<tr>\n<td width=\"117\">Telecomunica\u00e7\u00f5es<\/td>\n<td width=\"114\">T\u00e9cnico em Telecomunica\u00e7\u00f5es<\/td>\n<td width=\"110\">4<\/td>\n<\/tr>\n<tr>\n<td width=\"117\">TOTAL<\/td>\n<td width=\"114\"><\/td>\n<td width=\"110\">375<\/td>\n<\/tr>\n<\/tbody>\n<\/table>\n<\/div>\n<p class=\"text-align-justify\"><span style=\"font-family: Calibri, sans-serif;\">Quadro T\u00e9cnico Industrial de Pra\u00e7as (QTIP)<\/span><\/p>\n<p class=\"text-align-justify\">\n<div align=\"center\">\n<table class=\"souza\" border=\"1\" width=\"90%\" cellspacing=\"0\" cellpadding=\"10\">\n<thead>\n<tr>\n<th width=\"13%\">\n<p class=\"text-align-center\"><span style=\"color: #000000; font-family: Calibri, sans-serif;\">HABILITA\u00c7\u00c3O<\/span><\/p>\n<\/th>\n<th width=\"18%\">\n<p class=\"text-align-center\"><span style=\"color: #000000; font-family: Calibri, sans-serif;\">TITULA\u00c7\u00d5ES T\u00c9CNICAS ACEITAS<\/span><\/p>\n<\/th>\n<th width=\"14%\">\n<p class=\"text-align-center\"><span style=\"color: #000000; font-family: Calibri, sans-serif;\">TOTAL DE VAGAS<\/span><\/p>\n<\/th>\n<\/tr>\n<\/thead>\n<tbody>\n<tr>\n<td width=\"117\">Eletr\u00f4nica<\/td>\n<td width=\"114\">T\u00e9cnico em Eletr\u00f4nica<\/td>\n<td width=\"110\">3<\/td>\n<\/tr>\n<tr>\n<td width=\"117\">Eletrot\u00e9cnica<\/td>\n<td width=\"114\">T\u00e9cnico em Eletrot\u00e9cnica<\/td>\n<td width=\"110\">5<\/td>\n<\/tr>\n<tr>\n<td width=\"117\">Estruturas Navais<\/td>\n<td width=\"114\">T\u00e9cnico em Estruturas Navais<br \/>\nT\u00e9cnico em Constru\u00e7\u00e3o Naval<\/td>\n<td width=\"110\">3<\/td>\n<\/tr>\n<tr>\n<td width=\"117\">Marcenaria<\/td>\n<td width=\"114\">T\u00e9cnico em M\u00f3veis<\/td>\n<td width=\"110\">3<\/td>\n<\/tr>\n<tr>\n<td width=\"117\">Mec\u00e2nica<\/td>\n<td width=\"114\">T\u00e9cnico em Eletromec\u00e2nica<br \/>\nT\u00e9cnico em Manuten\u00e7\u00e3o Automotiva T\u00e9cnico em Mec\u00e2nica<br \/>\nT\u00e9cnico em Mecatr\u00f4nica<br \/>\nT\u00e9cnico em Refrigera\u00e7\u00e3o e Climatiza\u00e7\u00e3o<br \/>\nT\u00e9cnico em Fabrica\u00e7\u00e3o Mec\u00e2nica<\/td>\n<td width=\"110\">4<\/td>\n<\/tr>\n<tr>\n<td width=\"117\">Metalurgia<\/td>\n<td width=\"114\">T\u00e9cnico em Metalurgia<\/td>\n<td width=\"110\">4<\/td>\n<\/tr>\n<tr>\n<td width=\"117\">Motores<\/td>\n<td width=\"114\">T\u00e9cnico em Manuten\u00e7\u00e3o Automotiva<br \/>\nT\u00e9cnico em M\u00e1quinas Navais<br \/>\nT\u00e9cnico em Manuten\u00e7\u00e3o de M\u00e1quinas Pesadas<\/td>\n<td width=\"110\">3<\/td>\n<\/tr>\n<tr>\n<td width=\"117\">TOTAL<\/td>\n<td width=\"114\"><\/td>\n<td width=\"110\">25<\/td>\n<\/tr>\n<\/tbody>\n<\/table>\n<\/div>\n<p>&nbsp;<\/p>\n","protected":false},"excerpt":{"rendered":"<p>As inscri\u00e7\u00f5es para o Concurso P\u00fablico de Admiss\u00e3o ao Curso de Forma\u00e7\u00e3o para Ingresso no Corpo Auxiliar de Pra\u00e7as da Marinha (CP-CAP\/2026) foram prorrogadas e seguem abertas at\u00e9 o pr\u00f3ximo domingo, 12 de julho, com taxa de inscri\u00e7\u00e3o no valor de R$ 75 que poder\u00e1 ser paga at\u00e9 13 de julho. O concurso oferece 400 [&hellip;]<\/p>\n","protected":false},"author":6,"featured_media":11783886,"comment_status":"closed","ping_status":"closed","sticky":false,"template":"","format":"standard","meta":{"footnotes":""},"categories":[6],"tags":[270],"class_list":["post-11783885","post","type-post","status-publish","format-standard","has-post-thumbnail","hentry","category-concurso","tag-concurso"],"_links":{"self":[{"href":"https:\/\/www.corumbaonline.com.br\/news\/wp-json\/wp\/v2\/posts\/11783885","targetHints":{"allow":["GET"]}}],"collection":[{"href":"https:\/\/www.corumbaonline.com.br\/news\/wp-json\/wp\/v2\/posts"}],"about":[{"href":"https:\/\/www.corumbaonline.com.br\/news\/wp-json\/wp\/v2\/types\/post"}],"author":[{"embeddable":true,"href":"https:\/\/www.corumbaonline.com.br\/news\/wp-json\/wp\/v2\/users\/6"}],"replies":[{"embeddable":true,"href":"https:\/\/www.corumbaonline.com.br\/news\/wp-json\/wp\/v2\/comments?post=11783885"}],"version-history":[{"count":1,"href":"https:\/\/www.corumbaonline.com.br\/news\/wp-json\/wp\/v2\/posts\/11783885\/revisions"}],"predecessor-version":[{"id":11783887,"href":"https:\/\/www.corumbaonline.com.br\/news\/wp-json\/wp\/v2\/posts\/11783885\/revisions\/11783887"}],"wp:featuredmedia":[{"embeddable":true,"href":"https:\/\/www.corumbaonline.com.br\/news\/wp-json\/wp\/v2\/media\/11783886"}],"wp:attachment":[{"href":"https:\/\/www.corumbaonline.com.br\/news\/wp-json\/wp\/v2\/media?parent=11783885"}],"wp:term":[{"taxonomy":"category","embeddable":true,"href":"https:\/\/www.corumbaonline.com.br\/news\/wp-json\/wp\/v2\/categories?post=11783885"},{"taxonomy":"post_tag","embeddable":true,"href":"https:\/\/www.corumbaonline.com.br\/news\/wp-json\/wp\/v2\/tags?post=11783885"}],"curies":[{"name":"wp","href":"https:\/\/api.w.org\/{rel}","templated":true}]}}