{"id":11785449,"date":"2026-08-27T08:59:00","date_gmt":"2026-08-27T12:59:00","guid":{"rendered":"https:\/\/www.corumbaonline.com.br\/news\/?p=11785449"},"modified":"2026-08-27T09:57:24","modified_gmt":"2026-08-27T13:57:24","slug":"eclipse-parcial-da-lua-nesta-quinta-feira-sera-visto-em-todo-o-brasil","status":"publish","type":"post","link":"https:\/\/www.corumbaonline.com.br\/news\/eclipse-parcial-da-lua-nesta-quinta-feira-sera-visto-em-todo-o-brasil\/","title":{"rendered":"Eclipse parcial da Lua nesta quinta-feira ser\u00e1 visto em todo o Brasil"},"content":{"rendered":"<p>A partir das 23h34, hora de Bras\u00edlia, desta quinta-feira (27), um eclipse parcial da Lua poder\u00e1 ser visto em todo o territ\u00f3rio brasileiro.\u00a0O ponto m\u00e1ximo ser\u00e1 \u00e0s 01h31, j\u00e1 na madrugada da sexta-feira (28), quando estar\u00e1 na fase mais obscura.<img decoding=\"async\" src=\"https:\/\/agenciabrasil.ebc.com.br\/ebc.png?id=1700696&amp;o=node\" \/><img decoding=\"async\" src=\"https:\/\/agenciabrasil.ebc.com.br\/ebc.gif?id=1700696&amp;o=node\" \/><\/p>\n<p>A astr\u00f4noma do Observat\u00f3rio Nacional Josina Oliveira do Nascimento disse que esse tipo de eclipse ocorre toda vez que a Lua entra na sombra da Terra, formada pela incid\u00eancia do Sol.<\/p>\n<p>\u201cSempre existe a sombra da Terra no espa\u00e7o, porque o Sol est\u00e1 sempre iluminando a Terra, mas a Lua nem sempre entra nessa sombra\u201d, explicou \u00e0\u00a0Ag\u00eancia Brasil.<\/p>\n<blockquote><p>\u201cA Lua vai entrar na sombra da Terra e tudo acontece por conta dessa quest\u00e3o da sombra. Todos os corpos que n\u00e3o s\u00e3o pontuais, recebendo uma fonte de ilumina\u00e7\u00e3o, t\u00eam duas sombras. Uma mais clara, que a gente chama de penumbra, e uma mais escura, que \u00e9 a umbra\u201d.<\/p><\/blockquote>\n<p>\u201cNo ano que vem, vamos ter dois eclipses s\u00f3 penumbrais. A Lua vai passar s\u00f3 pela penumbra e vai sair\u201d, adiantou Josina Oliveira.<\/p>\n<p>De acordo com a astr\u00f4noma, todos os eclipses ocorrem com Lua cheia e o formato depende do quanto ela vai entrar na sombra da Terra.<\/p>\n<p>\u201cSe o plano de \u00f3rbita da Lua em torno da Terra fosse o mesmo do plano de \u00f3rbita da Terra em torno do Sol, toda Lua cheia teria eclipse, mas acontece que n\u00e3o, porque a Lua faz um plano de \u00f3rbita que \u00e9 inclinado em 5 graus em rela\u00e7\u00e3o ao outro\u201d, explicou.<\/p>\n<p>Para ter uma boa observa\u00e7\u00e3o do fen\u00f4meno \u00e9 preciso paci\u00eancia.<\/p>\n<p>Segundo Josina Oliveira, ao entrar na penumbra, que \u00e9 a sombra mais clara, ainda n\u00e3o \u00e9 poss\u00edvel notar qualquer diferen\u00e7a no brilho da Lua.<\/p>\n<p>\u201cA gente sabe que ela est\u00e1 l\u00e1, porque \u00e0s 22h24 vai entrar na penumbra, mas entre 22h24 e 23h34, que \u00e9 a hora que ela vai come\u00e7ar a entrar na umbra, a gente vai olhar para a Lua e vai ver iluminada igualmente. N\u00e3o d\u00e1 para perceber nenhuma diferen\u00e7a olhando para ela. Agora, quando for 23h34, a\u00ed come\u00e7a a perceber a diferen\u00e7a\u201d, explicou, acrescentando que o estudo dos hor\u00e1rios em que os eventos ocorrem se baseia unicamente nas posi\u00e7\u00f5es do Sol, da Terra e da Lua.<\/p>\n<p>\u201c\u00c9 isso que define a luminosidade. \u00c9 a mesma coisa de quando a gente sabe exatamente a hora em que a Lua entrou na Lua cheia, no quarto minguante e no quarto crescente. Cada m\u00eas tem um hor\u00e1rio diferente. O que a gente precisa para saber disso \u00e9 a posi\u00e7\u00e3o do Sol, da Terra e da Lua, porque o que a gente est\u00e1 vendo \u00e9 consequ\u00eancia desse tri\u00e2ngulo\u201d, explicou.<\/p>\n<p>Segundo a astr\u00f4noma, durante o eclipse, primeiro se v\u00ea um pontinho preto, que vai evoluindo at\u00e9 a parte preta ficar em formato de uma \u201cmordidinha\u201d, o que significa que a Lua est\u00e1 entrando cada vez mais na umbra, que \u00e9 a sombra escura.<\/p>\n<p>\u201cQuando ela estiver 96,2% tomada, vai come\u00e7ar a sair da umbra e tomar uma tonalidade avermelhada. Logo depois vai sair\u201d.<\/p>\n<p>Nesse fen\u00f4meno de agosto, a fase parcial levar\u00e1 3h18.\u00a0Vai come\u00e7ar \u00e0s 23h34, o m\u00e1ximo vai ser \u00e0s 1h13, j\u00e1 do dia 28, e o final do eclipse parcial vai ser \u00e0s 2h52.<\/p>\n<p>Mesmo quem estiver em fuso diferente do hor\u00e1rio de Bras\u00edlia, subtrai a diferen\u00e7a e poder\u00e1 observar o fen\u00f4meno no mesmo instante.<\/p>\n<p>\u201cQuem estiver no fuso de menos 4 horas, diminui 1 hora dos hor\u00e1rios [previstos para os movimentos]. O instante \u00e9 o mesmo, mas a hora no rel\u00f3gio \u00e9 diferente\u201d.<\/p>\n<h2>Olho nu<\/h2>\n<p>Ao contr\u00e1rio do eclipse solar, que para observar \u00e9 preciso usar filtros, equipamentos especiais ou \u00f3culos pr\u00f3prios, esse parcial da Lua poder\u00e1 ser visto a olho nu, e de qualquer lugar.<\/p>\n<p>\u201cNo caso desse eclipse, o Brasil todo vai ver e com a Lua bem alta. A \u00fanica coisa que vai fazer com que voc\u00ea n\u00e3o veja o eclipse \u00e9 se chover ou ficar nublado\u201d, apontou.<\/p>\n<p>De acordo com o Observat\u00f3rio Nacional, o eclipse desta quinta-feira \u201cpertence ao Saros 138, um ciclo de aproximadamente 18 anos que governa a recorr\u00eancia de eclipses com caracter\u00edsticas semelhantes\u201d.<\/p>\n<h2>Admira\u00e7\u00e3o<\/h2>\n<p>Para a astr\u00f4noma, o fen\u00f4meno do eclipse envolve as pessoas por causa da admira\u00e7\u00e3o pelo c\u00e9u, o que ajuda muito na divulga\u00e7\u00e3o e educa\u00e7\u00e3o relacionadas a esses eventos.<\/p>\n<p>\u201cA gente tem muita liga\u00e7\u00e3o com escolas, projetos de educa\u00e7\u00e3o de professores, de observa\u00e7\u00e3o na pra\u00e7a e em v\u00e1rias cidades do Rio e do Brasil, o Ci\u00eancia Cidad\u00e3, envolvendo as pessoas com a ci\u00eancia atrav\u00e9s da astronomia, porque o c\u00e9u \u00e9 envolvente. N\u00e3o conhe\u00e7o, em 47 anos de profiss\u00e3o, e nunca ouvi ningu\u00e9m dizer que n\u00e3o gosta de olhar para o c\u00e9u\u201d, disse.<\/p>\n<h2>Transmiss\u00e3o<\/h2>\n<p>O eclipse parcial poder\u00e1 ser acompanhado tamb\u00e9m pela live que o Observat\u00f3rio Nacional vai fazer no seu canal do YouTube a partir das 23h\u00a0pelo hor\u00e1rio de Bras\u00edlia, em uma nova edi\u00e7\u00e3o do programa O C\u00e9u em sua Casa: observa\u00e7\u00e3o remota.<\/p>\n<p>Segundo o Observat\u00f3rio, como ocorreu no eclipse solar no come\u00e7o do m\u00eas, todos os ve\u00edculos de comunica\u00e7\u00e3o poder\u00e3o retransmitir gratuitamente a cobertura, mas precisam avisar antes pelo e-mail comunicacao@on.br.<\/p>\n<p>Hor\u00e1rios:<\/p>\n<ul>\n<li>23h00: In\u00edcio da transmiss\u00e3o ao vivo pelo YouTube do ON.<\/li>\n<li>23h34 (27\/ago): In\u00edcio do eclipse parcial. A Lua toca a umbra.<\/li>\n<li>01h13 (28\/ago): M\u00e1ximo do eclipse. Momento de maior obscurecimento (96,2%).<\/li>\n<li>02h52 (28\/ago): Fim da fase parcial, com a Lua deixando a umbra.<\/li>\n<li>04h02 (28\/ago): Fim do eclipse penumbral e encerramento da transmiss\u00e3o.<\/li>\n<\/ul>\n","protected":false},"excerpt":{"rendered":"<p>A partir das 23h34, hora de Bras\u00edlia, desta quinta-feira (27), um eclipse parcial da Lua poder\u00e1 ser visto em todo o territ\u00f3rio brasileiro.\u00a0O ponto m\u00e1ximo ser\u00e1 \u00e0s 01h31, j\u00e1 na madrugada da sexta-feira (28), quando estar\u00e1 na fase mais obscura. A astr\u00f4noma do Observat\u00f3rio Nacional Josina Oliveira do Nascimento disse que esse tipo de eclipse [&hellip;]<\/p>\n","protected":false},"author":4,"featured_media":11785451,"comment_status":"closed","ping_status":"closed","sticky":false,"template":"","format":"standard","meta":{"footnotes":""},"categories":[17],"tags":[209],"class_list":["post-11785449","post","type-post","status-publish","format-standard","has-post-thumbnail","hentry","category-meio-ambiente","tag-meio-ambiente"],"_links":{"self":[{"href":"https:\/\/www.corumbaonline.com.br\/news\/wp-json\/wp\/v2\/posts\/11785449","targetHints":{"allow":["GET"]}}],"collection":[{"href":"https:\/\/www.corumbaonline.com.br\/news\/wp-json\/wp\/v2\/posts"}],"about":[{"href":"https:\/\/www.corumbaonline.com.br\/news\/wp-json\/wp\/v2\/types\/post"}],"author":[{"embeddable":true,"href":"https:\/\/www.corumbaonline.com.br\/news\/wp-json\/wp\/v2\/users\/4"}],"replies":[{"embeddable":true,"href":"https:\/\/www.corumbaonline.com.br\/news\/wp-json\/wp\/v2\/comments?post=11785449"}],"version-history":[{"count":1,"href":"https:\/\/www.corumbaonline.com.br\/news\/wp-json\/wp\/v2\/posts\/11785449\/revisions"}],"predecessor-version":[{"id":11785450,"href":"https:\/\/www.corumbaonline.com.br\/news\/wp-json\/wp\/v2\/posts\/11785449\/revisions\/11785450"}],"wp:featuredmedia":[{"embeddable":true,"href":"https:\/\/www.corumbaonline.com.br\/news\/wp-json\/wp\/v2\/media\/11785451"}],"wp:attachment":[{"href":"https:\/\/www.corumbaonline.com.br\/news\/wp-json\/wp\/v2\/media?parent=11785449"}],"wp:term":[{"taxonomy":"category","embeddable":true,"href":"https:\/\/www.corumbaonline.com.br\/news\/wp-json\/wp\/v2\/categories?post=11785449"},{"taxonomy":"post_tag","embeddable":true,"href":"https:\/\/www.corumbaonline.com.br\/news\/wp-json\/wp\/v2\/tags?post=11785449"}],"curies":[{"name":"wp","href":"https:\/\/api.w.org\/{rel}","templated":true}]}}