{"id":11785471,"date":"2026-08-28T08:00:00","date_gmt":"2026-08-28T12:00:00","guid":{"rendered":"https:\/\/www.corumbaonline.com.br\/news\/?p=11785471"},"modified":"2026-08-28T08:27:06","modified_gmt":"2026-08-28T12:27:06","slug":"sexta-feira-de-sol-forte-e-calor-extremo-em-corumba","status":"publish","type":"post","link":"https:\/\/www.corumbaonline.com.br\/news\/sexta-feira-de-sol-forte-e-calor-extremo-em-corumba\/","title":{"rendered":"Sexta-feira de sol forte e calor extremo em Corumb\u00e1"},"content":{"rendered":"<p>Nesta sexta-feira (28) em Corumb\u00e1 o sol j\u00e1 brilha forte e a manh\u00e3 come\u00e7a quente, com os term\u00f4metros marcando cerca de 27\u202f\u00b0C e sensa\u00e7\u00e3o t\u00e9rmica pr\u00f3xima disso. O vento sopra fraco, trazendo pouco al\u00edvio, e a umidade ainda est\u00e1 relativamente alta, mas tende a cair ao longo do dia. A previs\u00e3o indica que a temperatura vai subir r\u00e1pido, alcan\u00e7ando os 42\u202f\u00b0C no in\u00edcio da tarde, sob c\u00e9u limpo e sem chance de chuva. O ar seco deve predominar, exigindo hidrata\u00e7\u00e3o constante e cuidados com exposi\u00e7\u00e3o ao sol. \u00c0 noite, mesmo ap\u00f3s o p\u00f4r do sol, o calor continua, com valores em torno de 35\u00b0C, mantendo a sensa\u00e7\u00e3o abafada t\u00edpica desta onda de calor.<\/p>\n","protected":false},"excerpt":{"rendered":"<p>Nesta sexta-feira (28) em Corumb\u00e1 o sol j\u00e1 brilha forte e a manh\u00e3 come\u00e7a quente, com os term\u00f4metros marcando cerca de 27\u202f\u00b0C e sensa\u00e7\u00e3o t\u00e9rmica pr\u00f3xima disso. O vento sopra fraco, trazendo pouco al\u00edvio, e a umidade ainda est\u00e1 relativamente alta, mas tende a cair ao longo do dia. A previs\u00e3o indica que a temperatura [&hellip;]<\/p>\n","protected":false},"author":6,"featured_media":11785337,"comment_status":"closed","ping_status":"closed","sticky":false,"template":"","format":"standard","meta":{"footnotes":""},"categories":[17],"tags":[209],"class_list":["post-11785471","post","type-post","status-publish","format-standard","has-post-thumbnail","hentry","category-meio-ambiente","tag-meio-ambiente"],"_links":{"self":[{"href":"https:\/\/www.corumbaonline.com.br\/news\/wp-json\/wp\/v2\/posts\/11785471","targetHints":{"allow":["GET"]}}],"collection":[{"href":"https:\/\/www.corumbaonline.com.br\/news\/wp-json\/wp\/v2\/posts"}],"about":[{"href":"https:\/\/www.corumbaonline.com.br\/news\/wp-json\/wp\/v2\/types\/post"}],"author":[{"embeddable":true,"href":"https:\/\/www.corumbaonline.com.br\/news\/wp-json\/wp\/v2\/users\/6"}],"replies":[{"embeddable":true,"href":"https:\/\/www.corumbaonline.com.br\/news\/wp-json\/wp\/v2\/comments?post=11785471"}],"version-history":[{"count":1,"href":"https:\/\/www.corumbaonline.com.br\/news\/wp-json\/wp\/v2\/posts\/11785471\/revisions"}],"predecessor-version":[{"id":11785472,"href":"https:\/\/www.corumbaonline.com.br\/news\/wp-json\/wp\/v2\/posts\/11785471\/revisions\/11785472"}],"wp:featuredmedia":[{"embeddable":true,"href":"https:\/\/www.corumbaonline.com.br\/news\/wp-json\/wp\/v2\/media\/11785337"}],"wp:attachment":[{"href":"https:\/\/www.corumbaonline.com.br\/news\/wp-json\/wp\/v2\/media?parent=11785471"}],"wp:term":[{"taxonomy":"category","embeddable":true,"href":"https:\/\/www.corumbaonline.com.br\/news\/wp-json\/wp\/v2\/categories?post=11785471"},{"taxonomy":"post_tag","embeddable":true,"href":"https:\/\/www.corumbaonline.com.br\/news\/wp-json\/wp\/v2\/tags?post=11785471"}],"curies":[{"name":"wp","href":"https:\/\/api.w.org\/{rel}","templated":true}]}}