{"id":11785526,"date":"2026-08-29T08:00:00","date_gmt":"2026-08-29T12:00:00","guid":{"rendered":"https:\/\/www.corumbaonline.com.br\/news\/?p=11785526"},"modified":"2026-08-29T07:53:24","modified_gmt":"2026-08-29T11:53:24","slug":"calorao-marca-o-sabado-em-corumba-e-temperatura-pode-chegar-aos-39c","status":"publish","type":"post","link":"https:\/\/www.corumbaonline.com.br\/news\/calorao-marca-o-sabado-em-corumba-e-temperatura-pode-chegar-aos-39c\/","title":{"rendered":"Calor\u00e3o marca o s\u00e1bado em Corumb\u00e1 e temperatura pode chegar aos 39\u00b0C"},"content":{"rendered":"<p class=\"isSelectedEnd\">Corumb\u00e1 amanheceu neste s\u00e1bado (29) com tempo firme, sol entre algumas nuvens e temperatura na casa dos 26\u00b0C. O come\u00e7o da manh\u00e3 ainda foi relativamente agrad\u00e1vel, mas o calor ganha for\u00e7a rapidamente com o avan\u00e7o das horas. Por volta das 10h, os term\u00f4metros j\u00e1 devem alcan\u00e7ar os 30\u00b0C, iniciando uma escalada que far\u00e1 deste s\u00e1bado mais um dia de calor intenso na regi\u00e3o.<\/p>\n<p class=\"isSelectedEnd\">A tarde ser\u00e1 o per\u00edodo mais quente, com temperaturas previstas entre 37\u00b0C e 39\u00b0C. O pico do calor deve ocorrer entre 15h e 16h, quando os term\u00f4metros podem atingir a m\u00e1xima de 39\u00b0C. Mesmo com aumento de nebulosidade, n\u00e3o h\u00e1 previs\u00e3o de chuva, e a umidade relativa do ar diminui durante as horas mais quentes, aumentando o desconforto provocado pelas altas temperaturas.<\/p>\n<p>O calor tamb\u00e9m deve avan\u00e7ar pela noite. Por volta das 19h, a previs\u00e3o ainda indica cerca de 37\u00b0C, com queda lenta ao longo das horas seguintes e temperatura pr\u00f3xima dos 30\u00b0C somente no fim da noite. Diante do calor intenso e da forte radia\u00e7\u00e3o solar prevista para este s\u00e1bado, a recomenda\u00e7\u00e3o \u00e9 refor\u00e7ar a hidrata\u00e7\u00e3o e evitar exposi\u00e7\u00e3o prolongada ao sol, principalmente durante a tarde.<\/p>\n","protected":false},"excerpt":{"rendered":"<p>Corumb\u00e1 amanheceu neste s\u00e1bado (29) com tempo firme, sol entre algumas nuvens e temperatura na casa dos 26\u00b0C. O come\u00e7o da manh\u00e3 ainda foi relativamente agrad\u00e1vel, mas o calor ganha for\u00e7a rapidamente com o avan\u00e7o das horas. Por volta das 10h, os term\u00f4metros j\u00e1 devem alcan\u00e7ar os 30\u00b0C, iniciando uma escalada que far\u00e1 deste s\u00e1bado [&hellip;]<\/p>\n","protected":false},"author":6,"featured_media":11785527,"comment_status":"closed","ping_status":"closed","sticky":false,"template":"","format":"standard","meta":{"footnotes":""},"categories":[8,17],"tags":[209],"class_list":["post-11785526","post","type-post","status-publish","format-standard","has-post-thumbnail","hentry","category-destaque","category-meio-ambiente","tag-meio-ambiente"],"_links":{"self":[{"href":"https:\/\/www.corumbaonline.com.br\/news\/wp-json\/wp\/v2\/posts\/11785526","targetHints":{"allow":["GET"]}}],"collection":[{"href":"https:\/\/www.corumbaonline.com.br\/news\/wp-json\/wp\/v2\/posts"}],"about":[{"href":"https:\/\/www.corumbaonline.com.br\/news\/wp-json\/wp\/v2\/types\/post"}],"author":[{"embeddable":true,"href":"https:\/\/www.corumbaonline.com.br\/news\/wp-json\/wp\/v2\/users\/6"}],"replies":[{"embeddable":true,"href":"https:\/\/www.corumbaonline.com.br\/news\/wp-json\/wp\/v2\/comments?post=11785526"}],"version-history":[{"count":1,"href":"https:\/\/www.corumbaonline.com.br\/news\/wp-json\/wp\/v2\/posts\/11785526\/revisions"}],"predecessor-version":[{"id":11785528,"href":"https:\/\/www.corumbaonline.com.br\/news\/wp-json\/wp\/v2\/posts\/11785526\/revisions\/11785528"}],"wp:featuredmedia":[{"embeddable":true,"href":"https:\/\/www.corumbaonline.com.br\/news\/wp-json\/wp\/v2\/media\/11785527"}],"wp:attachment":[{"href":"https:\/\/www.corumbaonline.com.br\/news\/wp-json\/wp\/v2\/media?parent=11785526"}],"wp:term":[{"taxonomy":"category","embeddable":true,"href":"https:\/\/www.corumbaonline.com.br\/news\/wp-json\/wp\/v2\/categories?post=11785526"},{"taxonomy":"post_tag","embeddable":true,"href":"https:\/\/www.corumbaonline.com.br\/news\/wp-json\/wp\/v2\/tags?post=11785526"}],"curies":[{"name":"wp","href":"https:\/\/api.w.org\/{rel}","templated":true}]}}