{"id":11785529,"date":"2026-08-29T08:09:00","date_gmt":"2026-08-29T12:09:00","guid":{"rendered":"https:\/\/www.corumbaonline.com.br\/news\/?p=11785529"},"modified":"2026-08-29T07:55:30","modified_gmt":"2026-08-29T11:55:30","slug":"corumba-realiza-vacinacao-em-duas-unidades-de-saude-neste-sabado-dia-29","status":"publish","type":"post","link":"https:\/\/www.corumbaonline.com.br\/news\/corumba-realiza-vacinacao-em-duas-unidades-de-saude-neste-sabado-dia-29\/","title":{"rendered":"Corumb\u00e1 realiza vacina\u00e7\u00e3o em duas unidades de sa\u00fade neste s\u00e1bado, dia 29"},"content":{"rendered":"<p>A Prefeitura de Corumb\u00e1, por meio da Secretaria Municipal de Sa\u00fade, realiza neste s\u00e1bado, 29 de agosto, uma a\u00e7\u00e3o de vacina\u00e7\u00e3o em duas unidades da rede municipal. O atendimento ser\u00e1 das 08h \u00e0s 12 horas, com oferta das vacinas previstas no calend\u00e1rio de rotina.<\/p>\n<p>A imuniza\u00e7\u00e3o estar\u00e1 dispon\u00edvel para crian\u00e7as, adolescentes, adultos e idosos na ESF \u00canio Cunha II, localizada na alameda Laranjeiras, n\u00ba 170, Lote 16, no bairro Dom Bosco, e na ESF Simone Flores, na rua Lu\u00eds Feitosa Rodrigues, no bairro Guat\u00f3s.\u00a0A iniciativa integra a programa\u00e7\u00e3o de a\u00e7\u00f5es de vacina\u00e7\u00e3o promovida pela Secretaria Municipal de Sa\u00fade durante o m\u00eas de agosto.<\/p>\n<p>No \u00faltimo s\u00e1bado, 22 de agosto, o Dia D da Vacina\u00e7\u00e3o contou com sete pontos de atendimento em Corumb\u00e1. Ao todo, foram aplicadas 3.714 doses de vacinas durante a mobiliza\u00e7\u00e3o.<\/p>\n<p>A Secretaria Municipal de Sa\u00fade orienta a popula\u00e7\u00e3o a aproveitar a a\u00e7\u00e3o para verificar a situa\u00e7\u00e3o da carteira de vacina\u00e7\u00e3o e manter as doses previstas para cada faixa et\u00e1ria atualizadas.<\/p>\n","protected":false},"excerpt":{"rendered":"<p>A Prefeitura de Corumb\u00e1, por meio da Secretaria Municipal de Sa\u00fade, realiza neste s\u00e1bado, 29 de agosto, uma a\u00e7\u00e3o de vacina\u00e7\u00e3o em duas unidades da rede municipal. O atendimento ser\u00e1 das 08h \u00e0s 12 horas, com oferta das vacinas previstas no calend\u00e1rio de rotina. A imuniza\u00e7\u00e3o estar\u00e1 dispon\u00edvel para crian\u00e7as, adolescentes, adultos e idosos na [&hellip;]<\/p>\n","protected":false},"author":70,"featured_media":11785530,"comment_status":"closed","ping_status":"closed","sticky":false,"template":"","format":"standard","meta":{"footnotes":""},"categories":[21],"tags":[222],"class_list":["post-11785529","post","type-post","status-publish","format-standard","has-post-thumbnail","hentry","category-saude","tag-saude"],"_links":{"self":[{"href":"https:\/\/www.corumbaonline.com.br\/news\/wp-json\/wp\/v2\/posts\/11785529","targetHints":{"allow":["GET"]}}],"collection":[{"href":"https:\/\/www.corumbaonline.com.br\/news\/wp-json\/wp\/v2\/posts"}],"about":[{"href":"https:\/\/www.corumbaonline.com.br\/news\/wp-json\/wp\/v2\/types\/post"}],"author":[{"embeddable":true,"href":"https:\/\/www.corumbaonline.com.br\/news\/wp-json\/wp\/v2\/users\/70"}],"replies":[{"embeddable":true,"href":"https:\/\/www.corumbaonline.com.br\/news\/wp-json\/wp\/v2\/comments?post=11785529"}],"version-history":[{"count":1,"href":"https:\/\/www.corumbaonline.com.br\/news\/wp-json\/wp\/v2\/posts\/11785529\/revisions"}],"predecessor-version":[{"id":11785531,"href":"https:\/\/www.corumbaonline.com.br\/news\/wp-json\/wp\/v2\/posts\/11785529\/revisions\/11785531"}],"wp:featuredmedia":[{"embeddable":true,"href":"https:\/\/www.corumbaonline.com.br\/news\/wp-json\/wp\/v2\/media\/11785530"}],"wp:attachment":[{"href":"https:\/\/www.corumbaonline.com.br\/news\/wp-json\/wp\/v2\/media?parent=11785529"}],"wp:term":[{"taxonomy":"category","embeddable":true,"href":"https:\/\/www.corumbaonline.com.br\/news\/wp-json\/wp\/v2\/categories?post=11785529"},{"taxonomy":"post_tag","embeddable":true,"href":"https:\/\/www.corumbaonline.com.br\/news\/wp-json\/wp\/v2\/tags?post=11785529"}],"curies":[{"name":"wp","href":"https:\/\/api.w.org\/{rel}","templated":true}]}}