{"id":11785535,"date":"2026-08-29T08:47:00","date_gmt":"2026-08-29T12:47:00","guid":{"rendered":"https:\/\/www.corumbaonline.com.br\/news\/?p=11785535"},"modified":"2026-08-29T08:18:46","modified_gmt":"2026-08-29T12:18:46","slug":"bandeira-tarifaria-de-energia-permanecera-amarela-em-setembro","status":"publish","type":"post","link":"https:\/\/www.corumbaonline.com.br\/news\/bandeira-tarifaria-de-energia-permanecera-amarela-em-setembro\/","title":{"rendered":"Bandeira tarif\u00e1ria de energia permanecer\u00e1 amarela em setembro"},"content":{"rendered":"<p><strong>A bandeira tarif\u00e1ria permanecer\u00e1 amarela em setembro<\/strong>, informou nesta sexta-feira (28) a Ag\u00eancia Nacional de Energia El\u00e9trica (Aneel). Ser\u00e1 mantido o acr\u00e9scimo nas contas de luz, no pr\u00f3ximo m\u00eas, para todos os consumidores conectados ao Sistema Interligado Nacional (SIN). O custo adicional da bandeira \u00e9 de R$ 1,885 a cada 100 kWh consumidos.<img decoding=\"async\" src=\"https:\/\/agenciabrasil.ebc.com.br\/ebc.png?id=1700976&amp;o=node\" \/><img decoding=\"async\" src=\"https:\/\/agenciabrasil.ebc.com.br\/ebc.gif?id=1700976&amp;o=node\" \/><\/p>\n<p>\u00c9 o quinto m\u00eas consecutivo com a bandeira amarela. Segundo a Aneel,\u00a0<strong>a manuten\u00e7\u00e3o da bandeira se deve ao per\u00edodo seco no Brasil<\/strong>, o que leva a uma gera\u00e7\u00e3o hidrel\u00e9trica menor, devido ao menor n\u00edvel dos reservat\u00f3rios, e ao acionamento de usinas termel\u00e9tricas, com custo mais elevado.<\/p>\n<p>\u201cA sinaliza\u00e7\u00e3o reflete condi\u00e7\u00f5es menos favor\u00e1veis de gera\u00e7\u00e3o de energia no pa\u00eds, com necessidade de utiliza\u00e7\u00e3o de fontes de gera\u00e7\u00e3o com custos mais elevados&#8221;, disse a Aneel.<\/p>\n<p>A ag\u00eancia reguladora ressaltou a necessidade do uso consciente da energia el\u00e9trica.<\/p>\n<p><strong>&#8220;Pequenas mudan\u00e7as de h\u00e1bito podem contribuir para reduzir o consumo e ajudar no controle dos gastos com a conta de luz&#8221;, recomenda.<\/strong><\/p>\n<p>Criado em 2015 pela Aneel, o sistema de bandeiras tarif\u00e1rias reflete os custos vari\u00e1veis da gera\u00e7\u00e3o de energia el\u00e9trica. Divididas em cores, as bandeiras indicam quanto est\u00e1 custando para o Sistema Interligado Nacional (SIN) gerar a energia usada nas resid\u00eancias, em estabelecimentos comerciais e nas ind\u00fastrias.<\/p>\n<p>As cores das bandeiras tarif\u00e1rias s\u00e3o definidas a partir da previs\u00e3o de varia\u00e7\u00e3o do custo da energia em cada m\u00eas. Quando a conta de luz \u00e9 calculada pela bandeira verde, n\u00e3o h\u00e1 nenhum acr\u00e9scimo. Quando s\u00e3o aplicadas as bandeiras vermelha ou amarela, a conta sofre acr\u00e9scimo a cada 100 quilowatts-hora (kWh) consumido.<\/p>\n<p>Os valores cobrados s\u00e3o os seguintes:<\/p>\n<ul>\n<li>bandeira amarela, com condi\u00e7\u00f5es de gera\u00e7\u00e3o menos favor\u00e1veis, a tarifa sofre acr\u00e9scimo de R$ 1,88 para cada 100 quilowatt-hora (kWh) consumidos;<\/li>\n<li>bandeira vermelha, no Patamar 1, com condi\u00e7\u00f5es mais custosas de gera\u00e7\u00e3o, a tarifa sofre acr\u00e9scimo de R$ 4,46 para 100 quilowatt-hora kWh consumido;<\/li>\n<li>bandeira vermelha, no Patamar 2, as condi\u00e7\u00f5es de gera\u00e7\u00e3o s\u00e3o ainda mais custosas, com a tarifa sofrendo acr\u00e9scimo de R$ 7,87 para cada 100 quilowatt-hora kWh consumido.<\/li>\n<\/ul>\n","protected":false},"excerpt":{"rendered":"<p>A bandeira tarif\u00e1ria permanecer\u00e1 amarela em setembro, informou nesta sexta-feira (28) a Ag\u00eancia Nacional de Energia El\u00e9trica (Aneel). Ser\u00e1 mantido o acr\u00e9scimo nas contas de luz, no pr\u00f3ximo m\u00eas, para todos os consumidores conectados ao Sistema Interligado Nacional (SIN). O custo adicional da bandeira \u00e9 de R$ 1,885 a cada 100 kWh consumidos. \u00c9 o [&hellip;]<\/p>\n","protected":false},"author":4,"featured_media":11785536,"comment_status":"closed","ping_status":"closed","sticky":false,"template":"","format":"standard","meta":{"footnotes":""},"categories":[9],"tags":[189],"class_list":["post-11785535","post","type-post","status-publish","format-standard","has-post-thumbnail","hentry","category-economia","tag-economia"],"_links":{"self":[{"href":"https:\/\/www.corumbaonline.com.br\/news\/wp-json\/wp\/v2\/posts\/11785535","targetHints":{"allow":["GET"]}}],"collection":[{"href":"https:\/\/www.corumbaonline.com.br\/news\/wp-json\/wp\/v2\/posts"}],"about":[{"href":"https:\/\/www.corumbaonline.com.br\/news\/wp-json\/wp\/v2\/types\/post"}],"author":[{"embeddable":true,"href":"https:\/\/www.corumbaonline.com.br\/news\/wp-json\/wp\/v2\/users\/4"}],"replies":[{"embeddable":true,"href":"https:\/\/www.corumbaonline.com.br\/news\/wp-json\/wp\/v2\/comments?post=11785535"}],"version-history":[{"count":1,"href":"https:\/\/www.corumbaonline.com.br\/news\/wp-json\/wp\/v2\/posts\/11785535\/revisions"}],"predecessor-version":[{"id":11785537,"href":"https:\/\/www.corumbaonline.com.br\/news\/wp-json\/wp\/v2\/posts\/11785535\/revisions\/11785537"}],"wp:featuredmedia":[{"embeddable":true,"href":"https:\/\/www.corumbaonline.com.br\/news\/wp-json\/wp\/v2\/media\/11785536"}],"wp:attachment":[{"href":"https:\/\/www.corumbaonline.com.br\/news\/wp-json\/wp\/v2\/media?parent=11785535"}],"wp:term":[{"taxonomy":"category","embeddable":true,"href":"https:\/\/www.corumbaonline.com.br\/news\/wp-json\/wp\/v2\/categories?post=11785535"},{"taxonomy":"post_tag","embeddable":true,"href":"https:\/\/www.corumbaonline.com.br\/news\/wp-json\/wp\/v2\/tags?post=11785535"}],"curies":[{"name":"wp","href":"https:\/\/api.w.org\/{rel}","templated":true}]}}