{"id":11785538,"date":"2026-08-29T09:06:00","date_gmt":"2026-08-29T13:06:00","guid":{"rendered":"https:\/\/www.corumbaonline.com.br\/news\/?p=11785538"},"modified":"2026-08-29T08:48:23","modified_gmt":"2026-08-29T12:48:23","slug":"espetaculo-turma-da-boiadeirinha-anima-criancas-e-adultos-no-palco-lua-durante-fib-2026","status":"publish","type":"post","link":"https:\/\/www.corumbaonline.com.br\/news\/espetaculo-turma-da-boiadeirinha-anima-criancas-e-adultos-no-palco-lua-durante-fib-2026\/","title":{"rendered":"Espet\u00e1culo Turma da Boiadeirinha anima crian\u00e7as e adultos no Palco Lua durante FIB 2026"},"content":{"rendered":"<p dir=\"ltr\">Destaque da programa\u00e7\u00e3o do Palco Lua, o espet\u00e1culo Turma da Boiadeirinha animou a crian\u00e7ada no terceiro dia do Festival de Inverno de Bonito 2026. O musical, que j\u00e1 conquistou o cora\u00e7\u00e3o de crian\u00e7as de 3 a 6 anos, tamb\u00e9m atraiu f\u00e3s do universo sertanejo de todas as idades, promovendo um grande encontro entre gera\u00e7\u00f5es, com muita divers\u00e3o, interatividade e encantamento.<\/p>\n<p dir=\"ltr\">Elaine Apol\u00f4nio levou a pequena Maya, de 1 ano e 7 meses, para assistir ao espet\u00e1culo. &#8220;Minha filha ama de paix\u00e3o a Boiadeirinha e, quando estamos em casa, sempre pede para assistir. A expectativa para o show estava muito grande e conseguimos ficar bem aqui na frente do palco s\u00f3 para n\u00e3o perder nada&#8221;, contou a m\u00e3e, t\u00e3o encantada quanto a filha.<\/p>\n<p dir=\"ltr\">J\u00e1 a bonitense Maria Thereza, de 9 anos, disse que estava ansiosa para o espet\u00e1culo e pediu aos padrinhos que a acompanhassem. &#8220;Est\u00e1 muito bonito o show. Gosto da Boiadeirinha desde que come\u00e7ou a passar o desenho. Eu pedi para os meus dindos me trazerem porque eu n\u00e3o queria perder&#8221;, contou.<\/p>\n<p dir=\"ltr\">A m\u00e3e de Ana Vit\u00f3ria, Tamires da Silva Gon\u00e7alves, conta que aguardava pelo show desde que ele foi anunciado como atra\u00e7\u00e3o do Festival. &#8220;Eu trouxe a minha princesa porque ela ama a Boiadeirinha. Pede at\u00e9 para tocar as m\u00fasicas no carro.&#8221; Aos 3 anos e meio e sem tirar os olhos do palco, Ana Vit\u00f3ria s\u00f3 acenava com a cabe\u00e7a para concordar que estava amando assistir ao espet\u00e1culo.<\/p>\n<p dir=\"ltr\">O show Turma da Boiadeirinha \u00e9 inspirado na cantora sul-mato-grossense Ana Castela e conta com seis personagens: Boiadeirinha, Pereirinha, Professora Maria Rosa, Blake, Pierre e Vov\u00f4. O espet\u00e1culo \u00e9 uma adapta\u00e7\u00e3o do desenho animado de mesmo nome, que aborda temas como a vida no campo, a amizade e a imagina\u00e7\u00e3o. A apresenta\u00e7\u00e3o re\u00fane m\u00fasica, dan\u00e7a, coreografias, brincadeiras, interatividade e mensagens educativas para toda a fam\u00edlia.<\/p>\n\n\n<figure class=\"wp-block-gallery has-nested-images columns-default is-cropped wp-block-gallery-1 is-layout-flex wp-block-gallery-is-layout-flex\">\n<figure class=\"wp-block-image size-large\"><img loading=\"lazy\" decoding=\"async\" width=\"1024\" height=\"683\" data-id=\"11785540\" src=\"https:\/\/www.corumbaonline.com.br\/news\/wp-content\/uploads\/2026\/08\/foto126913-1024x683.jpg\" alt=\"\" class=\"wp-image-11785540\" srcset=\"https:\/\/www.corumbaonline.com.br\/news\/wp-content\/uploads\/2026\/08\/foto126913-1024x683.jpg 1024w, https:\/\/www.corumbaonline.com.br\/news\/wp-content\/uploads\/2026\/08\/foto126913-300x200.jpg 300w, https:\/\/www.corumbaonline.com.br\/news\/wp-content\/uploads\/2026\/08\/foto126913-768x512.jpg 768w, https:\/\/www.corumbaonline.com.br\/news\/wp-content\/uploads\/2026\/08\/foto126913.jpg 1200w\" sizes=\"auto, (max-width: 1024px) 100vw, 1024px\" \/><\/figure>\n\n\n\n<figure class=\"wp-block-image size-large\"><img loading=\"lazy\" decoding=\"async\" width=\"1024\" height=\"683\" data-id=\"11785541\" src=\"https:\/\/www.corumbaonline.com.br\/news\/wp-content\/uploads\/2026\/08\/foto126914-1024x683.jpg\" alt=\"\" class=\"wp-image-11785541\" srcset=\"https:\/\/www.corumbaonline.com.br\/news\/wp-content\/uploads\/2026\/08\/foto126914-1024x683.jpg 1024w, https:\/\/www.corumbaonline.com.br\/news\/wp-content\/uploads\/2026\/08\/foto126914-300x200.jpg 300w, https:\/\/www.corumbaonline.com.br\/news\/wp-content\/uploads\/2026\/08\/foto126914-768x512.jpg 768w, https:\/\/www.corumbaonline.com.br\/news\/wp-content\/uploads\/2026\/08\/foto126914.jpg 1200w\" sizes=\"auto, (max-width: 1024px) 100vw, 1024px\" \/><\/figure>\n\n\n\n<figure class=\"wp-block-image size-large\"><img loading=\"lazy\" decoding=\"async\" width=\"1024\" height=\"683\" data-id=\"11785542\" src=\"https:\/\/www.corumbaonline.com.br\/news\/wp-content\/uploads\/2026\/08\/foto126915-1024x683.jpg\" alt=\"\" class=\"wp-image-11785542\" srcset=\"https:\/\/www.corumbaonline.com.br\/news\/wp-content\/uploads\/2026\/08\/foto126915-1024x683.jpg 1024w, https:\/\/www.corumbaonline.com.br\/news\/wp-content\/uploads\/2026\/08\/foto126915-300x200.jpg 300w, https:\/\/www.corumbaonline.com.br\/news\/wp-content\/uploads\/2026\/08\/foto126915-768x512.jpg 768w, https:\/\/www.corumbaonline.com.br\/news\/wp-content\/uploads\/2026\/08\/foto126915.jpg 1200w\" sizes=\"auto, (max-width: 1024px) 100vw, 1024px\" \/><\/figure>\n\n\n\n<figure class=\"wp-block-image size-large\"><img loading=\"lazy\" decoding=\"async\" width=\"1024\" height=\"683\" data-id=\"11785539\" src=\"https:\/\/www.corumbaonline.com.br\/news\/wp-content\/uploads\/2026\/08\/foto126912-1024x683.jpg\" alt=\"\" class=\"wp-image-11785539\" srcset=\"https:\/\/www.corumbaonline.com.br\/news\/wp-content\/uploads\/2026\/08\/foto126912-1024x683.jpg 1024w, https:\/\/www.corumbaonline.com.br\/news\/wp-content\/uploads\/2026\/08\/foto126912-300x200.jpg 300w, https:\/\/www.corumbaonline.com.br\/news\/wp-content\/uploads\/2026\/08\/foto126912-768x512.jpg 768w, https:\/\/www.corumbaonline.com.br\/news\/wp-content\/uploads\/2026\/08\/foto126912.jpg 1200w\" sizes=\"auto, (max-width: 1024px) 100vw, 1024px\" \/><\/figure>\n<\/figure>\n","protected":false},"excerpt":{"rendered":"<p>Destaque da programa\u00e7\u00e3o do Palco Lua, o espet\u00e1culo Turma da Boiadeirinha animou a crian\u00e7ada no terceiro dia do Festival de Inverno de Bonito 2026. O musical, que j\u00e1 conquistou o cora\u00e7\u00e3o de crian\u00e7as de 3 a 6 anos, tamb\u00e9m atraiu f\u00e3s do universo sertanejo de todas as idades, promovendo um grande encontro entre gera\u00e7\u00f5es, com [&hellip;]<\/p>\n","protected":false},"author":8,"featured_media":11785539,"comment_status":"closed","ping_status":"closed","sticky":false,"template":"","format":"standard","meta":{"footnotes":""},"categories":[7,103],"tags":[184,233],"class_list":["post-11785538","post","type-post","status-publish","format-standard","has-post-thumbnail","hentry","category-cultura","category-fib","tag-cultura","tag-fib"],"_links":{"self":[{"href":"https:\/\/www.corumbaonline.com.br\/news\/wp-json\/wp\/v2\/posts\/11785538","targetHints":{"allow":["GET"]}}],"collection":[{"href":"https:\/\/www.corumbaonline.com.br\/news\/wp-json\/wp\/v2\/posts"}],"about":[{"href":"https:\/\/www.corumbaonline.com.br\/news\/wp-json\/wp\/v2\/types\/post"}],"author":[{"embeddable":true,"href":"https:\/\/www.corumbaonline.com.br\/news\/wp-json\/wp\/v2\/users\/8"}],"replies":[{"embeddable":true,"href":"https:\/\/www.corumbaonline.com.br\/news\/wp-json\/wp\/v2\/comments?post=11785538"}],"version-history":[{"count":1,"href":"https:\/\/www.corumbaonline.com.br\/news\/wp-json\/wp\/v2\/posts\/11785538\/revisions"}],"predecessor-version":[{"id":11785543,"href":"https:\/\/www.corumbaonline.com.br\/news\/wp-json\/wp\/v2\/posts\/11785538\/revisions\/11785543"}],"wp:featuredmedia":[{"embeddable":true,"href":"https:\/\/www.corumbaonline.com.br\/news\/wp-json\/wp\/v2\/media\/11785539"}],"wp:attachment":[{"href":"https:\/\/www.corumbaonline.com.br\/news\/wp-json\/wp\/v2\/media?parent=11785538"}],"wp:term":[{"taxonomy":"category","embeddable":true,"href":"https:\/\/www.corumbaonline.com.br\/news\/wp-json\/wp\/v2\/categories?post=11785538"},{"taxonomy":"post_tag","embeddable":true,"href":"https:\/\/www.corumbaonline.com.br\/news\/wp-json\/wp\/v2\/tags?post=11785538"}],"curies":[{"name":"wp","href":"https:\/\/api.w.org\/{rel}","templated":true}]}}