{"id":11785555,"date":"2026-08-29T10:30:00","date_gmt":"2026-08-29T14:30:00","guid":{"rendered":"https:\/\/www.corumbaonline.com.br\/news\/?p=11785555"},"modified":"2026-08-29T11:16:24","modified_gmt":"2026-08-29T15:16:24","slug":"motociclista-fica-ferido-apos-atingir-fio-suspenso-em-rua-de-corumba","status":"publish","type":"post","link":"https:\/\/www.corumbaonline.com.br\/news\/motociclista-fica-ferido-apos-atingir-fio-suspenso-em-rua-de-corumba\/","title":{"rendered":"Motociclista fica ferido ap\u00f3s atingir fio suspenso em rua de Corumb\u00e1"},"content":{"rendered":"<p>Um motociclista de 25 anos ficou ferido ap\u00f3s atingir um fio de telefone que estava suspenso sobre a rua Tiradentes, nas proximidades da esquina com a rua Cuiab\u00e1, em Corumb\u00e1. O acidente ocorreu por volta do meio-dia desta sexta-feira (28) e mobilizou uma equipe de Atendimento Pr\u00e9-Hospitalar (APH) do Corpo de Bombeiros Militar.<\/p>\n<p>Segundo informa\u00e7\u00f5es levantadas pela guarni\u00e7\u00e3o, o motociclista trafegava pela via quando atingiu o fio, que n\u00e3o teria sido visualizado a tempo. O cabo acabou se enroscando na roda da motocicleta, fazendo com que o condutor perdesse o controle do ve\u00edculo e ca\u00edsse ao solo.<\/p>\n<p>Quando os bombeiros chegaram ao local, a v\u00edtima estava consciente e orientada, sentada em uma cadeira na cal\u00e7ada e sendo auxiliada por populares que prestaram os primeiros cuidados. Durante a avalia\u00e7\u00e3o, os militares constataram que o motociclista apresentava dor e suspeita de luxa\u00e7\u00e3o no cotovelo direito, al\u00e9m de escoria\u00e7\u00f5es nos dois bra\u00e7os.<\/p>\n<p>Ap\u00f3s os primeiros socorros, a equipe realizou a imobiliza\u00e7\u00e3o do membro afetado e encaminhou o motociclista ao pronto-socorro de Corumb\u00e1.<\/p>\n<p>De acordo com a Central de Opera\u00e7\u00f5es do 3\u00ba Grupamento de Bombeiros Militar (3\u00ba GBM), esta foi uma das 14 ocorr\u00eancias atendidas pelas guarni\u00e7\u00f5es de prontid\u00e3o nas \u00faltimas 24 horas em Corumb\u00e1.<\/p>\n","protected":false},"excerpt":{"rendered":"<p>Um motociclista de 25 anos ficou ferido ap\u00f3s atingir um fio de telefone que estava suspenso sobre a rua Tiradentes, nas proximidades da esquina com a rua Cuiab\u00e1, em Corumb\u00e1. O acidente ocorreu por volta do meio-dia desta sexta-feira (28) e mobilizou uma equipe de Atendimento Pr\u00e9-Hospitalar (APH) do Corpo de Bombeiros Militar. Segundo informa\u00e7\u00f5es [&hellip;]<\/p>\n","protected":false},"author":6,"featured_media":11785556,"comment_status":"closed","ping_status":"closed","sticky":false,"template":"","format":"standard","meta":{"footnotes":""},"categories":[18],"tags":[249],"class_list":["post-11785555","post","type-post","status-publish","format-standard","has-post-thumbnail","hentry","category-seguranca","tag-seguranca"],"_links":{"self":[{"href":"https:\/\/www.corumbaonline.com.br\/news\/wp-json\/wp\/v2\/posts\/11785555","targetHints":{"allow":["GET"]}}],"collection":[{"href":"https:\/\/www.corumbaonline.com.br\/news\/wp-json\/wp\/v2\/posts"}],"about":[{"href":"https:\/\/www.corumbaonline.com.br\/news\/wp-json\/wp\/v2\/types\/post"}],"author":[{"embeddable":true,"href":"https:\/\/www.corumbaonline.com.br\/news\/wp-json\/wp\/v2\/users\/6"}],"replies":[{"embeddable":true,"href":"https:\/\/www.corumbaonline.com.br\/news\/wp-json\/wp\/v2\/comments?post=11785555"}],"version-history":[{"count":1,"href":"https:\/\/www.corumbaonline.com.br\/news\/wp-json\/wp\/v2\/posts\/11785555\/revisions"}],"predecessor-version":[{"id":11785557,"href":"https:\/\/www.corumbaonline.com.br\/news\/wp-json\/wp\/v2\/posts\/11785555\/revisions\/11785557"}],"wp:featuredmedia":[{"embeddable":true,"href":"https:\/\/www.corumbaonline.com.br\/news\/wp-json\/wp\/v2\/media\/11785556"}],"wp:attachment":[{"href":"https:\/\/www.corumbaonline.com.br\/news\/wp-json\/wp\/v2\/media?parent=11785555"}],"wp:term":[{"taxonomy":"category","embeddable":true,"href":"https:\/\/www.corumbaonline.com.br\/news\/wp-json\/wp\/v2\/categories?post=11785555"},{"taxonomy":"post_tag","embeddable":true,"href":"https:\/\/www.corumbaonline.com.br\/news\/wp-json\/wp\/v2\/tags?post=11785555"}],"curies":[{"name":"wp","href":"https:\/\/api.w.org\/{rel}","templated":true}]}}