{"id":11785558,"date":"2026-08-29T10:48:00","date_gmt":"2026-08-29T14:48:00","guid":{"rendered":"https:\/\/www.corumbaonline.com.br\/news\/?p=11785558"},"modified":"2026-08-29T11:21:57","modified_gmt":"2026-08-29T15:21:57","slug":"crianca-fica-com-arame-farpado-cravado-no-dedo-durante-brincadeira-em-ladario","status":"publish","type":"post","link":"https:\/\/www.corumbaonline.com.br\/news\/crianca-fica-com-arame-farpado-cravado-no-dedo-durante-brincadeira-em-ladario\/","title":{"rendered":"Crian\u00e7a fica com arame farpado cravado no dedo durante brincadeira em Lad\u00e1rio"},"content":{"rendered":"<p>Uma crian\u00e7a de 7 anos precisou ser socorrida pelo Corpo de Bombeiros Militar ap\u00f3s ficar com um peda\u00e7o de arame farpado cravado no dedo enquanto brincava de esconde-esconde. A ocorr\u00eancia foi registrada por volta das 19h20 desta sexta-feira (28), na rua Vitor Urt, no bairro Alta Floresta, em Lad\u00e1rio.<\/p>\n<p>Segundo informa\u00e7\u00f5es repassadas aos bombeiros, a crian\u00e7a brincava quando tentou subir em um muro e apoiou a m\u00e3o em uma cerca de arame farpado. Durante a tentativa, acabou escorregando e ficou com a m\u00e3o presa na estrutura.<\/p>\n<p>Populares que estavam no local cortaram o arame para conseguir retirar a crian\u00e7a da cerca. Quando a guarni\u00e7\u00e3o de resgate chegou, o menino estava sentado em uma cadeira e apresentava um trecho do arame farpado ainda cravado no dedo indicador da m\u00e3o esquerda.<\/p>\n<p>Os bombeiros realizaram a imobiliza\u00e7\u00e3o do membro com tala e atadura e transportaram a crian\u00e7a com seguran\u00e7a at\u00e9 o pronto-socorro. J\u00e1 na unidade de sa\u00fade, ap\u00f3s a equipe m\u00e9dica assumir o atendimento, foi solicitado novamente o apoio da guarni\u00e7\u00e3o para cortar o trecho excedente do arame.<\/p>\n<p>Utilizando o equipamento corta-frio da viatura de resgate, os militares fizeram o corte do material, possibilitando que a equipe m\u00e9dica desse continuidade aos procedimentos necess\u00e1rios para a retirada do objeto e tratamento do ferimento.<\/p>\n<p>A crian\u00e7a permaneceu no pronto-socorro sob os cuidados da equipe m\u00e9dica e acompanhada por um familiar.<\/p>\n","protected":false},"excerpt":{"rendered":"<p>Uma crian\u00e7a de 7 anos precisou ser socorrida pelo Corpo de Bombeiros Militar ap\u00f3s ficar com um peda\u00e7o de arame farpado cravado no dedo enquanto brincava de esconde-esconde. A ocorr\u00eancia foi registrada por volta das 19h20 desta sexta-feira (28), na rua Vitor Urt, no bairro Alta Floresta, em Lad\u00e1rio. Segundo informa\u00e7\u00f5es repassadas aos bombeiros, a [&hellip;]<\/p>\n","protected":false},"author":6,"featured_media":11785559,"comment_status":"closed","ping_status":"closed","sticky":false,"template":"","format":"standard","meta":{"footnotes":""},"categories":[18],"tags":[249],"class_list":["post-11785558","post","type-post","status-publish","format-standard","has-post-thumbnail","hentry","category-seguranca","tag-seguranca"],"_links":{"self":[{"href":"https:\/\/www.corumbaonline.com.br\/news\/wp-json\/wp\/v2\/posts\/11785558","targetHints":{"allow":["GET"]}}],"collection":[{"href":"https:\/\/www.corumbaonline.com.br\/news\/wp-json\/wp\/v2\/posts"}],"about":[{"href":"https:\/\/www.corumbaonline.com.br\/news\/wp-json\/wp\/v2\/types\/post"}],"author":[{"embeddable":true,"href":"https:\/\/www.corumbaonline.com.br\/news\/wp-json\/wp\/v2\/users\/6"}],"replies":[{"embeddable":true,"href":"https:\/\/www.corumbaonline.com.br\/news\/wp-json\/wp\/v2\/comments?post=11785558"}],"version-history":[{"count":1,"href":"https:\/\/www.corumbaonline.com.br\/news\/wp-json\/wp\/v2\/posts\/11785558\/revisions"}],"predecessor-version":[{"id":11785560,"href":"https:\/\/www.corumbaonline.com.br\/news\/wp-json\/wp\/v2\/posts\/11785558\/revisions\/11785560"}],"wp:featuredmedia":[{"embeddable":true,"href":"https:\/\/www.corumbaonline.com.br\/news\/wp-json\/wp\/v2\/media\/11785559"}],"wp:attachment":[{"href":"https:\/\/www.corumbaonline.com.br\/news\/wp-json\/wp\/v2\/media?parent=11785558"}],"wp:term":[{"taxonomy":"category","embeddable":true,"href":"https:\/\/www.corumbaonline.com.br\/news\/wp-json\/wp\/v2\/categories?post=11785558"},{"taxonomy":"post_tag","embeddable":true,"href":"https:\/\/www.corumbaonline.com.br\/news\/wp-json\/wp\/v2\/tags?post=11785558"}],"curies":[{"name":"wp","href":"https:\/\/api.w.org\/{rel}","templated":true}]}}