{"id":11785564,"date":"2026-08-29T11:27:00","date_gmt":"2026-08-29T15:27:00","guid":{"rendered":"https:\/\/www.corumbaonline.com.br\/news\/?p=11785564"},"modified":"2026-08-29T13:30:09","modified_gmt":"2026-08-29T17:30:09","slug":"vela-pode-ter-provocado-incendio-em-residencia-no-bairro-popular-velha-em-corumba","status":"publish","type":"post","link":"https:\/\/www.corumbaonline.com.br\/news\/vela-pode-ter-provocado-incendio-em-residencia-no-bairro-popular-velha-em-corumba\/","title":{"rendered":"Vela pode ter provocado inc\u00eandio em resid\u00eancia no bairro Popular Velha, em Corumb\u00e1"},"content":{"rendered":"<p>Um inc\u00eandio atingiu uma resid\u00eancia na rua Tiradentes, no bairro Popular Velha, em Corumb\u00e1, por volta da meia-noite. Guarni\u00e7\u00f5es de combate a inc\u00eandio do 3\u00ba Grupamento de Bombeiros Militar (3\u00ba GBM) foram acionadas para controlar as chamas. Ningu\u00e9m ficou ferido.<\/p>\n<p>Ao chegarem ao endere\u00e7o, os bombeiros constataram que o fogo estava concentrado em um dos c\u00f4modos da resid\u00eancia. As chamas atingiram uma cama, um colch\u00e3o e outros materiais que estavam no quarto.<\/p>\n<p>O morador do im\u00f3vel, um senhor, recebeu aux\u00edlio de populares, que iniciaram o combate ao inc\u00eandio antes da chegada das equipes do Corpo de Bombeiros, ajudando a conter o avan\u00e7o das chamas.<\/p>\n<p>Conforme informa\u00e7\u00f5es levantadas no local, o morador relatou que havia acendido uma vela sobre um m\u00f3vel dentro do c\u00f4modo. A vela \u00e9 apontada como uma poss\u00edvel causa do princ\u00edpio de inc\u00eandio, mas a origem do fogo n\u00e3o foi oficialmente confirmada.<\/p>\n<p>Os militares conclu\u00edram o combate utilizando aproximadamente 100 litros de \u00e1gua e, posteriormente, realizaram o trabalho de rescaldo, verificando o ambiente para eliminar poss\u00edveis focos remanescentes e evitar que o fogo voltasse a se propagar.<\/p>\n<p>Ap\u00f3s a conclus\u00e3o dos trabalhos e a confirma\u00e7\u00e3o de que n\u00e3o havia risco imediato de reigni\u00e7\u00e3o, o im\u00f3vel foi deixado em condi\u00e7\u00f5es de seguran\u00e7a e permaneceu sob os cuidados do morador.<\/p>\n","protected":false},"excerpt":{"rendered":"<p>Um inc\u00eandio atingiu uma resid\u00eancia na rua Tiradentes, no bairro Popular Velha, em Corumb\u00e1, por volta da meia-noite. Guarni\u00e7\u00f5es de combate a inc\u00eandio do 3\u00ba Grupamento de Bombeiros Militar (3\u00ba GBM) foram acionadas para controlar as chamas. Ningu\u00e9m ficou ferido. Ao chegarem ao endere\u00e7o, os bombeiros constataram que o fogo estava concentrado em um dos [&hellip;]<\/p>\n","protected":false},"author":6,"featured_media":11785565,"comment_status":"closed","ping_status":"closed","sticky":false,"template":"","format":"standard","meta":{"footnotes":""},"categories":[18],"tags":[249],"class_list":["post-11785564","post","type-post","status-publish","format-standard","has-post-thumbnail","hentry","category-seguranca","tag-seguranca"],"_links":{"self":[{"href":"https:\/\/www.corumbaonline.com.br\/news\/wp-json\/wp\/v2\/posts\/11785564","targetHints":{"allow":["GET"]}}],"collection":[{"href":"https:\/\/www.corumbaonline.com.br\/news\/wp-json\/wp\/v2\/posts"}],"about":[{"href":"https:\/\/www.corumbaonline.com.br\/news\/wp-json\/wp\/v2\/types\/post"}],"author":[{"embeddable":true,"href":"https:\/\/www.corumbaonline.com.br\/news\/wp-json\/wp\/v2\/users\/6"}],"replies":[{"embeddable":true,"href":"https:\/\/www.corumbaonline.com.br\/news\/wp-json\/wp\/v2\/comments?post=11785564"}],"version-history":[{"count":1,"href":"https:\/\/www.corumbaonline.com.br\/news\/wp-json\/wp\/v2\/posts\/11785564\/revisions"}],"predecessor-version":[{"id":11785566,"href":"https:\/\/www.corumbaonline.com.br\/news\/wp-json\/wp\/v2\/posts\/11785564\/revisions\/11785566"}],"wp:featuredmedia":[{"embeddable":true,"href":"https:\/\/www.corumbaonline.com.br\/news\/wp-json\/wp\/v2\/media\/11785565"}],"wp:attachment":[{"href":"https:\/\/www.corumbaonline.com.br\/news\/wp-json\/wp\/v2\/media?parent=11785564"}],"wp:term":[{"taxonomy":"category","embeddable":true,"href":"https:\/\/www.corumbaonline.com.br\/news\/wp-json\/wp\/v2\/categories?post=11785564"},{"taxonomy":"post_tag","embeddable":true,"href":"https:\/\/www.corumbaonline.com.br\/news\/wp-json\/wp\/v2\/tags?post=11785564"}],"curies":[{"name":"wp","href":"https:\/\/api.w.org\/{rel}","templated":true}]}}