{"id":11785588,"date":"2026-08-31T09:32:00","date_gmt":"2026-08-31T13:32:00","guid":{"rendered":"https:\/\/www.corumbaonline.com.br\/news\/?p=11785588"},"modified":"2026-08-31T09:25:57","modified_gmt":"2026-08-31T13:25:57","slug":"casa-do-trabalhador-oferece-37-vagas-de-emprego-nesta-segunda-feira-em-corumba","status":"publish","type":"post","link":"https:\/\/www.corumbaonline.com.br\/news\/casa-do-trabalhador-oferece-37-vagas-de-emprego-nesta-segunda-feira-em-corumba\/","title":{"rendered":"Casa do Trabalhador oferece 37 vagas de emprego nesta segunda-feira em Corumb\u00e1"},"content":{"rendered":"<p>A Casa do Trabalhador de Corumb\u00e1 disponibiliza, nesta segunda-feira (31), 37 vagas de emprego para trabalhadores que buscam uma oportunidade no mercado de trabalho. As oportunidades s\u00e3o destinadas a profissionais com diferentes n\u00edveis de qualifica\u00e7\u00e3o, com maior n\u00famero de vagas concentrado na \u00e1rea da constru\u00e7\u00e3o civil.<\/p>\n<p>Est\u00e3o dispon\u00edveis uma vaga para auxiliar de limpeza, duas para campeiro, 10 para encanador, uma para motorista operador de bomba de concreto, duas para operador de caixa, uma para padeiro, 10 para pedreiro e outras 10 para servente de pedreiro, totalizando 37 oportunidades.<\/p>\n<p>Os interessados devem comparecer presencialmente \u00e0 Casa do Trabalhador, munidos da Carteira de Trabalho, digital ou f\u00edsica, e documento pessoal com foto. A unidade est\u00e1 localizada na Rua XV de Novembro, n\u00ba 32, 1\u00ba andar, no pr\u00e9dio da Agenfa (Ag\u00eancia Fazend\u00e1ria), em Corumb\u00e1.<\/p>\n<p>O atendimento ao p\u00fablico \u00e9 realizado das 7h30 \u00e0s 17h. Como as vagas podem ser preenchidas ao longo do dia, a orienta\u00e7\u00e3o \u00e9 que os trabalhadores interessados procurem a unidade para obter informa\u00e7\u00f5es sobre os requisitos exigidos para cada fun\u00e7\u00e3o e o encaminhamento aos empregadores.<\/p>\n","protected":false},"excerpt":{"rendered":"<p>A Casa do Trabalhador de Corumb\u00e1 disponibiliza, nesta segunda-feira (31), 37 vagas de emprego para trabalhadores que buscam uma oportunidade no mercado de trabalho. As oportunidades s\u00e3o destinadas a profissionais com diferentes n\u00edveis de qualifica\u00e7\u00e3o, com maior n\u00famero de vagas concentrado na \u00e1rea da constru\u00e7\u00e3o civil. Est\u00e3o dispon\u00edveis uma vaga para auxiliar de limpeza, duas [&hellip;]<\/p>\n","protected":false},"author":6,"featured_media":11735483,"comment_status":"closed","ping_status":"closed","sticky":false,"template":"","format":"standard","meta":{"footnotes":""},"categories":[8,9],"tags":[189],"class_list":["post-11785588","post","type-post","status-publish","format-standard","has-post-thumbnail","hentry","category-destaque","category-economia","tag-economia"],"_links":{"self":[{"href":"https:\/\/www.corumbaonline.com.br\/news\/wp-json\/wp\/v2\/posts\/11785588","targetHints":{"allow":["GET"]}}],"collection":[{"href":"https:\/\/www.corumbaonline.com.br\/news\/wp-json\/wp\/v2\/posts"}],"about":[{"href":"https:\/\/www.corumbaonline.com.br\/news\/wp-json\/wp\/v2\/types\/post"}],"author":[{"embeddable":true,"href":"https:\/\/www.corumbaonline.com.br\/news\/wp-json\/wp\/v2\/users\/6"}],"replies":[{"embeddable":true,"href":"https:\/\/www.corumbaonline.com.br\/news\/wp-json\/wp\/v2\/comments?post=11785588"}],"version-history":[{"count":1,"href":"https:\/\/www.corumbaonline.com.br\/news\/wp-json\/wp\/v2\/posts\/11785588\/revisions"}],"predecessor-version":[{"id":11785589,"href":"https:\/\/www.corumbaonline.com.br\/news\/wp-json\/wp\/v2\/posts\/11785588\/revisions\/11785589"}],"wp:featuredmedia":[{"embeddable":true,"href":"https:\/\/www.corumbaonline.com.br\/news\/wp-json\/wp\/v2\/media\/11735483"}],"wp:attachment":[{"href":"https:\/\/www.corumbaonline.com.br\/news\/wp-json\/wp\/v2\/media?parent=11785588"}],"wp:term":[{"taxonomy":"category","embeddable":true,"href":"https:\/\/www.corumbaonline.com.br\/news\/wp-json\/wp\/v2\/categories?post=11785588"},{"taxonomy":"post_tag","embeddable":true,"href":"https:\/\/www.corumbaonline.com.br\/news\/wp-json\/wp\/v2\/tags?post=11785588"}],"curies":[{"name":"wp","href":"https:\/\/api.w.org\/{rel}","templated":true}]}}