{"id":11785590,"date":"2026-08-31T10:01:00","date_gmt":"2026-08-31T14:01:00","guid":{"rendered":"https:\/\/www.corumbaonline.com.br\/news\/?p=11785590"},"modified":"2026-08-31T09:30:32","modified_gmt":"2026-08-31T13:30:32","slug":"homem-fica-ferido-apos-carro-bater-em-cacamba-no-bairro-previsul-em-corumba","status":"publish","type":"post","link":"https:\/\/www.corumbaonline.com.br\/news\/homem-fica-ferido-apos-carro-bater-em-cacamba-no-bairro-previsul-em-corumba\/","title":{"rendered":"Homem fica ferido ap\u00f3s carro bater em ca\u00e7amba no bairro Previsul, em Corumb\u00e1"},"content":{"rendered":"<p>Um homem de 41 anos ficou ferido ap\u00f3s o carro que conduzia colidir contra uma ca\u00e7amba de entulho na noite de domingo (30), na Alameda Belmiro Maciel de Barros, no bairro Previsul, nas proximidades do pres\u00eddio, em Corumb\u00e1.<\/p>\n<p>De acordo com informa\u00e7\u00f5es da Central de Opera\u00e7\u00f5es do 3\u00ba Grupamento de Bombeiros Militar (3\u00ba GBM), o acidente ocorreu por volta das 23 horas. Equipes de resgate e salvamento foram acionadas e, ao chegarem ao local, encontraram um Chevrolet Agile que havia atingido a ca\u00e7amba.<\/p>\n<p>A v\u00edtima j\u00e1 estava fora do ve\u00edculo, consciente, por\u00e9m desorientada. O homem apresentava um corte na regi\u00e3o da testa, com forte sangramento, al\u00e9m de suspeita de traumatismo cranioencef\u00e1lico (TCE) leve. Os bombeiros realizaram o gerenciamento dos riscos no local e prestaram os primeiros atendimentos.<\/p>\n<p>Na sequ\u00eancia, uma equipe do Servi\u00e7o de Atendimento M\u00f3vel de Urg\u00eancia (SAMU) assumiu o atendimento pr\u00e9-hospitalar e encaminhou a v\u00edtima ao Pronto-Socorro Municipal de Corumb\u00e1, onde passou por avalia\u00e7\u00e3o m\u00e9dica.<\/p>\n<p>Ap\u00f3s a conclus\u00e3o dos trabalhos das equipes de emerg\u00eancia, o ve\u00edculo e o local do acidente ficaram sob responsabilidade das autoridades competentes.<\/p>\n<p>Nas \u00faltimas 24 horas, as guarni\u00e7\u00f5es de prontid\u00e3o do 3\u00ba Grupamento de Bombeiros Militar atenderam um total de dez ocorr\u00eancias em sua \u00e1rea de atua\u00e7\u00e3o.<\/p>\n","protected":false},"excerpt":{"rendered":"<p>Um homem de 41 anos ficou ferido ap\u00f3s o carro que conduzia colidir contra uma ca\u00e7amba de entulho na noite de domingo (30), na Alameda Belmiro Maciel de Barros, no bairro Previsul, nas proximidades do pres\u00eddio, em Corumb\u00e1. De acordo com informa\u00e7\u00f5es da Central de Opera\u00e7\u00f5es do 3\u00ba Grupamento de Bombeiros Militar (3\u00ba GBM), o [&hellip;]<\/p>\n","protected":false},"author":6,"featured_media":11785591,"comment_status":"closed","ping_status":"closed","sticky":false,"template":"","format":"standard","meta":{"footnotes":""},"categories":[18],"tags":[249],"class_list":["post-11785590","post","type-post","status-publish","format-standard","has-post-thumbnail","hentry","category-seguranca","tag-seguranca"],"_links":{"self":[{"href":"https:\/\/www.corumbaonline.com.br\/news\/wp-json\/wp\/v2\/posts\/11785590","targetHints":{"allow":["GET"]}}],"collection":[{"href":"https:\/\/www.corumbaonline.com.br\/news\/wp-json\/wp\/v2\/posts"}],"about":[{"href":"https:\/\/www.corumbaonline.com.br\/news\/wp-json\/wp\/v2\/types\/post"}],"author":[{"embeddable":true,"href":"https:\/\/www.corumbaonline.com.br\/news\/wp-json\/wp\/v2\/users\/6"}],"replies":[{"embeddable":true,"href":"https:\/\/www.corumbaonline.com.br\/news\/wp-json\/wp\/v2\/comments?post=11785590"}],"version-history":[{"count":1,"href":"https:\/\/www.corumbaonline.com.br\/news\/wp-json\/wp\/v2\/posts\/11785590\/revisions"}],"predecessor-version":[{"id":11785592,"href":"https:\/\/www.corumbaonline.com.br\/news\/wp-json\/wp\/v2\/posts\/11785590\/revisions\/11785592"}],"wp:featuredmedia":[{"embeddable":true,"href":"https:\/\/www.corumbaonline.com.br\/news\/wp-json\/wp\/v2\/media\/11785591"}],"wp:attachment":[{"href":"https:\/\/www.corumbaonline.com.br\/news\/wp-json\/wp\/v2\/media?parent=11785590"}],"wp:term":[{"taxonomy":"category","embeddable":true,"href":"https:\/\/www.corumbaonline.com.br\/news\/wp-json\/wp\/v2\/categories?post=11785590"},{"taxonomy":"post_tag","embeddable":true,"href":"https:\/\/www.corumbaonline.com.br\/news\/wp-json\/wp\/v2\/tags?post=11785590"}],"curies":[{"name":"wp","href":"https:\/\/api.w.org\/{rel}","templated":true}]}}