{"id":11785606,"date":"2026-08-31T10:59:00","date_gmt":"2026-08-31T14:59:00","guid":{"rendered":"https:\/\/www.corumbaonline.com.br\/news\/?p=11785606"},"modified":"2026-08-31T11:57:00","modified_gmt":"2026-08-31T15:57:00","slug":"morre-o-jornalista-carlos-monforte-um-dos-primeiros-ancoras-do-brasil-aos-77-anos","status":"publish","type":"post","link":"https:\/\/www.corumbaonline.com.br\/news\/morre-o-jornalista-carlos-monforte-um-dos-primeiros-ancoras-do-brasil-aos-77-anos\/","title":{"rendered":"Morre o jornalista Carlos Monforte, um dos primeiros \u00e2ncoras do Brasil, aos 77 anos"},"content":{"rendered":"<p>O jornalista Carlos Monforte morreu aos 77 anos. A informa\u00e7\u00e3o foi divulgada pela emissora GloboNews nesta segunda-feira, 31, e ainda n\u00e3o h\u00e1 detalhes sobre a causa da morte.<\/p>\n<p>Ao longo da carreira, Monforte passou por v\u00e1rios ve\u00edculos de not\u00edcia, mas consolidou sua carreira na TV Globo, onde trabalhou por mais de 30 anos. Natural de Santos, no litoral de S\u00e3o Paulo, o jornalista \u00e9 considerado um dos primeiros \u00e2ncoras do jornalismo brasileiro.<\/p>\n<p>Quando entrou na Globo, em 1978, como rep\u00f3rter local em S\u00e3o Paulo, ele iniciou a carreira televisiva utilizando uma novidade na \u00e9poca, as Unidades M\u00f3veis. Com o equipamento, o jornalista sa\u00eda para fazer v\u00e1rias mat\u00e9rias por dia. &#8220;Era o come\u00e7o do link, de mat\u00e9rias ao vivo&#8221;, lembrou Monforte ao Mem\u00f3ria Globo.<\/p>\n<p>Na emissora, ele se tornou editor de pol\u00edtica no Jornal da Globo, editor e apresentador do Bom Dia S\u00e3o Paulo e foi o primeiro editor-chefe e apresentador do Bom Dia Brasil, que estreou em 1983. Monforte ficou \u00e0 frente do telejornal matutino durante nove anos.<\/p>\n<p>Em 1992, ele deixou a Globo para montar o departamento de Comunica\u00e7\u00e3o da Confedera\u00e7\u00e3o Nacional de Ind\u00fastrias (CNI), no qual permaneceu por dois anos, e depois voltou \u00e0 emissora, onde passou a trabalhar como rep\u00f3rter especial do Jornal da Globo em Bras\u00edlia. No decorrer dos anos, ele tamb\u00e9m atuou como \u00e2ncora em Bras\u00edlia, no Bom Dia Brasil, foi para o Jornal Hoje e trabalhou na GloboNews. Ele deixou a emissora em 2016.<\/p>\n<p>Carlos Am\u00e9rico Aguiar Monforte estudou jornalismo na Faculdade de Comunica\u00e7\u00e3o de Santos. Antes da Globo, ele trabalhou no jornal A Tribuna, no O Estado de S. Paulo e foi assessor de comunica\u00e7\u00e3o da Secretaria de Obras do Estado de S\u00e3o Paulo. Durante a carreira, ele tamb\u00e9m fez cursos de aperfei\u00e7oamento no exterior: na Universidade de Navarra, na Espanha, em 1973; e na Funda\u00e7\u00e3o Beauve Marie, na Fran\u00e7a, entre 1975 e 1976.<\/p>\n","protected":false},"excerpt":{"rendered":"<p>O jornalista Carlos Monforte morreu aos 77 anos. A informa\u00e7\u00e3o foi divulgada pela emissora GloboNews nesta segunda-feira, 31, e ainda n\u00e3o h\u00e1 detalhes sobre a causa da morte. Ao longo da carreira, Monforte passou por v\u00e1rios ve\u00edculos de not\u00edcia, mas consolidou sua carreira na TV Globo, onde trabalhou por mais de 30 anos. Natural de [&hellip;]<\/p>\n","protected":false},"author":11,"featured_media":11785607,"comment_status":"closed","ping_status":"closed","sticky":false,"template":"","format":"standard","meta":{"footnotes":""},"categories":[14],"tags":[],"class_list":["post-11785606","post","type-post","status-publish","format-standard","has-post-thumbnail","hentry","category-geral"],"_links":{"self":[{"href":"https:\/\/www.corumbaonline.com.br\/news\/wp-json\/wp\/v2\/posts\/11785606","targetHints":{"allow":["GET"]}}],"collection":[{"href":"https:\/\/www.corumbaonline.com.br\/news\/wp-json\/wp\/v2\/posts"}],"about":[{"href":"https:\/\/www.corumbaonline.com.br\/news\/wp-json\/wp\/v2\/types\/post"}],"author":[{"embeddable":true,"href":"https:\/\/www.corumbaonline.com.br\/news\/wp-json\/wp\/v2\/users\/11"}],"replies":[{"embeddable":true,"href":"https:\/\/www.corumbaonline.com.br\/news\/wp-json\/wp\/v2\/comments?post=11785606"}],"version-history":[{"count":1,"href":"https:\/\/www.corumbaonline.com.br\/news\/wp-json\/wp\/v2\/posts\/11785606\/revisions"}],"predecessor-version":[{"id":11785608,"href":"https:\/\/www.corumbaonline.com.br\/news\/wp-json\/wp\/v2\/posts\/11785606\/revisions\/11785608"}],"wp:featuredmedia":[{"embeddable":true,"href":"https:\/\/www.corumbaonline.com.br\/news\/wp-json\/wp\/v2\/media\/11785607"}],"wp:attachment":[{"href":"https:\/\/www.corumbaonline.com.br\/news\/wp-json\/wp\/v2\/media?parent=11785606"}],"wp:term":[{"taxonomy":"category","embeddable":true,"href":"https:\/\/www.corumbaonline.com.br\/news\/wp-json\/wp\/v2\/categories?post=11785606"},{"taxonomy":"post_tag","embeddable":true,"href":"https:\/\/www.corumbaonline.com.br\/news\/wp-json\/wp\/v2\/tags?post=11785606"}],"curies":[{"name":"wp","href":"https:\/\/api.w.org\/{rel}","templated":true}]}}