{"id":11785609,"date":"2026-08-31T11:13:00","date_gmt":"2026-08-31T15:13:00","guid":{"rendered":"https:\/\/www.corumbaonline.com.br\/news\/?p=11785609"},"modified":"2026-08-31T11:58:19","modified_gmt":"2026-08-31T15:58:19","slug":"cerimonia-no-jardim-da-independencia-abre-programacao-da-semana-da-patria","status":"publish","type":"post","link":"https:\/\/www.corumbaonline.com.br\/news\/cerimonia-no-jardim-da-independencia-abre-programacao-da-semana-da-patria\/","title":{"rendered":"Cerim\u00f4nia no Jardim da Independ\u00eancia abre programa\u00e7\u00e3o da Semana da P\u00e1tria"},"content":{"rendered":"<p>A Prefeitura de Corumb\u00e1 iniciou nesta segunda-feira, 31 de agosto, a programa\u00e7\u00e3o da Semana da P\u00e1tria. A cerim\u00f4nia foi realizada no Jardim da Independ\u00eancia e contou com a participa\u00e7\u00e3o de representantes da administra\u00e7\u00e3o municipal.<\/p>\n<p>Durante a solenidade, o prefeito Dr. Gabriel Alves de Oliveira realizou o hasteamento da bandeira do Brasil, marcando oficialmente o in\u00edcio das atividades alusivas \u00e0 Independ\u00eancia do pa\u00eds. O presidente da C\u00e2mara Municipal, Ubiratan Canhete de Campos Filho (Bira), acompanhou a cerim\u00f4nia.<\/p>\n<p>A programa\u00e7\u00e3o destacou a import\u00e2ncia dos s\u00edmbolos nacionais e de valores como cidadania, respeito e uni\u00e3o. A iniciativa tamb\u00e9m refor\u00e7ou a valoriza\u00e7\u00e3o da hist\u00f3ria e do significado da Independ\u00eancia do Brasil.<\/p>\n<p>As atividades da Semana da P\u00e1tria seguem ao longo dos pr\u00f3ximos dias em diferentes unidades da Rede Municipal de Ensino. Nesta ter\u00e7a-feira, 1\u00ba de setembro, a programa\u00e7\u00e3o ser\u00e1 realizada na Escola Municipal Clio Proen\u00e7a. Na quarta-feira, 02 de setembro, ser\u00e1 a vez da Escola Municipal Professor Djalma de Sampaio Brasil.<\/p>\n<p>Na quinta-feira, 03 de setembro, as atividades acontecem na Escola Municipal de Educa\u00e7\u00e3o Integral Luiz Feitosa Rodrigues. O calend\u00e1rio segue na sexta-feira,0 4 de setembro, na Escola Municipal Bar\u00e3o do Rio Branco.<\/p>\n<p>A programa\u00e7\u00e3o ser\u00e1 encerrada em 07 de setembro, Dia da Independ\u00eancia do Brasil, data que marca a declara\u00e7\u00e3o de independ\u00eancia do pa\u00eds em rela\u00e7\u00e3o a Portugal, em 1822.<\/p>\n","protected":false},"excerpt":{"rendered":"<p>A Prefeitura de Corumb\u00e1 iniciou nesta segunda-feira, 31 de agosto, a programa\u00e7\u00e3o da Semana da P\u00e1tria. A cerim\u00f4nia foi realizada no Jardim da Independ\u00eancia e contou com a participa\u00e7\u00e3o de representantes da administra\u00e7\u00e3o municipal. Durante a solenidade, o prefeito Dr. Gabriel Alves de Oliveira realizou o hasteamento da bandeira do Brasil, marcando oficialmente o in\u00edcio [&hellip;]<\/p>\n","protected":false},"author":70,"featured_media":11785610,"comment_status":"closed","ping_status":"closed","sticky":false,"template":"","format":"standard","meta":{"footnotes":""},"categories":[14],"tags":[],"class_list":["post-11785609","post","type-post","status-publish","format-standard","has-post-thumbnail","hentry","category-geral"],"_links":{"self":[{"href":"https:\/\/www.corumbaonline.com.br\/news\/wp-json\/wp\/v2\/posts\/11785609","targetHints":{"allow":["GET"]}}],"collection":[{"href":"https:\/\/www.corumbaonline.com.br\/news\/wp-json\/wp\/v2\/posts"}],"about":[{"href":"https:\/\/www.corumbaonline.com.br\/news\/wp-json\/wp\/v2\/types\/post"}],"author":[{"embeddable":true,"href":"https:\/\/www.corumbaonline.com.br\/news\/wp-json\/wp\/v2\/users\/70"}],"replies":[{"embeddable":true,"href":"https:\/\/www.corumbaonline.com.br\/news\/wp-json\/wp\/v2\/comments?post=11785609"}],"version-history":[{"count":1,"href":"https:\/\/www.corumbaonline.com.br\/news\/wp-json\/wp\/v2\/posts\/11785609\/revisions"}],"predecessor-version":[{"id":11785611,"href":"https:\/\/www.corumbaonline.com.br\/news\/wp-json\/wp\/v2\/posts\/11785609\/revisions\/11785611"}],"wp:featuredmedia":[{"embeddable":true,"href":"https:\/\/www.corumbaonline.com.br\/news\/wp-json\/wp\/v2\/media\/11785610"}],"wp:attachment":[{"href":"https:\/\/www.corumbaonline.com.br\/news\/wp-json\/wp\/v2\/media?parent=11785609"}],"wp:term":[{"taxonomy":"category","embeddable":true,"href":"https:\/\/www.corumbaonline.com.br\/news\/wp-json\/wp\/v2\/categories?post=11785609"},{"taxonomy":"post_tag","embeddable":true,"href":"https:\/\/www.corumbaonline.com.br\/news\/wp-json\/wp\/v2\/tags?post=11785609"}],"curies":[{"name":"wp","href":"https:\/\/api.w.org\/{rel}","templated":true}]}}