{"id":11785617,"date":"2026-08-31T15:00:00","date_gmt":"2026-08-31T19:00:00","guid":{"rendered":"https:\/\/www.corumbaonline.com.br\/news\/?p=11785617"},"modified":"2026-08-31T15:33:39","modified_gmt":"2026-08-31T19:33:39","slug":"ifms-recebe-inscricoes-para-exame-de-selecao-2027-ate-dia-8","status":"publish","type":"post","link":"https:\/\/www.corumbaonline.com.br\/news\/ifms-recebe-inscricoes-para-exame-de-selecao-2027-ate-dia-8\/","title":{"rendered":"IFMS recebe inscri\u00e7\u00f5es para Exame de Sele\u00e7\u00e3o 2027 at\u00e9 dia 8"},"content":{"rendered":"<p>As inscri\u00e7\u00f5es para o Exame de Sele\u00e7\u00e3o 2027 do Instituto Federal de Mato Grosso do Sul (IFMS) terminam no dia\u00a08 de setembro.\u00a0Por meio do processo seletivo, voltado ao ingresso nos cursos t\u00e9cnicos integrados da institui\u00e7\u00e3o, s\u00e3o ofertadas\u00a02.270 vagas, distribu\u00eddas entre 11 op\u00e7\u00f5es de cursos em 12 munic\u00edpios do estado.<\/p>\n<p>As op\u00e7\u00f5es s\u00e3o os cursos de\u00a0Administra\u00e7\u00e3o, Agropecu\u00e1ria, Alimentos, Agricultura, Desenvolvimento de Sistemas, Edifica\u00e7\u00f5es, Eletrot\u00e9cnica, Inform\u00e1tica, Inform\u00e1tica para Internet, Mec\u00e2nica e Metalurgia.<\/p>\n<p>A oferta abrange os munic\u00edpios de\u00a0Amambai, Aquidauana, Campo Grande, Corumb\u00e1, Coxim, Dourados, Jardim, Navira\u00ed, Nova Andradina, Parana\u00edba, Ponta Por\u00e3 e Tr\u00eas Lagoas.<\/p>\n<p>No ensino t\u00e9cnico integrado, os estudantes cursam o ensino m\u00e9dio e a forma\u00e7\u00e3o t\u00e9cnica ao mesmo tempo.\u00a0Os cursos t\u00eam dura\u00e7\u00e3o de tr\u00eas anos e s\u00e3o ofertados presencialmente.<\/p>\n<p>Inscri\u00e7\u00f5es devem ser feitas na\u00a0<a title=\"P\u00e1gina do Candidato\" href=\"https:\/\/email.ifms.edu.br\/lists\/lt.php?tid=KxkNBFQNVVQAAksAA1NcTlBcUQFOAA8OBBsMUlMDUFAAXAcEVg4fAQAEAFtSBVdOVlIHW04NCABQG1pWBAdPVFNTAAsDClRWAAAHH1ICAwYCUlcDTghaXAYbDFZQBk8JVlZUH1AKVgBWAgNWVAIABw\" target=\"_blank\" rel=\"noopener noreferrer\">P\u00e1gina do Candidato<\/a>\u00a0da Central de Sele\u00e7\u00e3o do IFMS.<\/p>\n<p>Para se inscrever, \u00e9 preciso ter conclu\u00eddo o 9\u00ba ano do ensino fundamental at\u00e9 a data da matr\u00edcula no IFMS, prevista para janeiro do ano que vem, al\u00e9m de possuir Cadastro de Pessoa F\u00edsica (CPF) em seu pr\u00f3prio nome.<\/p>\n<p>Os interessados que n\u00e3o t\u00eam acesso \u00e0 internet podem comparecer \u00e0 Central de Relacionamento (Cerel) dos campi do IFMS ou aos Centros de Refer\u00eancia Amambai e Parana\u00edba e solicitar um computador para fazer a inscri\u00e7\u00e3o.\u00a0<a title=\"Confira os endere\u00e7os e hor\u00e1rios de funcionamento de cada unidade\" href=\"https:\/\/email.ifms.edu.br\/lists\/lt.php?tid=KxlQUQYLUVMBUEtRB1RWTlAGBlJOWAldBBsLAFYAVFRbBwwDVgwfAQAEAFtSBVdOVlIHW04NCABQG1pWBAdPVFNTAAsDClRWAAAHH1ICAwYCUlcDTghaXAYbDFZQBk8JVlZUH1AKVgBWAgNWVAIABw\" target=\"_blank\" rel=\"noopener noreferrer\">Confira os endere\u00e7os e hor\u00e1rios de funcionamento de cada unidade<\/a>.<\/p>\n<p>A taxa de inscri\u00e7\u00e3o \u00e9 de\u00a0R$ 20\u00a0e dever\u00e1 ser paga\u00a0at\u00e9 9 de setembro, via PagTesouro (Pix, cart\u00e3o de cr\u00e9dito ou boleto). O candidato que n\u00e3o fizer o pagamento, n\u00e3o poder\u00e1 fazer a prova do Exame de Sele\u00e7\u00e3o 2027.<\/p>\n<p>Importante: nesta segunda-feira, 31, foi divulgado\u00a0o\u00a0<a title=\"resultado final dos pedidos de isen\u00e7\u00e3o da taxa de inscri\u00e7\u00e3o\" href=\"https:\/\/email.ifms.edu.br\/lists\/lt.php?tid=KxkGBwRaUANVWUtVVQVTTlABB1NOAQ4MUBsABwZWVAdXUwxWU14fAQAEAFtSBVdOVlIHW04NCABQG1pWBAdPVFNTAAsDClRWAAAHH1ICAwYCUlcDTghaXAYbDFZQBk8JVlZUH1AKVgBWAgNWVAIABw\" target=\"_blank\" rel=\"noopener noreferrer\">resultado final dos pedidos de isen\u00e7\u00e3o da taxa de inscri\u00e7\u00e3o<\/a>. Quem teve a solicita\u00e7\u00e3o indeferida (negada) tamb\u00e9m dever\u00e1 efetuar o pagamento dos R$ 20 para fazer a prova.<\/p>\n","protected":false},"excerpt":{"rendered":"<p>As inscri\u00e7\u00f5es para o Exame de Sele\u00e7\u00e3o 2027 do Instituto Federal de Mato Grosso do Sul (IFMS) terminam no dia\u00a08 de setembro.\u00a0Por meio do processo seletivo, voltado ao ingresso nos cursos t\u00e9cnicos integrados da institui\u00e7\u00e3o, s\u00e3o ofertadas\u00a02.270 vagas, distribu\u00eddas entre 11 op\u00e7\u00f5es de cursos em 12 munic\u00edpios do estado. As op\u00e7\u00f5es s\u00e3o os cursos de\u00a0Administra\u00e7\u00e3o, [&hellip;]<\/p>\n","protected":false},"author":6,"featured_media":11784752,"comment_status":"closed","ping_status":"closed","sticky":false,"template":"","format":"standard","meta":{"footnotes":""},"categories":[10],"tags":[194],"class_list":["post-11785617","post","type-post","status-publish","format-standard","has-post-thumbnail","hentry","category-educacao","tag-educacao"],"_links":{"self":[{"href":"https:\/\/www.corumbaonline.com.br\/news\/wp-json\/wp\/v2\/posts\/11785617","targetHints":{"allow":["GET"]}}],"collection":[{"href":"https:\/\/www.corumbaonline.com.br\/news\/wp-json\/wp\/v2\/posts"}],"about":[{"href":"https:\/\/www.corumbaonline.com.br\/news\/wp-json\/wp\/v2\/types\/post"}],"author":[{"embeddable":true,"href":"https:\/\/www.corumbaonline.com.br\/news\/wp-json\/wp\/v2\/users\/6"}],"replies":[{"embeddable":true,"href":"https:\/\/www.corumbaonline.com.br\/news\/wp-json\/wp\/v2\/comments?post=11785617"}],"version-history":[{"count":1,"href":"https:\/\/www.corumbaonline.com.br\/news\/wp-json\/wp\/v2\/posts\/11785617\/revisions"}],"predecessor-version":[{"id":11785618,"href":"https:\/\/www.corumbaonline.com.br\/news\/wp-json\/wp\/v2\/posts\/11785617\/revisions\/11785618"}],"wp:featuredmedia":[{"embeddable":true,"href":"https:\/\/www.corumbaonline.com.br\/news\/wp-json\/wp\/v2\/media\/11784752"}],"wp:attachment":[{"href":"https:\/\/www.corumbaonline.com.br\/news\/wp-json\/wp\/v2\/media?parent=11785617"}],"wp:term":[{"taxonomy":"category","embeddable":true,"href":"https:\/\/www.corumbaonline.com.br\/news\/wp-json\/wp\/v2\/categories?post=11785617"},{"taxonomy":"post_tag","embeddable":true,"href":"https:\/\/www.corumbaonline.com.br\/news\/wp-json\/wp\/v2\/tags?post=11785617"}],"curies":[{"name":"wp","href":"https:\/\/api.w.org\/{rel}","templated":true}]}}