{"id":11785619,"date":"2026-08-31T15:20:00","date_gmt":"2026-08-31T19:20:00","guid":{"rendered":"https:\/\/www.corumbaonline.com.br\/news\/?p=11785619"},"modified":"2026-08-31T15:45:17","modified_gmt":"2026-08-31T19:45:17","slug":"prefeitura-institui-comite-municipal-para-fortalecer-alfabetizacao-na-reme","status":"publish","type":"post","link":"https:\/\/www.corumbaonline.com.br\/news\/prefeitura-institui-comite-municipal-para-fortalecer-alfabetizacao-na-reme\/","title":{"rendered":"Prefeitura institui Comit\u00ea Municipal para fortalecer alfabetiza\u00e7\u00e3o na Reme"},"content":{"rendered":"<p>A Prefeitura de Corumb\u00e1, por meio da Secretaria Municipal de Educa\u00e7\u00e3o (Semed), instituiu o Comit\u00ea Municipal de Alfabetiza\u00e7\u00e3o (COMALFA), respons\u00e1vel por fortalecer a governan\u00e7a, o planejamento, o acompanhamento e o monitoramento das pol\u00edticas, programas e a\u00e7\u00f5es voltadas \u00e0 garantia do direito \u00e0 alfabetiza\u00e7\u00e3o dos estudantes da Rede Municipal de Ensino (Reme).<\/p>\n<p>A cria\u00e7\u00e3o do comit\u00ea foi estabelecida pela Resolu\u00e7\u00e3o\/SEMED n\u00ba 132, de 28 de agosto de 2026. A iniciativa integra as a\u00e7\u00f5es do Munic\u00edpio no \u00e2mbito do Compromisso Nacional Crian\u00e7a Alfabetizada, do Programa MS Alfabetiza e da Pol\u00edtica Municipal de Alfabetiza\u00e7\u00e3o, institu\u00edda pelo Decreto n\u00ba 3.664.<\/p>\n<p>O COMALFA ter\u00e1 atua\u00e7\u00e3o articulada com o Comit\u00ea Estadual MS Alfabetiza (CEALFA\/MS), a Rede Nacional de Articula\u00e7\u00e3o de Gest\u00e3o, Forma\u00e7\u00e3o e Mobiliza\u00e7\u00e3o (RENALFA), o Programa MS Alfabetiza e o Compromisso Nacional Crian\u00e7a Alfabetizada. Entre suas atribui\u00e7\u00f5es est\u00e1 acompanhar a elabora\u00e7\u00e3o, implementa\u00e7\u00e3o, monitoramento e atualiza\u00e7\u00e3o da Pol\u00edtica Municipal de Alfabetiza\u00e7\u00e3o, al\u00e9m de apreciar e aprovar o Plano de A\u00e7\u00e3o Municipal de Alfabetiza\u00e7\u00e3o.<\/p>\n<p><strong>Alfabetiza\u00e7\u00e3o at\u00e9 o 2\u00ba ano<\/strong><\/p>\n<p>Uma das principais atribui\u00e7\u00f5es do novo comit\u00ea ser\u00e1 propor estrat\u00e9gias para garantir a alfabetiza\u00e7\u00e3o dos estudantes at\u00e9 o final do 2\u00ba ano do Ensino Fundamental. O grupo tamb\u00e9m dever\u00e1 propor a\u00e7\u00f5es de recomposi\u00e7\u00e3o e consolida\u00e7\u00e3o das aprendizagens para alunos do 3\u00ba ao 5\u00ba ano que ainda n\u00e3o tenham desenvolvido as compet\u00eancias e habilidades esperadas em leitura, escrita e matem\u00e1tica.<\/p>\n<p>Na Educa\u00e7\u00e3o Infantil, o COMALFA tamb\u00e9m atuar\u00e1 no fortalecimento das experi\u00eancias de leitura, escrita, oralidade e desenvolvimento da linguagem, respeitando as especificidades dessa etapa de ensino.<\/p>\n<p>O trabalho do comit\u00ea ser\u00e1 organizado em seis eixos estruturantes: governan\u00e7a e gest\u00e3o da pol\u00edtica municipal de alfabetiza\u00e7\u00e3o; forma\u00e7\u00e3o continuada dos profissionais da educa\u00e7\u00e3o e melhoria das pr\u00e1ticas pedag\u00f3gicas e de gest\u00e3o escolar; qualifica\u00e7\u00e3o da infraestrutura, dos espa\u00e7os de leitura e dos insumos pedag\u00f3gicos; avalia\u00e7\u00e3o, acompanhamento e monitoramento das aprendizagens; reconhecimento e compartilhamento de boas pr\u00e1ticas; e promo\u00e7\u00e3o da equidade educacional e redu\u00e7\u00e3o das desigualdades de aprendizagem.<\/p>\n<p><strong>Acompanhamento dos resultados<\/strong><\/p>\n<p>Tamb\u00e9m caber\u00e1 ao COMALFA analisar os resultados das avalia\u00e7\u00f5es diagn\u00f3sticas, formativas e externas, incluindo o Sistema de Avalia\u00e7\u00e3o da Educa\u00e7\u00e3o B\u00e1sica de Mato Grosso do Sul (SAEMS), o Sistema de Avalia\u00e7\u00e3o da Educa\u00e7\u00e3o B\u00e1sica (SAEB), o Sistema de Avalia\u00e7\u00e3o da Educa\u00e7\u00e3o B\u00e1sica Municipal de Corumb\u00e1 (Educa Reme) e o Indicador Crian\u00e7a Alfabetizada (ICA).<\/p>\n<p>A partir desses dados, o comit\u00ea poder\u00e1 propor interven\u00e7\u00f5es pedag\u00f3gicas e estrat\u00e9gias de acompanhamento para melhorar os resultados de aprendizagem. Tamb\u00e9m acompanhar\u00e1 indicadores relacionados ao acesso, perman\u00eancia, frequ\u00eancia, aprendizagem e trajet\u00f3ria escolar dos estudantes da Educa\u00e7\u00e3o Infantil e dos anos iniciais do Ensino Fundamental.<\/p>\n<p>A resolu\u00e7\u00e3o prev\u00ea ainda o acompanhamento das a\u00e7\u00f5es de forma\u00e7\u00e3o continuada destinadas a professores, coordenadores pedag\u00f3gicos, gestores escolares, t\u00e9cnicos da Semed e demais profissionais envolvidos nas pol\u00edticas municipais de alfabetiza\u00e7\u00e3o, al\u00e9m da articula\u00e7\u00e3o com o Conselho Municipal de Educa\u00e7\u00e3o, institui\u00e7\u00f5es de ensino superior e outros \u00f3rg\u00e3os e entidades que possam contribuir para a pol\u00edtica municipal.<\/p>\n<p><strong>Comit\u00ea re\u00fane diferentes segmentos da educa\u00e7\u00e3o<\/strong><\/p>\n<p>O COMALFA ser\u00e1 coordenado pela secret\u00e1ria municipal de Educa\u00e7\u00e3o, Elizama Medina de \u00c1vila, e contar\u00e1 com representantes da gest\u00e3o pedag\u00f3gica da Semed, Educa\u00e7\u00e3o Infantil, Ensino Fundamental \u2013 anos iniciais, forma\u00e7\u00e3o continuada, sistema de avalia\u00e7\u00e3o e monitoramento educacional, RENALFA, Programa MS Alfabetiza, diretores, coordenadores pedag\u00f3gicos e professores da Reme.<\/p>\n<p>Tamb\u00e9m integram o comit\u00ea representantes do Conselho Municipal de Educa\u00e7\u00e3o e de institui\u00e7\u00e3o p\u00fablica de ensino superior que desenvolve programas de forma\u00e7\u00e3o e pesquisa na \u00e1rea da alfabetiza\u00e7\u00e3o, no caso a Universidade Federal de Mato Grosso do Sul (UFMS\/CPAN).<\/p>\n<p>O mandato dos membros ser\u00e1 de dois anos, permitida uma recondu\u00e7\u00e3o por igual per\u00edodo. As reuni\u00f5es ordin\u00e1rias ser\u00e3o realizadas trimestralmente, podendo ocorrer de forma presencial, virtual ou h\u00edbrida. Reuni\u00f5es extraordin\u00e1rias poder\u00e3o ser convocadas sempre que necess\u00e1rio.<\/p>\n<p>A participa\u00e7\u00e3o no COMALFA ser\u00e1 considerada presta\u00e7\u00e3o de servi\u00e7o p\u00fablico relevante e n\u00e3o ser\u00e1 remunerada. O comit\u00ea dever\u00e1 elaborar seu Regimento Interno no prazo de at\u00e9 90 dias a contar da publica\u00e7\u00e3o da resolu\u00e7\u00e3o.<\/p>\n<p>A institui\u00e7\u00e3o do COMALFA representa mais uma medida da Prefeitura de Corumb\u00e1 para fortalecer a pol\u00edtica municipal de alfabetiza\u00e7\u00e3o, ampliar a articula\u00e7\u00e3o entre os diferentes setores da educa\u00e7\u00e3o e garantir o acompanhamento permanente das aprendizagens dos estudantes da Reme.<\/p>\n","protected":false},"excerpt":{"rendered":"<p>A Prefeitura de Corumb\u00e1, por meio da Secretaria Municipal de Educa\u00e7\u00e3o (Semed), instituiu o Comit\u00ea Municipal de Alfabetiza\u00e7\u00e3o (COMALFA), respons\u00e1vel por fortalecer a governan\u00e7a, o planejamento, o acompanhamento e o monitoramento das pol\u00edticas, programas e a\u00e7\u00f5es voltadas \u00e0 garantia do direito \u00e0 alfabetiza\u00e7\u00e3o dos estudantes da Rede Municipal de Ensino (Reme). A cria\u00e7\u00e3o do comit\u00ea [&hellip;]<\/p>\n","protected":false},"author":70,"featured_media":11785620,"comment_status":"closed","ping_status":"closed","sticky":false,"template":"","format":"standard","meta":{"footnotes":""},"categories":[10],"tags":[194],"class_list":["post-11785619","post","type-post","status-publish","format-standard","has-post-thumbnail","hentry","category-educacao","tag-educacao"],"_links":{"self":[{"href":"https:\/\/www.corumbaonline.com.br\/news\/wp-json\/wp\/v2\/posts\/11785619","targetHints":{"allow":["GET"]}}],"collection":[{"href":"https:\/\/www.corumbaonline.com.br\/news\/wp-json\/wp\/v2\/posts"}],"about":[{"href":"https:\/\/www.corumbaonline.com.br\/news\/wp-json\/wp\/v2\/types\/post"}],"author":[{"embeddable":true,"href":"https:\/\/www.corumbaonline.com.br\/news\/wp-json\/wp\/v2\/users\/70"}],"replies":[{"embeddable":true,"href":"https:\/\/www.corumbaonline.com.br\/news\/wp-json\/wp\/v2\/comments?post=11785619"}],"version-history":[{"count":1,"href":"https:\/\/www.corumbaonline.com.br\/news\/wp-json\/wp\/v2\/posts\/11785619\/revisions"}],"predecessor-version":[{"id":11785621,"href":"https:\/\/www.corumbaonline.com.br\/news\/wp-json\/wp\/v2\/posts\/11785619\/revisions\/11785621"}],"wp:featuredmedia":[{"embeddable":true,"href":"https:\/\/www.corumbaonline.com.br\/news\/wp-json\/wp\/v2\/media\/11785620"}],"wp:attachment":[{"href":"https:\/\/www.corumbaonline.com.br\/news\/wp-json\/wp\/v2\/media?parent=11785619"}],"wp:term":[{"taxonomy":"category","embeddable":true,"href":"https:\/\/www.corumbaonline.com.br\/news\/wp-json\/wp\/v2\/categories?post=11785619"},{"taxonomy":"post_tag","embeddable":true,"href":"https:\/\/www.corumbaonline.com.br\/news\/wp-json\/wp\/v2\/tags?post=11785619"}],"curies":[{"name":"wp","href":"https:\/\/api.w.org\/{rel}","templated":true}]}}