{"id":11785626,"date":"2026-09-01T08:00:00","date_gmt":"2026-09-01T12:00:00","guid":{"rendered":"https:\/\/www.corumbaonline.com.br\/news\/?p=11785626"},"modified":"2026-09-01T07:33:38","modified_gmt":"2026-09-01T11:33:38","slug":"garoa-marca-inicio-da-manha-em-corumba-e-terca-feira-tera-queda-nas-temperaturas","status":"publish","type":"post","link":"https:\/\/www.corumbaonline.com.br\/news\/garoa-marca-inicio-da-manha-em-corumba-e-terca-feira-tera-queda-nas-temperaturas\/","title":{"rendered":"Garoa marca in\u00edcio da manh\u00e3 em Corumb\u00e1 e ter\u00e7a-feira ter\u00e1 queda nas temperaturas"},"content":{"rendered":"<p data-start=\"86\" data-end=\"501\">Corumb\u00e1 amanheceu nesta ter\u00e7a-feira (1\u00ba) com c\u00e9u carregado, garoa em alguns pontos da cidade e temperatura bem mais agrad\u00e1vel depois do forte calor registrado nos \u00faltimos dias. Por volta das 7h30, dados meteorol\u00f3gicos indicavam cerca de 23\u00b0C, com predom\u00ednio de nebulosidade. A mudan\u00e7a est\u00e1 associada ao avan\u00e7o de instabilidades pelo Mato Grosso do Sul, que tamb\u00e9m provocam chuva em outras regi\u00f5es do Estado.<\/p>\n<p data-start=\"503\" data-end=\"974\">Ao longo desta ter\u00e7a-feira, o calor perde for\u00e7a. A previs\u00e3o aponta m\u00e1xima em torno dos 27\u00b0C e m\u00ednima de 20\u00b0C, com grande presen\u00e7a de nuvens. O Climatempo tamb\u00e9m indica mudan\u00e7a significativa em rela\u00e7\u00e3o \u00e0 segunda-feira, quando os term\u00f4metros chegaram perto dos 38\u00b0C. Para a regi\u00e3o do Aeroporto Internacional de Corumb\u00e1, a previs\u00e3o \u00e9 de 23\u00b0C a 28\u00b0C, com sol entre muitas nuvens e per\u00edodos de c\u00e9u nublado.<\/p>\n<p data-start=\"976\" data-end=\"1470\">Apesar de algumas previs\u00f5es autom\u00e1ticas ainda indicarem baixo acumulado de precipita\u00e7\u00e3o para Corumb\u00e1, a garoa j\u00e1 \u00e9 registrada na cidade nesta manh\u00e3. Al\u00e9m disso, h\u00e1 alerta amarelo de tempestade do Inmet v\u00e1lido para Corumb\u00e1 nesta ter\u00e7a-feira, com possibilidade de chuva mais intensa, rajadas de vento e ocorr\u00eancia localizada de granizo. Com isso, o primeiro dia de setembro come\u00e7a com uma mudan\u00e7a importante no tempo e um al\u00edvio tempor\u00e1rio no forte calor que vinha predominando na regi\u00e3o.<\/p>\n","protected":false},"excerpt":{"rendered":"<p>Corumb\u00e1 amanheceu nesta ter\u00e7a-feira (1\u00ba) com c\u00e9u carregado, garoa em alguns pontos da cidade e temperatura bem mais agrad\u00e1vel depois do forte calor registrado nos \u00faltimos dias. Por volta das 7h30, dados meteorol\u00f3gicos indicavam cerca de 23\u00b0C, com predom\u00ednio de nebulosidade. A mudan\u00e7a est\u00e1 associada ao avan\u00e7o de instabilidades pelo Mato Grosso do Sul, que [&hellip;]<\/p>\n","protected":false},"author":6,"featured_media":11785627,"comment_status":"closed","ping_status":"closed","sticky":false,"template":"","format":"standard","meta":{"footnotes":""},"categories":[17],"tags":[209],"class_list":["post-11785626","post","type-post","status-publish","format-standard","has-post-thumbnail","hentry","category-meio-ambiente","tag-meio-ambiente"],"_links":{"self":[{"href":"https:\/\/www.corumbaonline.com.br\/news\/wp-json\/wp\/v2\/posts\/11785626","targetHints":{"allow":["GET"]}}],"collection":[{"href":"https:\/\/www.corumbaonline.com.br\/news\/wp-json\/wp\/v2\/posts"}],"about":[{"href":"https:\/\/www.corumbaonline.com.br\/news\/wp-json\/wp\/v2\/types\/post"}],"author":[{"embeddable":true,"href":"https:\/\/www.corumbaonline.com.br\/news\/wp-json\/wp\/v2\/users\/6"}],"replies":[{"embeddable":true,"href":"https:\/\/www.corumbaonline.com.br\/news\/wp-json\/wp\/v2\/comments?post=11785626"}],"version-history":[{"count":1,"href":"https:\/\/www.corumbaonline.com.br\/news\/wp-json\/wp\/v2\/posts\/11785626\/revisions"}],"predecessor-version":[{"id":11785628,"href":"https:\/\/www.corumbaonline.com.br\/news\/wp-json\/wp\/v2\/posts\/11785626\/revisions\/11785628"}],"wp:featuredmedia":[{"embeddable":true,"href":"https:\/\/www.corumbaonline.com.br\/news\/wp-json\/wp\/v2\/media\/11785627"}],"wp:attachment":[{"href":"https:\/\/www.corumbaonline.com.br\/news\/wp-json\/wp\/v2\/media?parent=11785626"}],"wp:term":[{"taxonomy":"category","embeddable":true,"href":"https:\/\/www.corumbaonline.com.br\/news\/wp-json\/wp\/v2\/categories?post=11785626"},{"taxonomy":"post_tag","embeddable":true,"href":"https:\/\/www.corumbaonline.com.br\/news\/wp-json\/wp\/v2\/tags?post=11785626"}],"curies":[{"name":"wp","href":"https:\/\/api.w.org\/{rel}","templated":true}]}}