{"id":11785643,"date":"2026-09-01T09:27:00","date_gmt":"2026-09-01T13:27:00","guid":{"rendered":"https:\/\/www.corumbaonline.com.br\/news\/?p=11785643"},"modified":"2026-09-01T09:57:41","modified_gmt":"2026-09-01T13:57:41","slug":"inscricoes-para-o-desfile-civico-militar-de-corumba-terminam-nesta-sexta-feira","status":"publish","type":"post","link":"https:\/\/www.corumbaonline.com.br\/news\/inscricoes-para-o-desfile-civico-militar-de-corumba-terminam-nesta-sexta-feira\/","title":{"rendered":"Inscri\u00e7\u00f5es para o Desfile C\u00edvico-Militar de Corumb\u00e1 terminam nesta sexta-feira"},"content":{"rendered":"<p data-start=\"82\" data-end=\"440\">As institui\u00e7\u00f5es interessadas em participar do Desfile C\u00edvico-Militar em comemora\u00e7\u00e3o aos 248 anos de funda\u00e7\u00e3o de Corumb\u00e1 t\u00eam at\u00e9 esta sexta-feira, 4 de setembro, \u00e0s 16h, para realizar a inscri\u00e7\u00e3o.\u00a0As inscri\u00e7\u00f5es devem ser feitas exclusivamente por\u00a0<em><strong><a href=\"https:\/\/doity.com.br\/inscries-parao-desfile-cvico-militar-268992-20260814075836-298897-20260817125606\">formul\u00e1rio eletr\u00f4nico<\/a><\/strong><\/em>, disponibilizado no site oficial da Prefeitura, no menu REME \u2013 Servi\u00e7os da Secretaria Municipal de Educa\u00e7\u00e3o.<\/p>\n<p data-start=\"82\" data-end=\"440\">Cada escola ou institui\u00e7\u00e3o poder\u00e1 participar com, no m\u00e1ximo, 50 integrantes, com idade m\u00ednima de 10 anos, exceto os componentes de bandas e fanfarras. O desfile ser\u00e1 realizado no dia 21 de setembro, anivers\u00e1rio de Corumb\u00e1, com in\u00edcio impreterivelmente \u00e0s 16h e t\u00e9rmino previsto para as 20h. A concentra\u00e7\u00e3o das institui\u00e7\u00f5es participantes come\u00e7a \u00e0s 14h, seguindo o croqui oficial de posicionamento e trajeto.<\/p>\n<p data-start=\"82\" data-end=\"440\">Antes do desfile, a partir das 6h, ser\u00e1 realizada a Alvorada Festiva nas unidades escolares que optarem pela participa\u00e7\u00e3o. A ordem de apresenta\u00e7\u00e3o das institui\u00e7\u00f5es ser\u00e1 definida por sorteio p\u00fablico no dia 11 de setembro, \u00e0s 8h, no Audit\u00f3rio do Centro de Conven\u00e7\u00f5es. J\u00e1 a ordem das escolas da Rede Municipal de Ensino ser\u00e1 estabelecida pela Secretaria Municipal de Educa\u00e7\u00e3o (Semed), em conjunto com as unidades escolares.<\/p>\n<p data-start=\"1478\" data-end=\"1845\">A resolu\u00e7\u00e3o tamb\u00e9m estabelece normas de seguran\u00e7a e conduta durante o evento. As institui\u00e7\u00f5es dever\u00e3o manter dist\u00e2ncia m\u00ednima de 10 e m\u00e1xima de 20 metros entre si, sendo proibidos fogos de artif\u00edcio, propaganda pol\u00edtico-partid\u00e1ria e o consumo de bebidas alco\u00f3licas pelos participantes. O desfile ser\u00e1 encerrado na Avenida General Rondon, esquina com a Rua Major Gama.<\/p>\n<p data-start=\"1847\" data-end=\"2097\">No momento da inscri\u00e7\u00e3o, as institui\u00e7\u00f5es tamb\u00e9m dever\u00e3o encaminhar o hist\u00f3rico resumido que ser\u00e1 lido pelo locutor oficial durante a apresenta\u00e7\u00e3o. O texto deve ter at\u00e9 3 mil caracteres e fazer refer\u00eancia \u00e0 comemora\u00e7\u00e3o dos 248 anos de Corumb\u00e1.<\/p>\n","protected":false},"excerpt":{"rendered":"<p>As institui\u00e7\u00f5es interessadas em participar do Desfile C\u00edvico-Militar em comemora\u00e7\u00e3o aos 248 anos de funda\u00e7\u00e3o de Corumb\u00e1 t\u00eam at\u00e9 esta sexta-feira, 4 de setembro, \u00e0s 16h, para realizar a inscri\u00e7\u00e3o.\u00a0As inscri\u00e7\u00f5es devem ser feitas exclusivamente por\u00a0formul\u00e1rio eletr\u00f4nico, disponibilizado no site oficial da Prefeitura, no menu REME \u2013 Servi\u00e7os da Secretaria Municipal de Educa\u00e7\u00e3o. Cada escola [&hellip;]<\/p>\n","protected":false},"author":70,"featured_media":11785644,"comment_status":"closed","ping_status":"closed","sticky":false,"template":"","format":"standard","meta":{"footnotes":""},"categories":[10],"tags":[194],"class_list":["post-11785643","post","type-post","status-publish","format-standard","has-post-thumbnail","hentry","category-educacao","tag-educacao"],"_links":{"self":[{"href":"https:\/\/www.corumbaonline.com.br\/news\/wp-json\/wp\/v2\/posts\/11785643","targetHints":{"allow":["GET"]}}],"collection":[{"href":"https:\/\/www.corumbaonline.com.br\/news\/wp-json\/wp\/v2\/posts"}],"about":[{"href":"https:\/\/www.corumbaonline.com.br\/news\/wp-json\/wp\/v2\/types\/post"}],"author":[{"embeddable":true,"href":"https:\/\/www.corumbaonline.com.br\/news\/wp-json\/wp\/v2\/users\/70"}],"replies":[{"embeddable":true,"href":"https:\/\/www.corumbaonline.com.br\/news\/wp-json\/wp\/v2\/comments?post=11785643"}],"version-history":[{"count":1,"href":"https:\/\/www.corumbaonline.com.br\/news\/wp-json\/wp\/v2\/posts\/11785643\/revisions"}],"predecessor-version":[{"id":11785645,"href":"https:\/\/www.corumbaonline.com.br\/news\/wp-json\/wp\/v2\/posts\/11785643\/revisions\/11785645"}],"wp:featuredmedia":[{"embeddable":true,"href":"https:\/\/www.corumbaonline.com.br\/news\/wp-json\/wp\/v2\/media\/11785644"}],"wp:attachment":[{"href":"https:\/\/www.corumbaonline.com.br\/news\/wp-json\/wp\/v2\/media?parent=11785643"}],"wp:term":[{"taxonomy":"category","embeddable":true,"href":"https:\/\/www.corumbaonline.com.br\/news\/wp-json\/wp\/v2\/categories?post=11785643"},{"taxonomy":"post_tag","embeddable":true,"href":"https:\/\/www.corumbaonline.com.br\/news\/wp-json\/wp\/v2\/tags?post=11785643"}],"curies":[{"name":"wp","href":"https:\/\/api.w.org\/{rel}","templated":true}]}}