{"id":11785647,"date":"2026-09-01T10:06:00","date_gmt":"2026-09-01T14:06:00","guid":{"rendered":"https:\/\/www.corumbaonline.com.br\/news\/?p=11785647"},"modified":"2026-09-01T10:13:11","modified_gmt":"2026-09-01T14:13:11","slug":"bolsa-familia-nao-tera-reajuste-previsto-no-orcamento-de-2027","status":"publish","type":"post","link":"https:\/\/www.corumbaonline.com.br\/news\/bolsa-familia-nao-tera-reajuste-previsto-no-orcamento-de-2027\/","title":{"rendered":"Bolsa Fam\u00edlia n\u00e3o ter\u00e1 reajuste previsto no Or\u00e7amento de 2027"},"content":{"rendered":"<p>Enviada nesta segunda-feira (31) ao Congresso Nacional, a proposta de Or\u00e7amento para 2027 n\u00e3o prev\u00ea reajuste nos valores do Bolsa Fam\u00edlia.\u00a0O projeto reserva R$ 157,1 bilh\u00f5es para o programa social, valor inferior aos R$ 158,6 bilh\u00f5es previstos para 2026 e aos R$ 167,2 bilh\u00f5es destinados em 2025.<img decoding=\"async\" src=\"https:\/\/agenciabrasil.ebc.com.br\/ebc.png?id=1701142&amp;o=node\" \/><img decoding=\"async\" src=\"https:\/\/agenciabrasil.ebc.com.br\/ebc.gif?id=1701142&amp;o=node\" \/><\/p>\n<p>Com a proposta, o benef\u00edcio m\u00ednimo permanece em R$ 600 por fam\u00edlia.\u00a0O congelamento ocorre em meio ao esfor\u00e7o da equipe econ\u00f4mica para conter o crescimento das despesas obrigat\u00f3rias e transfere ao Congresso a discuss\u00e3o sobre uma eventual corre\u00e7\u00e3o dos valores durante a tramita\u00e7\u00e3o do Or\u00e7amento.<\/p>\n<h2>Benef\u00edcio congelado<\/h2>\n<p>O Bolsa Fam\u00edlia n\u00e3o tem reajuste desde seu relan\u00e7amento, em mar\u00e7o de 2023.<\/p>\n<p>A legisla\u00e7\u00e3o do programa prev\u00ea que os valores podem ser corrigidos em um intervalo de at\u00e9 dois anos. Na interpreta\u00e7\u00e3o do governo, por\u00e9m, a regra autoriza a revis\u00e3o, mas n\u00e3o determina que ela seja obrigat\u00f3ria.<\/p>\n<p>Al\u00e9m do benef\u00edcio m\u00ednimo de R$ 600, o programa prev\u00ea pagamentos adicionais conforme a composi\u00e7\u00e3o da fam\u00edlia. Existem benef\u00edcios extras de R$ 150 por crian\u00e7a de at\u00e9 6 anos, de R$ 50 por gestante, de R$ 50 por jovem de 7 a 18 anos incompletos e de R$ 50 por beb\u00ea de at\u00e9 6 meses.<\/p>\n<p>Os adicionais s\u00e3o cumulativos, de acordo com as caracter\u00edsticas de cada fam\u00edlia.<\/p>\n<h2>Quem recebe<\/h2>\n<p>Para ter direito ao Bolsa Fam\u00edlia, a renda mensal por pessoa da fam\u00edlia deve ser at\u00e9 R$ 218. Tamb\u00e9m \u00e9 necess\u00e1rio manter o Cadastro \u00danico atualizado e cumprir as condicionalidades previstas nas \u00e1reas de sa\u00fade e educa\u00e7\u00e3o.<\/p>\n<p>Em agosto, o programa alcan\u00e7ou cerca de 19,3 milh\u00f5es de fam\u00edlias. No mesmo per\u00edodo de 2025, eram aproximadamente 19,2 milh\u00f5es de fam\u00edlias atendidas.<\/p>\n<p>O n\u00famero de benefici\u00e1rios, portanto, permanece pr\u00f3ximo ao registrado no ano anterior, apesar da redu\u00e7\u00e3o na previs\u00e3o or\u00e7ament\u00e1ria para 2027.<\/p>\n<h2>Press\u00e3o no Congresso<\/h2>\n<p>A decis\u00e3o de manter os valores sem corre\u00e7\u00e3o ocorre em um cen\u00e1rio de maior press\u00e3o sobre as contas p\u00fablicas. O governo prev\u00ea redu\u00e7\u00e3o nominal dos recursos destinados ao programa, enquanto tenta limitar o avan\u00e7o das despesas obrigat\u00f3rias.<\/p>\n<p>Durante a tramita\u00e7\u00e3o do projeto no Congresso, parlamentares poder\u00e3o discutir altera\u00e7\u00f5es na previs\u00e3o or\u00e7ament\u00e1ria e pressionar por uma eventual recomposi\u00e7\u00e3o dos benef\u00edcios.<\/p>\n","protected":false},"excerpt":{"rendered":"<p>Enviada nesta segunda-feira (31) ao Congresso Nacional, a proposta de Or\u00e7amento para 2027 n\u00e3o prev\u00ea reajuste nos valores do Bolsa Fam\u00edlia.\u00a0O projeto reserva R$ 157,1 bilh\u00f5es para o programa social, valor inferior aos R$ 158,6 bilh\u00f5es previstos para 2026 e aos R$ 167,2 bilh\u00f5es destinados em 2025. Com a proposta, o benef\u00edcio m\u00ednimo permanece em [&hellip;]<\/p>\n","protected":false},"author":4,"featured_media":11785648,"comment_status":"closed","ping_status":"closed","sticky":false,"template":"","format":"standard","meta":{"footnotes":""},"categories":[9],"tags":[189],"class_list":["post-11785647","post","type-post","status-publish","format-standard","has-post-thumbnail","hentry","category-economia","tag-economia"],"_links":{"self":[{"href":"https:\/\/www.corumbaonline.com.br\/news\/wp-json\/wp\/v2\/posts\/11785647","targetHints":{"allow":["GET"]}}],"collection":[{"href":"https:\/\/www.corumbaonline.com.br\/news\/wp-json\/wp\/v2\/posts"}],"about":[{"href":"https:\/\/www.corumbaonline.com.br\/news\/wp-json\/wp\/v2\/types\/post"}],"author":[{"embeddable":true,"href":"https:\/\/www.corumbaonline.com.br\/news\/wp-json\/wp\/v2\/users\/4"}],"replies":[{"embeddable":true,"href":"https:\/\/www.corumbaonline.com.br\/news\/wp-json\/wp\/v2\/comments?post=11785647"}],"version-history":[{"count":1,"href":"https:\/\/www.corumbaonline.com.br\/news\/wp-json\/wp\/v2\/posts\/11785647\/revisions"}],"predecessor-version":[{"id":11785649,"href":"https:\/\/www.corumbaonline.com.br\/news\/wp-json\/wp\/v2\/posts\/11785647\/revisions\/11785649"}],"wp:featuredmedia":[{"embeddable":true,"href":"https:\/\/www.corumbaonline.com.br\/news\/wp-json\/wp\/v2\/media\/11785648"}],"wp:attachment":[{"href":"https:\/\/www.corumbaonline.com.br\/news\/wp-json\/wp\/v2\/media?parent=11785647"}],"wp:term":[{"taxonomy":"category","embeddable":true,"href":"https:\/\/www.corumbaonline.com.br\/news\/wp-json\/wp\/v2\/categories?post=11785647"},{"taxonomy":"post_tag","embeddable":true,"href":"https:\/\/www.corumbaonline.com.br\/news\/wp-json\/wp\/v2\/tags?post=11785647"}],"curies":[{"name":"wp","href":"https:\/\/api.w.org\/{rel}","templated":true}]}}