{"id":11785658,"date":"2026-09-01T11:04:00","date_gmt":"2026-09-01T15:04:00","guid":{"rendered":"https:\/\/www.corumbaonline.com.br\/news\/?p=11785658"},"modified":"2026-09-01T11:22:30","modified_gmt":"2026-09-01T15:22:30","slug":"copa-integracao-de-futebol-amador-comeca-neste-fim-de-semana-em-corumba","status":"publish","type":"post","link":"https:\/\/www.corumbaonline.com.br\/news\/copa-integracao-de-futebol-amador-comeca-neste-fim-de-semana-em-corumba\/","title":{"rendered":"Copa Integra\u00e7\u00e3o de Futebol Amador come\u00e7a neste fim de semana em Corumb\u00e1"},"content":{"rendered":"<p>A Prefeitura de Corumb\u00e1, por meio da Funda\u00e7\u00e3o de Esportes de Corumb\u00e1 (Funec), d\u00e1 in\u00edcio neste fim de semana \u00e0 Copa Integra\u00e7\u00e3o de Futebol Amador 2026, competi\u00e7\u00e3o que re\u00fane equipes de diferentes regi\u00f5es da cidade e movimenta os campos de futebol amador do munic\u00edpio.<\/p>\n<p>A primeira rodada ser\u00e1 realizada no s\u00e1bado, 5 de setembro, e no domingo, 6 de setembro, com partidas programadas em quatro pra\u00e7as esportivas: Campo do Universit\u00e1rio, Campo da Pra\u00e7a CEU, Campo do Primavera e Campo do Cravo Vermelho.<\/p>\n<p>No s\u00e1bado, o Campo do Universit\u00e1rio recebe dois jogos. \u00c0s 18 horas, Previsul e Ara\u00e7atuba FC se enfrentam, enquanto \u00e0s 20 horas ser\u00e1 a vez de Amigos FC e Diamantino FC. No Campo da Pra\u00e7a CEU, a rodada come\u00e7a \u00e0s 16h30, com Gabs Beer x A.A.N.C, seguida de Planalto Junior x A.A. Castro, \u00e0s 18h30.<\/p>\n<p>J\u00e1 no domingo, a programa\u00e7\u00e3o come\u00e7a \u00e0s 8h45 no Campo do Cravo Vermelho, com Real Marinho x \u00c1guia FC, seguida de Alameda dos Anjos x Divino F.C., \u00e0s 10h30. No Campo do Primavera, os primeiros confrontos ser\u00e3o Alian\u00e7a Guat\u00f3s x Intoc\u00e1veis FC, \u00e0s 8h45, e Am\u00e9rica FC x Primavera FC, \u00e0s 10h30.<\/p>\n<p>A competi\u00e7\u00e3o ter\u00e1 partidas ao longo dos meses de setembro, outubro e novembro, com a defini\u00e7\u00e3o dos finalistas e disputas decisivas previstas para novembro. No Universit\u00e1rio, por exemplo, a final est\u00e1 programada para o dia 31 de outubro, enquanto no Campo do Cravo Vermelho a decis\u00e3o acontece em 8 de novembro. Na Pra\u00e7a CEU, a final est\u00e1 marcada para 21 de novembro e, no Primavera, para 29 de novembro.<\/p>\n<p>A Copa Integra\u00e7\u00e3o de Futebol Amador faz parte das a\u00e7\u00f5es da Prefeitura de Corumb\u00e1 para fortalecer o esporte no munic\u00edpio, promovendo a participa\u00e7\u00e3o das equipes locais, incentivando a pr\u00e1tica esportiva e proporcionando momentos de lazer e integra\u00e7\u00e3o para atletas e torcedores.<\/p>\n","protected":false},"excerpt":{"rendered":"<p>A Prefeitura de Corumb\u00e1, por meio da Funda\u00e7\u00e3o de Esportes de Corumb\u00e1 (Funec), d\u00e1 in\u00edcio neste fim de semana \u00e0 Copa Integra\u00e7\u00e3o de Futebol Amador 2026, competi\u00e7\u00e3o que re\u00fane equipes de diferentes regi\u00f5es da cidade e movimenta os campos de futebol amador do munic\u00edpio. A primeira rodada ser\u00e1 realizada no s\u00e1bado, 5 de setembro, e [&hellip;]<\/p>\n","protected":false},"author":70,"featured_media":11785659,"comment_status":"closed","ping_status":"closed","sticky":false,"template":"","format":"standard","meta":{"footnotes":""},"categories":[11],"tags":[223],"class_list":["post-11785658","post","type-post","status-publish","format-standard","has-post-thumbnail","hentry","category-esporte","tag-esporte"],"_links":{"self":[{"href":"https:\/\/www.corumbaonline.com.br\/news\/wp-json\/wp\/v2\/posts\/11785658","targetHints":{"allow":["GET"]}}],"collection":[{"href":"https:\/\/www.corumbaonline.com.br\/news\/wp-json\/wp\/v2\/posts"}],"about":[{"href":"https:\/\/www.corumbaonline.com.br\/news\/wp-json\/wp\/v2\/types\/post"}],"author":[{"embeddable":true,"href":"https:\/\/www.corumbaonline.com.br\/news\/wp-json\/wp\/v2\/users\/70"}],"replies":[{"embeddable":true,"href":"https:\/\/www.corumbaonline.com.br\/news\/wp-json\/wp\/v2\/comments?post=11785658"}],"version-history":[{"count":1,"href":"https:\/\/www.corumbaonline.com.br\/news\/wp-json\/wp\/v2\/posts\/11785658\/revisions"}],"predecessor-version":[{"id":11785660,"href":"https:\/\/www.corumbaonline.com.br\/news\/wp-json\/wp\/v2\/posts\/11785658\/revisions\/11785660"}],"wp:featuredmedia":[{"embeddable":true,"href":"https:\/\/www.corumbaonline.com.br\/news\/wp-json\/wp\/v2\/media\/11785659"}],"wp:attachment":[{"href":"https:\/\/www.corumbaonline.com.br\/news\/wp-json\/wp\/v2\/media?parent=11785658"}],"wp:term":[{"taxonomy":"category","embeddable":true,"href":"https:\/\/www.corumbaonline.com.br\/news\/wp-json\/wp\/v2\/categories?post=11785658"},{"taxonomy":"post_tag","embeddable":true,"href":"https:\/\/www.corumbaonline.com.br\/news\/wp-json\/wp\/v2\/tags?post=11785658"}],"curies":[{"name":"wp","href":"https:\/\/api.w.org\/{rel}","templated":true}]}}