{"id":11785672,"date":"2026-09-01T12:00:00","date_gmt":"2026-09-01T16:00:00","guid":{"rendered":"https:\/\/www.corumbaonline.com.br\/news\/?p=11785672"},"modified":"2026-09-01T12:55:08","modified_gmt":"2026-09-01T16:55:08","slug":"prefeitura-prorroga-por-mais-2-anos-validade-do-concurso-da-guarda-municipal","status":"publish","type":"post","link":"https:\/\/www.corumbaonline.com.br\/news\/prefeitura-prorroga-por-mais-2-anos-validade-do-concurso-da-guarda-municipal\/","title":{"rendered":"Prefeitura prorroga por mais 2 anos validade do concurso da Guarda Municipal"},"content":{"rendered":"<div class=\"\" data-turn-id-container=\"99224d5a-4892-4a9d-85a9-3ca830c6a537\" data-is-intersecting=\"true\">A Prefeitura de Corumb\u00e1 prorrogou por mais dois anos o prazo de validade do Concurso P\u00fablico Municipal de Provas e T\u00edtulos para provimento de cargos da Guarda Civil Municipal. A medida consta no Decreto n\u00ba 3.667, assinado pelo prefeito Dr. Gabriel Alves de Oliveira e publicado nesta ter\u00e7a-feira, 1\u00ba de setembro, no Di\u00e1rio Oficial do Munic\u00edpio\u00a0<em><strong><a href=\"https:\/\/do.corumba.ms.gov.br\/portal\/edicoes\/download\/5721\">(DIOCORUMB\u00c1)<\/a><\/strong><\/em>.<\/div>\n<div class=\"\" data-turn-id-container=\"99224d5a-4892-4a9d-85a9-3ca830c6a537\" data-is-intersecting=\"true\"><\/div>\n<div class=\"\" data-turn-id-container=\"request-WEB:553830a5-a02a-4701-9255-f042185006c9-0\" data-is-intersecting=\"true\">\n<section class=\"text-token-text-primary w-full focus:outline-none has-data-writing-block:pointer-events-none [&amp;:has([data-writing-block])&gt;*]:pointer-events-auto R6Vx5W_threadScrollVars scroll-mb-[calc(var(--scroll-root-safe-area-inset-bottom,0px)+var(--thread-response-height))] scroll-mt-[calc(var(--header-height)+min(200px,max(70px,20svh)))]\" dir=\"auto\" data-turn-id=\"request-WEB:553830a5-a02a-4701-9255-f042185006c9-0\" data-turn-id-container=\"request-WEB:553830a5-a02a-4701-9255-f042185006c9-0\" data-testid=\"conversation-turn-2\" data-turn=\"assistant\">\n<div class=\"text-base my-auto mx-auto pb-8 [--thread-content-margin:var(--thread-content-margin-xs,calc(var(--spacing)*4))] @w-sm\/main:[--thread-content-margin:var(--thread-content-margin-sm,calc(var(--spacing)*6))] @w-lg\/main:[--thread-content-margin:var(--thread-content-margin-lg,calc(var(--spacing)*16))] px-(--thread-content-margin)\">\n<div class=\"[--thread-content-max-width:40rem] @w-lg\/main:[--thread-content-max-width:48rem] mx-auto max-w-(--thread-content-max-width) flex-1 group\/turn-messages focus-visible:outline-hidden relative flex w-full min-w-0 flex-col agent-turn\" data-conversation-screenshot-content=\"\">\n<div class=\"flex max-w-full flex-col gap-4 grow\">\n<div class=\"min-h-8 text-message relative flex w-full flex-col items-end gap-2 text-start break-words whitespace-normal outline-none keyboard-focused:focus-ring [.text-message+&amp;]:mt-1\" dir=\"auto\" tabindex=\"0\" data-message-author-role=\"assistant\" data-message-id=\"12c6b731-d4eb-4f29-9958-3e8a7bb91cbe\" data-message-model-slug=\"gpt-5-6\" data-turn-start-message=\"true\">\n<div class=\"flex w-full flex-col gap-1 empty:hidden\">\n<div class=\"markdown prose dark:prose-invert wrap-break-word w-full light markdown-new-styling\">\n<p data-start=\"705\" data-end=\"1086\">Com a decis\u00e3o, a validade do concurso ser\u00e1 estendida por mais dois anos ap\u00f3s o encerramento do prazo originalmente estabelecido. A prorroga\u00e7\u00e3o considera a conveni\u00eancia e o interesse p\u00fablico na manuten\u00e7\u00e3o do certame, permitindo \u00e0 Administra\u00e7\u00e3o Municipal dar continuidade ao planejamento e ao provimento de cargos da Guarda Civil Municipal de acordo com as necessidades do Munic\u00edpio.<\/p>\n<p data-start=\"1088\" data-end=\"1312\" data-is-last-node=\"\" data-is-only-node=\"\">A medida foi adotada com base nas manifesta\u00e7\u00f5es t\u00e9cnicas constantes do Processo n\u00ba 18.202\/2026 e no Parecer Jur\u00eddico n\u00ba 332\/2026\/PROCAD, da Procuradoria-Geral do Munic\u00edpio. O decreto entra em vigor na data de sua publica\u00e7\u00e3o.<\/p>\n<\/div>\n<\/div>\n<\/div>\n<\/div>\n<\/div>\n<\/div>\n<\/section>\n<\/div>\n","protected":false},"excerpt":{"rendered":"<p>A Prefeitura de Corumb\u00e1 prorrogou por mais dois anos o prazo de validade do Concurso P\u00fablico Municipal de Provas e T\u00edtulos para provimento de cargos da Guarda Civil Municipal. A medida consta no Decreto n\u00ba 3.667, assinado pelo prefeito Dr. Gabriel Alves de Oliveira e publicado nesta ter\u00e7a-feira, 1\u00ba de setembro, no Di\u00e1rio Oficial do [&hellip;]<\/p>\n","protected":false},"author":70,"featured_media":11785673,"comment_status":"closed","ping_status":"closed","sticky":false,"template":"","format":"standard","meta":{"footnotes":""},"categories":[6,8],"tags":[270],"class_list":["post-11785672","post","type-post","status-publish","format-standard","has-post-thumbnail","hentry","category-concurso","category-destaque","tag-concurso"],"_links":{"self":[{"href":"https:\/\/www.corumbaonline.com.br\/news\/wp-json\/wp\/v2\/posts\/11785672","targetHints":{"allow":["GET"]}}],"collection":[{"href":"https:\/\/www.corumbaonline.com.br\/news\/wp-json\/wp\/v2\/posts"}],"about":[{"href":"https:\/\/www.corumbaonline.com.br\/news\/wp-json\/wp\/v2\/types\/post"}],"author":[{"embeddable":true,"href":"https:\/\/www.corumbaonline.com.br\/news\/wp-json\/wp\/v2\/users\/70"}],"replies":[{"embeddable":true,"href":"https:\/\/www.corumbaonline.com.br\/news\/wp-json\/wp\/v2\/comments?post=11785672"}],"version-history":[{"count":1,"href":"https:\/\/www.corumbaonline.com.br\/news\/wp-json\/wp\/v2\/posts\/11785672\/revisions"}],"predecessor-version":[{"id":11785674,"href":"https:\/\/www.corumbaonline.com.br\/news\/wp-json\/wp\/v2\/posts\/11785672\/revisions\/11785674"}],"wp:featuredmedia":[{"embeddable":true,"href":"https:\/\/www.corumbaonline.com.br\/news\/wp-json\/wp\/v2\/media\/11785673"}],"wp:attachment":[{"href":"https:\/\/www.corumbaonline.com.br\/news\/wp-json\/wp\/v2\/media?parent=11785672"}],"wp:term":[{"taxonomy":"category","embeddable":true,"href":"https:\/\/www.corumbaonline.com.br\/news\/wp-json\/wp\/v2\/categories?post=11785672"},{"taxonomy":"post_tag","embeddable":true,"href":"https:\/\/www.corumbaonline.com.br\/news\/wp-json\/wp\/v2\/tags?post=11785672"}],"curies":[{"name":"wp","href":"https:\/\/api.w.org\/{rel}","templated":true}]}}