{"id":11785675,"date":"2026-09-01T13:00:00","date_gmt":"2026-09-01T17:00:00","guid":{"rendered":"https:\/\/www.corumbaonline.com.br\/news\/?p=11785675"},"modified":"2026-09-01T13:08:57","modified_gmt":"2026-09-01T17:08:57","slug":"ladario-tera-interdicoes-de-ruas-durante-festividades-do-aniversario-de-248-anos","status":"publish","type":"post","link":"https:\/\/www.corumbaonline.com.br\/news\/ladario-tera-interdicoes-de-ruas-durante-festividades-do-aniversario-de-248-anos\/","title":{"rendered":"Lad\u00e1rio ter\u00e1 interdi\u00e7\u00f5es de ruas durante festividades do anivers\u00e1rio de 248 anos"},"content":{"rendered":"<p>A Ag\u00eancia Municipal de Tr\u00e2nsito e Transporte de Lad\u00e1rio (AGEMTRAT) divulgou um comunicado informando sobre a\u00a0interdi\u00e7\u00e3o de vias p\u00fablicas durante as festividades alusivas ao 248\u00ba anivers\u00e1rio de funda\u00e7\u00e3o do munic\u00edpio. As medidas t\u00eam como objetivo garantir a seguran\u00e7a de pedestres, participantes dos eventos e usu\u00e1rios das vias.<\/p>\n<p>De acordo com o \u00f3rg\u00e3o, haver\u00e1 altera\u00e7\u00f5es no tr\u00e2nsito em diferentes datas, conforme a programa\u00e7\u00e3o dos eventos.<\/p>\n<h3>Desfile C\u00edvico-Militar<\/h3>\n<p>Nesta\u00a0quarta-feira (2 de setembro), em raz\u00e3o do Desfile C\u00edvico-Militar, a\u00a0interdi\u00e7\u00e3o geral ter\u00e1 in\u00edcio \u00e0s 12h. J\u00e1 no dia\u00a07 de setembro, quando ser\u00e1 realizado o Desfile C\u00edvico-Militar da Independ\u00eancia do Brasil, as interdi\u00e7\u00f5es come\u00e7ar\u00e3o \u00e0s\u00a06h.<\/p>\n<p>As vias que ser\u00e3o interditadas incluem:<\/p>\n<ul>\n<li>Avenida 14 de Mar\u00e7o, entre a Rua Saldanha da Gama e a Almirante Frontim;<\/li>\n<li>Rua Riachuelo, entre a Rua Comandante Souza Lobo e Tamandar\u00e9;<\/li>\n<li>Rua Conde Azambuja, entre a Rua Comandante Souza Lobo e Tamandar\u00e9;<\/li>\n<li>Rua Dom Pedro II, entre a Rua Cunha Couto e Tamandar\u00e9;<\/li>\n<li>Rua Cunha Couto, entre Almirante Frontim e Rua Dom Pedro II;<\/li>\n<li>Rua Comandante Souza Lobo, entre Riachuelo e Conde Azambuja.<\/li>\n<\/ul>\n<h3>Festa do Peixe tamb\u00e9m ter\u00e1 bloqueios<\/h3>\n<p>A programa\u00e7\u00e3o do anivers\u00e1rio tamb\u00e9m prev\u00ea interdi\u00e7\u00f5es para a\u00a0Festa do Peixe, marcada para o dia\u00a05 de setembro. Segundo a AGEMTRAT, o bloqueio ter\u00e1 in\u00edcio \u00e0s\u00a07h\u00a0e envolver\u00e1 a\u00a0Rua Cunha Couto\/Rua Dom Pedro II e a Rua Riachuelo.<\/p>\n<p>A ag\u00eancia orienta ainda que a\u00a0Avenida 14 de Mar\u00e7o permane\u00e7a livre de ve\u00edculos antes do in\u00edcio dos desfiles, para facilitar a organiza\u00e7\u00e3o e garantir a seguran\u00e7a dos participantes e do p\u00fablico.<\/p>\n<p>A AGEMTRAT refor\u00e7ou que os motoristas devem respeitar as interdi\u00e7\u00f5es e sinaliza\u00e7\u00f5es durante os eventos. O comunicado alerta que\u00a0o descumprimento das medidas poder\u00e1 resultar em multa.<\/p>\n","protected":false},"excerpt":{"rendered":"<p>A Ag\u00eancia Municipal de Tr\u00e2nsito e Transporte de Lad\u00e1rio (AGEMTRAT) divulgou um comunicado informando sobre a\u00a0interdi\u00e7\u00e3o de vias p\u00fablicas durante as festividades alusivas ao 248\u00ba anivers\u00e1rio de funda\u00e7\u00e3o do munic\u00edpio. As medidas t\u00eam como objetivo garantir a seguran\u00e7a de pedestres, participantes dos eventos e usu\u00e1rios das vias. De acordo com o \u00f3rg\u00e3o, haver\u00e1 altera\u00e7\u00f5es no [&hellip;]<\/p>\n","protected":false},"author":9,"featured_media":11785676,"comment_status":"closed","ping_status":"closed","sticky":false,"template":"","format":"standard","meta":{"footnotes":""},"categories":[16],"tags":[217],"class_list":["post-11785675","post","type-post","status-publish","format-standard","has-post-thumbnail","hentry","category-ladario","tag-ladario"],"_links":{"self":[{"href":"https:\/\/www.corumbaonline.com.br\/news\/wp-json\/wp\/v2\/posts\/11785675","targetHints":{"allow":["GET"]}}],"collection":[{"href":"https:\/\/www.corumbaonline.com.br\/news\/wp-json\/wp\/v2\/posts"}],"about":[{"href":"https:\/\/www.corumbaonline.com.br\/news\/wp-json\/wp\/v2\/types\/post"}],"author":[{"embeddable":true,"href":"https:\/\/www.corumbaonline.com.br\/news\/wp-json\/wp\/v2\/users\/9"}],"replies":[{"embeddable":true,"href":"https:\/\/www.corumbaonline.com.br\/news\/wp-json\/wp\/v2\/comments?post=11785675"}],"version-history":[{"count":1,"href":"https:\/\/www.corumbaonline.com.br\/news\/wp-json\/wp\/v2\/posts\/11785675\/revisions"}],"predecessor-version":[{"id":11785677,"href":"https:\/\/www.corumbaonline.com.br\/news\/wp-json\/wp\/v2\/posts\/11785675\/revisions\/11785677"}],"wp:featuredmedia":[{"embeddable":true,"href":"https:\/\/www.corumbaonline.com.br\/news\/wp-json\/wp\/v2\/media\/11785676"}],"wp:attachment":[{"href":"https:\/\/www.corumbaonline.com.br\/news\/wp-json\/wp\/v2\/media?parent=11785675"}],"wp:term":[{"taxonomy":"category","embeddable":true,"href":"https:\/\/www.corumbaonline.com.br\/news\/wp-json\/wp\/v2\/categories?post=11785675"},{"taxonomy":"post_tag","embeddable":true,"href":"https:\/\/www.corumbaonline.com.br\/news\/wp-json\/wp\/v2\/tags?post=11785675"}],"curies":[{"name":"wp","href":"https:\/\/api.w.org\/{rel}","templated":true}]}}