{"id":11785678,"date":"2026-09-02T08:00:00","date_gmt":"2026-09-02T12:00:00","guid":{"rendered":"https:\/\/www.corumbaonline.com.br\/news\/?p=11785678"},"modified":"2026-09-02T08:07:14","modified_gmt":"2026-09-02T12:07:14","slug":"temperatura-cai-em-corumba-e-maxima-nao-deve-passar-dos-30c-nesta-quarta-feira","status":"publish","type":"post","link":"https:\/\/www.corumbaonline.com.br\/news\/temperatura-cai-em-corumba-e-maxima-nao-deve-passar-dos-30c-nesta-quarta-feira\/","title":{"rendered":"Temperatura cai em Corumb\u00e1 e m\u00e1xima n\u00e3o deve passar dos 30\u00b0C nesta quarta-feira"},"content":{"rendered":"<p>Depois de dias marcados por temperaturas mais elevadas, Corumb\u00e1 ter\u00e1 uma quarta-feira (2) de clima mais ameno. A previs\u00e3o indica m\u00e1xima de 30\u00b0C e m\u00ednima de 18\u00b0C, representando uma redu\u00e7\u00e3o no calor sentido nos \u00faltimos dias. O c\u00e9u deve apresentar varia\u00e7\u00e3o de nebulosidade ao longo do dia, sem previs\u00e3o de chuva.<\/p>\n<p>Durante a manh\u00e3, as temperaturas permanecem mais agrad\u00e1veis e come\u00e7am a subir gradativamente com a aproxima\u00e7\u00e3o da tarde. A m\u00e1xima de 30\u00b0C deve ser registrada no per\u00edodo da tarde, enquanto a umidade relativa do ar pode apresentar queda nas horas mais quentes. Mesmo com o aumento natural da temperatura ao longo do dia, a sensa\u00e7\u00e3o ser\u00e1 de al\u00edvio em compara\u00e7\u00e3o com o calor registrado anteriormente.<\/p>\n<p>A queda, no entanto, deve durar pouco. Para quinta-feira (3), a tend\u00eancia \u00e9 de nova eleva\u00e7\u00e3o das temperaturas em Corumb\u00e1, com m\u00ednima prevista de 22\u00b0C e m\u00e1xima podendo alcan\u00e7ar os 35\u00b0C. O tempo deve continuar firme, com presen\u00e7a de sol e aumento de nuvens, mas sem expectativa de chuva.<\/p>\n","protected":false},"excerpt":{"rendered":"<p>Depois de dias marcados por temperaturas mais elevadas, Corumb\u00e1 ter\u00e1 uma quarta-feira (2) de clima mais ameno. A previs\u00e3o indica m\u00e1xima de 30\u00b0C e m\u00ednima de 18\u00b0C, representando uma redu\u00e7\u00e3o no calor sentido nos \u00faltimos dias. O c\u00e9u deve apresentar varia\u00e7\u00e3o de nebulosidade ao longo do dia, sem previs\u00e3o de chuva. Durante a manh\u00e3, as [&hellip;]<\/p>\n","protected":false},"author":6,"featured_media":0,"comment_status":"closed","ping_status":"closed","sticky":false,"template":"","format":"standard","meta":{"footnotes":""},"categories":[17],"tags":[209],"class_list":["post-11785678","post","type-post","status-publish","format-standard","hentry","category-meio-ambiente","tag-meio-ambiente"],"_links":{"self":[{"href":"https:\/\/www.corumbaonline.com.br\/news\/wp-json\/wp\/v2\/posts\/11785678","targetHints":{"allow":["GET"]}}],"collection":[{"href":"https:\/\/www.corumbaonline.com.br\/news\/wp-json\/wp\/v2\/posts"}],"about":[{"href":"https:\/\/www.corumbaonline.com.br\/news\/wp-json\/wp\/v2\/types\/post"}],"author":[{"embeddable":true,"href":"https:\/\/www.corumbaonline.com.br\/news\/wp-json\/wp\/v2\/users\/6"}],"replies":[{"embeddable":true,"href":"https:\/\/www.corumbaonline.com.br\/news\/wp-json\/wp\/v2\/comments?post=11785678"}],"version-history":[{"count":1,"href":"https:\/\/www.corumbaonline.com.br\/news\/wp-json\/wp\/v2\/posts\/11785678\/revisions"}],"predecessor-version":[{"id":11785679,"href":"https:\/\/www.corumbaonline.com.br\/news\/wp-json\/wp\/v2\/posts\/11785678\/revisions\/11785679"}],"wp:attachment":[{"href":"https:\/\/www.corumbaonline.com.br\/news\/wp-json\/wp\/v2\/media?parent=11785678"}],"wp:term":[{"taxonomy":"category","embeddable":true,"href":"https:\/\/www.corumbaonline.com.br\/news\/wp-json\/wp\/v2\/categories?post=11785678"},{"taxonomy":"post_tag","embeddable":true,"href":"https:\/\/www.corumbaonline.com.br\/news\/wp-json\/wp\/v2\/tags?post=11785678"}],"curies":[{"name":"wp","href":"https:\/\/api.w.org\/{rel}","templated":true}]}}