{"id":11785702,"date":"2026-09-02T10:34:00","date_gmt":"2026-09-02T14:34:00","guid":{"rendered":"https:\/\/www.corumbaonline.com.br\/news\/?p=11785702"},"modified":"2026-09-02T11:06:46","modified_gmt":"2026-09-02T15:06:46","slug":"bombeiros-atendem-cinco-ocorrencias-de-queda-de-arvores-apos-chuva-em-corumba-e-ladario","status":"publish","type":"post","link":"https:\/\/www.corumbaonline.com.br\/news\/bombeiros-atendem-cinco-ocorrencias-de-queda-de-arvores-apos-chuva-em-corumba-e-ladario\/","title":{"rendered":"Bombeiros atendem cinco ocorr\u00eancias de queda de \u00e1rvores ap\u00f3s chuva em Corumb\u00e1 e Lad\u00e1rio"},"content":{"rendered":"<p>As guarni\u00e7\u00f5es de prontid\u00e3o do Corpo de Bombeiros Militar atenderam cinco ocorr\u00eancias de queda de \u00e1rvores em diferentes pontos de Corumb\u00e1 e Lad\u00e1rio nas \u00faltimas 24 horas. As quedas foram provocadas pela chuva registrada na noite de segunda-feira (31) e mobilizaram as equipes ao longo do dia seguinte.<\/p>\n<p>O primeiro atendimento ocorreu \u00e0s 8h20, na rua Lu\u00eds Feitosa, no bairro Popular Nova, em Corumb\u00e1. \u00c0s 11h, os bombeiros foram acionados para a Av. 14 de Mar\u00e7o, em Lad\u00e1rio, e, uma hora depois, atenderam outra ocorr\u00eancia na rua Saldanha da Gama, regi\u00e3o central do munic\u00edpio. Em Corumb\u00e1, novos chamados foram registrados \u00e0s 14h, na rua Monte Castelo, no bairro Popular Velha, e \u00e0s 15h30, na alameda Quero-Quero, no bairro Guat\u00f3s.<\/p>\n<p>Em todos os casos, as \u00e1rvores ca\u00edram sobre vias p\u00fablicas, provocando obstru\u00e7\u00e3o ou dificuldades para a circula\u00e7\u00e3o de ve\u00edculos e pedestres, al\u00e9m de comprometer o acesso a garagens. Apesar dos transtornos e dos danos materiais registrados em alguns locais, n\u00e3o houve relato de pessoas feridas.<\/p>\n<p>No bairro Popular Velha, uma das \u00e1rvores atingiu uma esta\u00e7\u00e3o de tratamento da Sanesul e danificou parte do telhado da estrutura. J\u00e1 na Alameda Quero-Quero, no bairro Guat\u00f3s, a queda de uma \u00e1rvore provocou danos no muro de uma resid\u00eancia.<\/p>\n<p>As equipes do Corpo de Bombeiros realizaram o corte e a retirada das \u00e1rvores, liberando as vias e os acessos afetados. Ap\u00f3s a conclus\u00e3o dos trabalhos, os locais foram deixados em condi\u00e7\u00f5es de seguran\u00e7a e entregues aos respons\u00e1veis.<\/p>\n\n\n<figure class=\"wp-block-gallery has-nested-images columns-default is-cropped wp-block-gallery-1 is-layout-flex wp-block-gallery-is-layout-flex\">\n<figure class=\"wp-block-image size-large\"><img loading=\"lazy\" decoding=\"async\" width=\"768\" height=\"1024\" data-id=\"11785705\" src=\"https:\/\/www.corumbaonline.com.br\/news\/wp-content\/uploads\/2026\/09\/foto126958-768x1024.jpeg\" alt=\"\" class=\"wp-image-11785705\" srcset=\"https:\/\/www.corumbaonline.com.br\/news\/wp-content\/uploads\/2026\/09\/foto126958-768x1024.jpeg 768w, https:\/\/www.corumbaonline.com.br\/news\/wp-content\/uploads\/2026\/09\/foto126958-225x300.jpeg 225w, https:\/\/www.corumbaonline.com.br\/news\/wp-content\/uploads\/2026\/09\/foto126958-1152x1536.jpeg 1152w, https:\/\/www.corumbaonline.com.br\/news\/wp-content\/uploads\/2026\/09\/foto126958.jpeg 1200w\" sizes=\"auto, (max-width: 768px) 100vw, 768px\" \/><\/figure>\n\n\n\n<figure class=\"wp-block-image size-large\"><img loading=\"lazy\" decoding=\"async\" width=\"768\" height=\"1024\" data-id=\"11785704\" src=\"https:\/\/www.corumbaonline.com.br\/news\/wp-content\/uploads\/2026\/09\/foto126959-768x1024.jpeg\" alt=\"\" class=\"wp-image-11785704\" srcset=\"https:\/\/www.corumbaonline.com.br\/news\/wp-content\/uploads\/2026\/09\/foto126959-768x1024.jpeg 768w, https:\/\/www.corumbaonline.com.br\/news\/wp-content\/uploads\/2026\/09\/foto126959-225x300.jpeg 225w, https:\/\/www.corumbaonline.com.br\/news\/wp-content\/uploads\/2026\/09\/foto126959-1152x1536.jpeg 1152w, https:\/\/www.corumbaonline.com.br\/news\/wp-content\/uploads\/2026\/09\/foto126959.jpeg 1200w\" sizes=\"auto, (max-width: 768px) 100vw, 768px\" \/><\/figure>\n\n\n\n<figure class=\"wp-block-image size-large\"><img loading=\"lazy\" decoding=\"async\" width=\"1024\" height=\"576\" data-id=\"11785703\" src=\"https:\/\/www.corumbaonline.com.br\/news\/wp-content\/uploads\/2026\/09\/foto126960-1024x576.jpeg\" alt=\"\" class=\"wp-image-11785703\" srcset=\"https:\/\/www.corumbaonline.com.br\/news\/wp-content\/uploads\/2026\/09\/foto126960-1024x576.jpeg 1024w, https:\/\/www.corumbaonline.com.br\/news\/wp-content\/uploads\/2026\/09\/foto126960-300x169.jpeg 300w, https:\/\/www.corumbaonline.com.br\/news\/wp-content\/uploads\/2026\/09\/foto126960-768x432.jpeg 768w, https:\/\/www.corumbaonline.com.br\/news\/wp-content\/uploads\/2026\/09\/foto126960-1536x864.jpeg 1536w, https:\/\/www.corumbaonline.com.br\/news\/wp-content\/uploads\/2026\/09\/foto126960.jpeg 1600w\" sizes=\"auto, (max-width: 1024px) 100vw, 1024px\" \/><\/figure>\n<\/figure>\n","protected":false},"excerpt":{"rendered":"<p>As guarni\u00e7\u00f5es de prontid\u00e3o do Corpo de Bombeiros Militar atenderam cinco ocorr\u00eancias de queda de \u00e1rvores em diferentes pontos de Corumb\u00e1 e Lad\u00e1rio nas \u00faltimas 24 horas. As quedas foram provocadas pela chuva registrada na noite de segunda-feira (31) e mobilizaram as equipes ao longo do dia seguinte. O primeiro atendimento ocorreu \u00e0s 8h20, na [&hellip;]<\/p>\n","protected":false},"author":6,"featured_media":11785703,"comment_status":"closed","ping_status":"closed","sticky":false,"template":"","format":"standard","meta":{"footnotes":""},"categories":[18],"tags":[249],"class_list":["post-11785702","post","type-post","status-publish","format-standard","has-post-thumbnail","hentry","category-seguranca","tag-seguranca"],"_links":{"self":[{"href":"https:\/\/www.corumbaonline.com.br\/news\/wp-json\/wp\/v2\/posts\/11785702","targetHints":{"allow":["GET"]}}],"collection":[{"href":"https:\/\/www.corumbaonline.com.br\/news\/wp-json\/wp\/v2\/posts"}],"about":[{"href":"https:\/\/www.corumbaonline.com.br\/news\/wp-json\/wp\/v2\/types\/post"}],"author":[{"embeddable":true,"href":"https:\/\/www.corumbaonline.com.br\/news\/wp-json\/wp\/v2\/users\/6"}],"replies":[{"embeddable":true,"href":"https:\/\/www.corumbaonline.com.br\/news\/wp-json\/wp\/v2\/comments?post=11785702"}],"version-history":[{"count":2,"href":"https:\/\/www.corumbaonline.com.br\/news\/wp-json\/wp\/v2\/posts\/11785702\/revisions"}],"predecessor-version":[{"id":11785707,"href":"https:\/\/www.corumbaonline.com.br\/news\/wp-json\/wp\/v2\/posts\/11785702\/revisions\/11785707"}],"wp:featuredmedia":[{"embeddable":true,"href":"https:\/\/www.corumbaonline.com.br\/news\/wp-json\/wp\/v2\/media\/11785703"}],"wp:attachment":[{"href":"https:\/\/www.corumbaonline.com.br\/news\/wp-json\/wp\/v2\/media?parent=11785702"}],"wp:term":[{"taxonomy":"category","embeddable":true,"href":"https:\/\/www.corumbaonline.com.br\/news\/wp-json\/wp\/v2\/categories?post=11785702"},{"taxonomy":"post_tag","embeddable":true,"href":"https:\/\/www.corumbaonline.com.br\/news\/wp-json\/wp\/v2\/tags?post=11785702"}],"curies":[{"name":"wp","href":"https:\/\/api.w.org\/{rel}","templated":true}]}}