{"id":11785711,"date":"2026-09-02T12:12:38","date_gmt":"2026-09-02T16:12:38","guid":{"rendered":"https:\/\/www.corumbaonline.com.br\/news\/?p=11785711"},"modified":"2026-09-02T12:12:38","modified_gmt":"2026-09-02T16:12:38","slug":"inscricoes-para-ensino-tecnico-integrado-vao-ate-dia-8","status":"publish","type":"post","link":"https:\/\/www.corumbaonline.com.br\/news\/inscricoes-para-ensino-tecnico-integrado-vao-ate-dia-8\/","title":{"rendered":"Inscri\u00e7\u00f5es para ensino t\u00e9cnico integrado v\u00e3o at\u00e9 dia 8"},"content":{"rendered":"<p data-start=\"229\" data-end=\"372\">As inscri\u00e7\u00f5es para o Exame de Sele\u00e7\u00e3o 2027 do Instituto Federal de Mato Grosso do Sul (IFMS) terminam no dia\u00a08 de setembro.\u00a0Por meio do processo seletivo, voltado ao ingresso nos cursos t\u00e9cnicos integrados da institui\u00e7\u00e3o, s\u00e3o ofertadas\u00a02.270 vagas, distribu\u00eddas entre 11 op\u00e7\u00f5es de cursos em 12 munic\u00edpios do estado.<\/p>\n<p data-start=\"571\" data-end=\"774\">As op\u00e7\u00f5es s\u00e3o os cursos de\u00a0Administra\u00e7\u00e3o, Agropecu\u00e1ria, Alimentos, Agricultura, Desenvolvimento de Sistemas, Edifica\u00e7\u00f5es, Eletrot\u00e9cnica, Inform\u00e1tica, Inform\u00e1tica para Internet, Mec\u00e2nica e Metalurgia.<\/p>\n<p data-start=\"776\" data-end=\"944\">A oferta abrange os munic\u00edpios de\u00a0Amambai, Aquidauana, Campo Grande, Corumb\u00e1, Coxim, Dourados, Jardim, Navira\u00ed, Nova Andradina, Parana\u00edba, Ponta Por\u00e3 e Tr\u00eas Lagoas.<\/p>\n<p data-start=\"946\" data-end=\"1210\">No ensino t\u00e9cnico integrado, os estudantes cursam o ensino m\u00e9dio e a forma\u00e7\u00e3o t\u00e9cnica ao mesmo tempo.\u00a0Os cursos t\u00eam dura\u00e7\u00e3o de tr\u00eas anos e s\u00e3o ofertados presencialmente.<\/p>\n<p data-start=\"1212\" data-end=\"1335\">Inscri\u00e7\u00f5es\u00a0&#8211; Devem ser feitas na\u00a0<a title=\"P\u00e1gina do Candidato\" href=\"https:\/\/selecao.ifms.edu.br\/login\" target=\"_blank\" rel=\"noopener\">P\u00e1gina do Candidato<\/a>\u00a0da Central de Sele\u00e7\u00e3o do IFMS.<\/p>\n<p>Para se inscrever, \u00e9 preciso ter conclu\u00eddo o 9\u00ba ano do ensino fundamental at\u00e9 a data da matr\u00edcula no IFMS, prevista para janeiro do ano que vem, al\u00e9m de possuir Cadastro de Pessoa F\u00edsica (CPF) em seu pr\u00f3prio nome.<\/p>\n<p data-start=\"1607\" data-end=\"1926\">Os interessados que n\u00e3o t\u00eam acesso \u00e0 internet podem comparecer \u00e0 Central de Relacionamento (Cerel) dos campi do IFMS ou aos Centros de Refer\u00eancia Amambai e Parana\u00edba e solicitar um computador para fazer a inscri\u00e7\u00e3o.\u00a0<a title=\"Confira os endere\u00e7os e hor\u00e1rios de funcionamento de cada unidade\" href=\"https:\/\/www.ifms.edu.br\/acesso-a-informacao\/institucional\/contato\/campi\" target=\"_self\">Confira os endere\u00e7os e hor\u00e1rios de funcionamento de cada unidade<\/a>.<\/p>\n<p data-start=\"1928\" data-end=\"2050\">A taxa de inscri\u00e7\u00e3o \u00e9 de\u00a0R$ 20\u00a0e dever\u00e1 ser paga\u00a0at\u00e9 9 de setembro, via PagTesouro (Pix, cart\u00e3o de cr\u00e9dito ou boleto). O candidato que n\u00e3o fizer o pagamento, n\u00e3o poder\u00e1 fazer a prova do Exame de Sele\u00e7\u00e3o 2027.<\/p>\n<p data-start=\"1928\" data-end=\"2050\"><span class=\"emoji x1rg5ohu x16dsc37 x19la9d6 x1fc57z9 x6ikm8r x10wlt62 x19co3pv x11tp94h xw4jnvo x1qx5ct2 xfibh0p xiy17q3 x1xsqp64 x1lkfr7t xexx8yu xyri2b x18d9i69 x1c1uobl\">As informa\u00e7\u00f5es resumidas sobre o processo seletivo, bem como as provas e gabaritos das edi\u00e7\u00f5es anteriores, est\u00e3o dispon\u00edveis<\/span>\u00a0<strong><a class=\"internal-link\" title=\"hotsite do Exame de Sele\u00e7\u00e3o 2027\" href=\"https:\/\/www.ifms.edu.br\/exame-de-selecao-2027\" target=\"_blank\" rel=\"noopener\">hotsite do Exame de Sele\u00e7\u00e3o 2027<\/a><\/strong>.<\/p>\n","protected":false},"excerpt":{"rendered":"<p>As inscri\u00e7\u00f5es para o Exame de Sele\u00e7\u00e3o 2027 do Instituto Federal de Mato Grosso do Sul (IFMS) terminam no dia\u00a08 de setembro.\u00a0Por meio do processo seletivo, voltado ao ingresso nos cursos t\u00e9cnicos integrados da institui\u00e7\u00e3o, s\u00e3o ofertadas\u00a02.270 vagas, distribu\u00eddas entre 11 op\u00e7\u00f5es de cursos em 12 munic\u00edpios do estado. As op\u00e7\u00f5es s\u00e3o os cursos de\u00a0Administra\u00e7\u00e3o, [&hellip;]<\/p>\n","protected":false},"author":6,"featured_media":11771693,"comment_status":"closed","ping_status":"closed","sticky":false,"template":"","format":"standard","meta":{"footnotes":""},"categories":[10],"tags":[194],"class_list":["post-11785711","post","type-post","status-publish","format-standard","has-post-thumbnail","hentry","category-educacao","tag-educacao"],"_links":{"self":[{"href":"https:\/\/www.corumbaonline.com.br\/news\/wp-json\/wp\/v2\/posts\/11785711","targetHints":{"allow":["GET"]}}],"collection":[{"href":"https:\/\/www.corumbaonline.com.br\/news\/wp-json\/wp\/v2\/posts"}],"about":[{"href":"https:\/\/www.corumbaonline.com.br\/news\/wp-json\/wp\/v2\/types\/post"}],"author":[{"embeddable":true,"href":"https:\/\/www.corumbaonline.com.br\/news\/wp-json\/wp\/v2\/users\/6"}],"replies":[{"embeddable":true,"href":"https:\/\/www.corumbaonline.com.br\/news\/wp-json\/wp\/v2\/comments?post=11785711"}],"version-history":[{"count":1,"href":"https:\/\/www.corumbaonline.com.br\/news\/wp-json\/wp\/v2\/posts\/11785711\/revisions"}],"predecessor-version":[{"id":11785712,"href":"https:\/\/www.corumbaonline.com.br\/news\/wp-json\/wp\/v2\/posts\/11785711\/revisions\/11785712"}],"wp:featuredmedia":[{"embeddable":true,"href":"https:\/\/www.corumbaonline.com.br\/news\/wp-json\/wp\/v2\/media\/11771693"}],"wp:attachment":[{"href":"https:\/\/www.corumbaonline.com.br\/news\/wp-json\/wp\/v2\/media?parent=11785711"}],"wp:term":[{"taxonomy":"category","embeddable":true,"href":"https:\/\/www.corumbaonline.com.br\/news\/wp-json\/wp\/v2\/categories?post=11785711"},{"taxonomy":"post_tag","embeddable":true,"href":"https:\/\/www.corumbaonline.com.br\/news\/wp-json\/wp\/v2\/tags?post=11785711"}],"curies":[{"name":"wp","href":"https:\/\/api.w.org\/{rel}","templated":true}]}}