{"id":11785714,"date":"2026-09-03T14:18:48","date_gmt":"2026-09-03T18:18:48","guid":{"rendered":"https:\/\/www.corumbaonline.com.br\/news\/?p=11785714"},"modified":"2026-09-03T15:15:33","modified_gmt":"2026-09-03T19:15:33","slug":"outro-carro-capota-em-corumba-em-menos-de-24h","status":"publish","type":"post","link":"https:\/\/www.corumbaonline.com.br\/news\/outro-carro-capota-em-corumba-em-menos-de-24h\/","title":{"rendered":"V\u00eddeo: Outro carro capota em Corumb\u00e1 em menos de 24h"},"content":{"rendered":"\n<p class=\"wp-block-paragraph\">O corpo de bombeiros de Corumb\u00e1 atendeu a uma v\u00edtima de capotamento, pr\u00f3ximo ao aeroporto, em Corumb\u00e1, nesta quinta-feira (3).&nbsp;<\/p>\n\n\n\n<p class=\"wp-block-paragraph\">De acordo com locais, um forte estrondo pode ser ouvido de dentro das resid\u00eancias por volta das 12h50. Logo, duas ambul\u00e2ncias e o caminh\u00e3o do corpo de bombeiros apareceram para prestar socorro.<\/p>\n\n\n\n<p class=\"wp-block-paragraph\">O acidente aconteceu no cruzamento da Rua Cabral com a Rua Luis Feitosa, o ve\u00edculo capotou e parou em cima da cal\u00e7ada, numa esquina. A v\u00edtima do sexo feminino, passageira de 41 anos, identificada como L.L.G.N. foi levada pelo Servi\u00e7o de Atendimento M\u00f3vel de Urg\u00eancia (SAMU) para avalia\u00e7\u00e3o m\u00e9dica.&nbsp;<\/p>\n\n\n\n<p class=\"wp-block-paragraph\">De acordo com o representante do 3\u00b0 GBM, sargento Marti, tamb\u00e9m havia uma v\u00edtima do sexo masculino, que recusou atendimento dos SAMU e n\u00e3o foi encaminhado para o hospital.<\/p>\n\n\n\n<p class=\"wp-block-paragraph\">Causa do acidente <\/p>\n\n\n<div class=\"wp-block-image\">\n<figure class=\"alignleft size-large is-resized\"><img loading=\"lazy\" decoding=\"async\" width=\"768\" height=\"1024\" src=\"https:\/\/www.corumbaonline.com.br\/news\/wp-content\/uploads\/2026\/09\/1000275427-768x1024.jpg\" alt=\"\" class=\"wp-image-11785731\" style=\"aspect-ratio:0.7499999549489562;width:239px;height:auto\" srcset=\"https:\/\/www.corumbaonline.com.br\/news\/wp-content\/uploads\/2026\/09\/1000275427-768x1024.jpg 768w, https:\/\/www.corumbaonline.com.br\/news\/wp-content\/uploads\/2026\/09\/1000275427-225x300.jpg 225w, https:\/\/www.corumbaonline.com.br\/news\/wp-content\/uploads\/2026\/09\/1000275427-1152x1536.jpg 1152w, https:\/\/www.corumbaonline.com.br\/news\/wp-content\/uploads\/2026\/09\/1000275427.jpg 1200w\" sizes=\"auto, (max-width: 768px) 100vw, 768px\" \/><\/figure>\n<\/div>\n\n\n<p class=\"wp-block-paragraph\">Ainda segundo informa\u00e7\u00f5es do corpo de bombeiros, houve uma colis\u00e3o entre um Volkswagen Robust e um Volkswagen Voyage,  o Robust ficou com as quatro rodas voltadas para cima. <\/p>\n\n\n\n<p class=\"wp-block-paragraph\">O condutor do Voyage foi encontrado j\u00e1 fora do ve\u00edculo com dores no bra\u00e7o, mas recusou atendimento. O condutor do Robust, J.A., tamb\u00e9m foi encontrado fora do carro, consciente, com escoria\u00e7\u00f5es nos bra\u00e7os e tamb\u00e9m recusou atendimento. <\/p>\n\n\n<div class=\"wp-block-image\">\n<figure class=\"alignright size-large is-resized\"><img loading=\"lazy\" decoding=\"async\" width=\"768\" height=\"1024\" src=\"https:\/\/www.corumbaonline.com.br\/news\/wp-content\/uploads\/2026\/09\/1000275428-768x1024.jpg\" alt=\"\" class=\"wp-image-11785735\" style=\"aspect-ratio:0.7499999549489562;width:262px;height:auto\" srcset=\"https:\/\/www.corumbaonline.com.br\/news\/wp-content\/uploads\/2026\/09\/1000275428-768x1024.jpg 768w, https:\/\/www.corumbaonline.com.br\/news\/wp-content\/uploads\/2026\/09\/1000275428-225x300.jpg 225w, https:\/\/www.corumbaonline.com.br\/news\/wp-content\/uploads\/2026\/09\/1000275428-1152x1536.jpg 1152w, https:\/\/www.corumbaonline.com.br\/news\/wp-content\/uploads\/2026\/09\/1000275428.jpg 1200w\" sizes=\"auto, (max-width: 768px) 100vw, 768px\" \/><\/figure>\n<\/div>\n\n\n<p class=\"wp-block-paragraph\">A passageira do Robust foi encontrada consciente e orientada, mas ainda no interior no ve\u00edculo, retida entre o painel e o sinto de seguran\u00e7a. Ela apresentava ferimento na cabe\u00e7a e queixas de dores na regiao lombar e t\u00f3rax. <\/p>\n\n\n\n<p class=\"wp-block-paragraph\">Outros<\/p>\n\n\n\n<p class=\"wp-block-paragraph\">Na madrugada desta quinta-feira, os militares atenderam uma mulher de 33 anos que sofreu um acidente, por volta da 1h20, no cruzamento da avenida Porto Carrero e rua Frei Mariano<\/p>\n\n\n\n<p class=\"wp-block-paragraph\">*o conte\u00fado foi atualizado \u00e0s 15h com a adi\u00e7\u00e3o de novas informa\u00e7\u00f5es <\/p>\n\n\n\n<figure class=\"wp-block-video\"><video height=\"864\" style=\"aspect-ratio: 480 \/ 864;\" width=\"480\" controls src=\"https:\/\/www.corumbaonline.com.br\/news\/wp-content\/uploads\/2026\/09\/1000275425.mp4\"><\/video><\/figure>\n\n\n\n<p class=\"wp-block-paragraph\"><\/p>\n","protected":false},"excerpt":{"rendered":"<p>O corpo de bombeiros de Corumb\u00e1 atendeu a uma v\u00edtima de capotamento, pr\u00f3ximo ao aeroporto, em Corumb\u00e1, nesta quinta-feira (3).&nbsp; De acordo com locais, um forte estrondo pode ser ouvido de dentro das resid\u00eancias por volta das 12h50. Logo, duas ambul\u00e2ncias e o caminh\u00e3o do corpo de bombeiros apareceram para prestar socorro. O acidente aconteceu [&hellip;]<\/p>\n","protected":false},"author":1,"featured_media":11785725,"comment_status":"closed","ping_status":"closed","sticky":false,"template":"","format":"standard","meta":{"footnotes":""},"categories":[14],"tags":[],"class_list":["post-11785714","post","type-post","status-publish","format-standard","has-post-thumbnail","hentry","category-geral"],"_links":{"self":[{"href":"https:\/\/www.corumbaonline.com.br\/news\/wp-json\/wp\/v2\/posts\/11785714","targetHints":{"allow":["GET"]}}],"collection":[{"href":"https:\/\/www.corumbaonline.com.br\/news\/wp-json\/wp\/v2\/posts"}],"about":[{"href":"https:\/\/www.corumbaonline.com.br\/news\/wp-json\/wp\/v2\/types\/post"}],"author":[{"embeddable":true,"href":"https:\/\/www.corumbaonline.com.br\/news\/wp-json\/wp\/v2\/users\/1"}],"replies":[{"embeddable":true,"href":"https:\/\/www.corumbaonline.com.br\/news\/wp-json\/wp\/v2\/comments?post=11785714"}],"version-history":[{"count":14,"href":"https:\/\/www.corumbaonline.com.br\/news\/wp-json\/wp\/v2\/posts\/11785714\/revisions"}],"predecessor-version":[{"id":11785736,"href":"https:\/\/www.corumbaonline.com.br\/news\/wp-json\/wp\/v2\/posts\/11785714\/revisions\/11785736"}],"wp:featuredmedia":[{"embeddable":true,"href":"https:\/\/www.corumbaonline.com.br\/news\/wp-json\/wp\/v2\/media\/11785725"}],"wp:attachment":[{"href":"https:\/\/www.corumbaonline.com.br\/news\/wp-json\/wp\/v2\/media?parent=11785714"}],"wp:term":[{"taxonomy":"category","embeddable":true,"href":"https:\/\/www.corumbaonline.com.br\/news\/wp-json\/wp\/v2\/categories?post=11785714"},{"taxonomy":"post_tag","embeddable":true,"href":"https:\/\/www.corumbaonline.com.br\/news\/wp-json\/wp\/v2\/tags?post=11785714"}],"curies":[{"name":"wp","href":"https:\/\/api.w.org\/{rel}","templated":true}]}}