{"id":11785746,"date":"2026-09-04T12:00:00","date_gmt":"2026-09-04T16:00:00","guid":{"rendered":"https:\/\/www.corumbaonline.com.br\/news\/?p=11785746"},"modified":"2026-09-04T15:06:40","modified_gmt":"2026-09-04T19:06:40","slug":"profissionais-da-vacinacao-passam-por-capacitacao-e-atendimento-sera-suspenso-nas-tardes-dos-dias-4-e-11-de-setembro","status":"publish","type":"post","link":"https:\/\/www.corumbaonline.com.br\/news\/profissionais-da-vacinacao-passam-por-capacitacao-e-atendimento-sera-suspenso-nas-tardes-dos-dias-4-e-11-de-setembro\/","title":{"rendered":"Profissionais da vacina\u00e7\u00e3o passam por capacita\u00e7\u00e3o e atendimento ser\u00e1 suspenso nas tardes dos dias 4 e 11 de setembro"},"content":{"rendered":"<p>As equipes respons\u00e1veis pela vacina\u00e7\u00e3o da rede municipal de sa\u00fade participar\u00e3o de uma capacita\u00e7\u00e3o nas tardes desta sexta-feira (4) e da pr\u00f3xima sexta-feira (11) de setembro. Em raz\u00e3o da atividade, todas as salas de vacina\u00e7\u00e3o do munic\u00edpio estar\u00e3o fechadas nesses dois per\u00edodos.<\/p>\n<p>A capacita\u00e7\u00e3o tem como objetivo atualizar os profissionais sobre as mudan\u00e7as nos Calend\u00e1rios de Vacina\u00e7\u00e3o e nos p\u00fablicos-alvo das vacinas, garantindo que as equipes estejam preparadas para orientar a popula\u00e7\u00e3o e realizar os procedimentos de acordo com as recomenda\u00e7\u00f5es mais recentes do Minist\u00e9rio da Sa\u00fade.<\/p>\n<p>A atualiza\u00e7\u00e3o cont\u00ednua dos profissionais \u00e9 fundamental para fortalecer as a\u00e7\u00f5es de imuniza\u00e7\u00e3o, ampliar a qualidade do atendimento e assegurar que a popula\u00e7\u00e3o receba informa\u00e7\u00f5es corretas sobre vacinas, faixas et\u00e1rias, grupos priorit\u00e1rios e esquemas vacinais.<\/p>\n<p>O atendimento nas salas de vacina\u00e7\u00e3o funcionar\u00e1 normalmente nos demais per\u00edodos.<\/p>\n","protected":false},"excerpt":{"rendered":"<p>As equipes respons\u00e1veis pela vacina\u00e7\u00e3o da rede municipal de sa\u00fade participar\u00e3o de uma capacita\u00e7\u00e3o nas tardes desta sexta-feira (4) e da pr\u00f3xima sexta-feira (11) de setembro. Em raz\u00e3o da atividade, todas as salas de vacina\u00e7\u00e3o do munic\u00edpio estar\u00e3o fechadas nesses dois per\u00edodos. A capacita\u00e7\u00e3o tem como objetivo atualizar os profissionais sobre as mudan\u00e7as nos Calend\u00e1rios [&hellip;]<\/p>\n","protected":false},"author":70,"featured_media":11785747,"comment_status":"closed","ping_status":"closed","sticky":false,"template":"","format":"standard","meta":{"footnotes":""},"categories":[21],"tags":[222],"class_list":["post-11785746","post","type-post","status-publish","format-standard","has-post-thumbnail","hentry","category-saude","tag-saude"],"_links":{"self":[{"href":"https:\/\/www.corumbaonline.com.br\/news\/wp-json\/wp\/v2\/posts\/11785746","targetHints":{"allow":["GET"]}}],"collection":[{"href":"https:\/\/www.corumbaonline.com.br\/news\/wp-json\/wp\/v2\/posts"}],"about":[{"href":"https:\/\/www.corumbaonline.com.br\/news\/wp-json\/wp\/v2\/types\/post"}],"author":[{"embeddable":true,"href":"https:\/\/www.corumbaonline.com.br\/news\/wp-json\/wp\/v2\/users\/70"}],"replies":[{"embeddable":true,"href":"https:\/\/www.corumbaonline.com.br\/news\/wp-json\/wp\/v2\/comments?post=11785746"}],"version-history":[{"count":1,"href":"https:\/\/www.corumbaonline.com.br\/news\/wp-json\/wp\/v2\/posts\/11785746\/revisions"}],"predecessor-version":[{"id":11785748,"href":"https:\/\/www.corumbaonline.com.br\/news\/wp-json\/wp\/v2\/posts\/11785746\/revisions\/11785748"}],"wp:featuredmedia":[{"embeddable":true,"href":"https:\/\/www.corumbaonline.com.br\/news\/wp-json\/wp\/v2\/media\/11785747"}],"wp:attachment":[{"href":"https:\/\/www.corumbaonline.com.br\/news\/wp-json\/wp\/v2\/media?parent=11785746"}],"wp:term":[{"taxonomy":"category","embeddable":true,"href":"https:\/\/www.corumbaonline.com.br\/news\/wp-json\/wp\/v2\/categories?post=11785746"},{"taxonomy":"post_tag","embeddable":true,"href":"https:\/\/www.corumbaonline.com.br\/news\/wp-json\/wp\/v2\/tags?post=11785746"}],"curies":[{"name":"wp","href":"https:\/\/api.w.org\/{rel}","templated":true}]}}