{"id":11785749,"date":"2026-09-04T12:30:00","date_gmt":"2026-09-04T16:30:00","guid":{"rendered":"https:\/\/www.corumbaonline.com.br\/news\/?p=11785749"},"modified":"2026-09-04T15:09:49","modified_gmt":"2026-09-04T19:09:49","slug":"fachin-da-5-dias-para-mendonca-e-gonet-responderem-acusacao-de-moraes","status":"publish","type":"post","link":"https:\/\/www.corumbaonline.com.br\/news\/fachin-da-5-dias-para-mendonca-e-gonet-responderem-acusacao-de-moraes\/","title":{"rendered":"Fachin d\u00e1 5 dias para Mendon\u00e7a e Gonet responderem acusa\u00e7\u00e3o de Moraes"},"content":{"rendered":"<p>O presidente do Supremo Tribunal Federal (STF), Edson Fachin, determinou nesta sexta-feira (4) cinco dias de prazo para que o ministro Andr\u00e9 Mendon\u00e7a, tamb\u00e9m da Corte, e o procurador-geral da Rep\u00fablica, Paulo Gonet, manifestem-se sobre supostas irregularidades na condu\u00e7\u00e3o do caso Master.\u00a0<img decoding=\"async\" src=\"https:\/\/agenciabrasil.ebc.com.br\/ebc.png?id=1701528&amp;o=node\" \/><img decoding=\"async\" src=\"https:\/\/agenciabrasil.ebc.com.br\/ebc.gif?id=1701528&amp;o=node\" \/><\/p>\n<p>Tais irregularidades foram apontadas pelo tamb\u00e9m\u00a0ministro do Supremo\u00a0Alexandre de Moraes. Para embasar suas afirma\u00e7\u00f5es, ele apresentou um relat\u00f3rio de intelig\u00eancia da Pol\u00edcia Federal (PF), embora o documento n\u00e3o traga o cabe\u00e7alho da institui\u00e7\u00e3o ou a assinatura de algum delegado, como \u00e9 de praxe para esse tipo de documento.<\/p>\n<p>Moraes apontou atos que considera improbidade administrativa, abuso de autoridade e crime de responsabilidade por parte de Mendon\u00e7a, a quem acusa de ter direcionado a investiga\u00e7\u00e3o do caso Master para atingi-lo.<\/p>\n<p>No relat\u00f3rio apresentado por Moraes consta a sugest\u00e3o de que Mendon\u00e7a pudesse estar direcionando as investiga\u00e7\u00f5es do caso Master para atingir\u00a0desafetos pol\u00edticos, incluindo o pr\u00f3prio Moraes e o presidente do Senado, Davi Alcolumbre (Uni\u00e3o-AP).<\/p>\n<p>O mesmo documento, contudo, diz que as afirma\u00e7\u00f5es s\u00e3o uma &#8220;an\u00e1lise de cen\u00e1rio&#8221; e tamb\u00e9m &#8220;sem valor probat\u00f3rio&#8221;. O relat\u00f3rio ap\u00f3crifo foi tornado p\u00fablico pelo Supremo.<\/p>\n<h2>Mensagens<\/h2>\n<p>A crise entre ministros do Supremo emergiu nesta semana, ap\u00f3s Mendon\u00e7a retirar o sigilo de um relat\u00f3rio da PF que traz mensagens enviadas pelo ex-banqueiro Daniel Vorcaro, antigo dono do banco Master, a Moraes, segundo o documento.<\/p>\n<p>As conversas mostram cita\u00e7\u00f5es aos nomes de Moraes e Gonet. As mensagens foram recuperadas do celular de Vorcaro, alvo central da Opera\u00e7\u00e3o Compliance Zero, que trata da suspeita de fraudes financeiras bilion\u00e1rias no Master. O caso \u00e9 relatado por Mendon\u00e7a.<\/p>\n<p>As dezenas de mensagens sugerem, por exemplo, que Moraes editou um contrato de mais de R$ 130 milh\u00f5es entre o Master e o escrit\u00f3rio de advocacia de sua esposa, Viviane Barci de Moraes.<\/p>\n<h2>Fachin<\/h2>\n<p>Na quinta-feira (3), Fachin j\u00e1 havia cobrado que Gonet, Moraes e Mendon\u00e7a se manifestassem sobre as informa\u00e7\u00f5es constantes no relat\u00f3rio da PF sobre as conversas de Vorcaro.<\/p>\n<p>O presidente do STF escreveu que levar\u00e1 ao plen\u00e1rio, no momento oportuno, um pedido do PGR para que as investiga\u00e7\u00f5es supervisionadas por Mendon\u00e7a sejam anuladas.<\/p>\n<blockquote><p>\u201cCabe \u00e0 Presid\u00eancia do tribunal zelar para que a poss\u00edvel aprecia\u00e7\u00e3o\u00a0colegiada seja feita, a tempo e modo, com o elevado senso de\u00a0responsabilidade que os fatos reclamam, sempre assegurando o respeito\u00a0\u00e0s garantias constitucionais do devido processo legal, da ampla defesa e\u00a0do contradit\u00f3rio\u201d, escreveu.<\/p><\/blockquote>\n<p>Em novo despacho nesta sexta-feira, Fachin determinou\u00a0que Gonet apresente parecer tamb\u00e9m sobre o pedido de investiga\u00e7\u00e3o contra Mendon\u00e7a, feito na noite de ontem por Moraes<\/p>\n<p>Ainda no despacho de hoje, Fachin determinou que o documento apresentado por Moraes para fazer as acusa\u00e7\u00f5es contra Mendon\u00e7a seja retirado do inqu\u00e9rito das Fake News, relatado pelo pr\u00f3prio Moraes, e anexado a uma peti\u00e7\u00e3o separada, relatada pelo presidente do Supremo.<\/p>\n<blockquote><p>\u201cAs provid\u00eancias ora determinadas destinam-se exclusivamente \u00e0 instru\u00e7\u00e3o do feito, sem antecipa\u00e7\u00e3o de ju\u00edzo quanto \u00e0 admissibilidade, \u00e0 regularidade do procedimento ou ao m\u00e9rito das imputa\u00e7\u00f5es\u201d, escreveu Fachin na decis\u00e3o.<\/p><\/blockquote>\n","protected":false},"excerpt":{"rendered":"<p>O presidente do Supremo Tribunal Federal (STF), Edson Fachin, determinou nesta sexta-feira (4) cinco dias de prazo para que o ministro Andr\u00e9 Mendon\u00e7a, tamb\u00e9m da Corte, e o procurador-geral da Rep\u00fablica, Paulo Gonet, manifestem-se sobre supostas irregularidades na condu\u00e7\u00e3o do caso Master.\u00a0 Tais irregularidades foram apontadas pelo tamb\u00e9m\u00a0ministro do Supremo\u00a0Alexandre de Moraes. Para embasar suas [&hellip;]<\/p>\n","protected":false},"author":4,"featured_media":11785750,"comment_status":"closed","ping_status":"closed","sticky":false,"template":"","format":"standard","meta":{"footnotes":""},"categories":[221,19],"tags":[268,188],"class_list":["post-11785749","post","type-post","status-publish","format-standard","has-post-thumbnail","hentry","category-justica","category-politica","tag-justica","tag-politica"],"_links":{"self":[{"href":"https:\/\/www.corumbaonline.com.br\/news\/wp-json\/wp\/v2\/posts\/11785749","targetHints":{"allow":["GET"]}}],"collection":[{"href":"https:\/\/www.corumbaonline.com.br\/news\/wp-json\/wp\/v2\/posts"}],"about":[{"href":"https:\/\/www.corumbaonline.com.br\/news\/wp-json\/wp\/v2\/types\/post"}],"author":[{"embeddable":true,"href":"https:\/\/www.corumbaonline.com.br\/news\/wp-json\/wp\/v2\/users\/4"}],"replies":[{"embeddable":true,"href":"https:\/\/www.corumbaonline.com.br\/news\/wp-json\/wp\/v2\/comments?post=11785749"}],"version-history":[{"count":1,"href":"https:\/\/www.corumbaonline.com.br\/news\/wp-json\/wp\/v2\/posts\/11785749\/revisions"}],"predecessor-version":[{"id":11785751,"href":"https:\/\/www.corumbaonline.com.br\/news\/wp-json\/wp\/v2\/posts\/11785749\/revisions\/11785751"}],"wp:featuredmedia":[{"embeddable":true,"href":"https:\/\/www.corumbaonline.com.br\/news\/wp-json\/wp\/v2\/media\/11785750"}],"wp:attachment":[{"href":"https:\/\/www.corumbaonline.com.br\/news\/wp-json\/wp\/v2\/media?parent=11785749"}],"wp:term":[{"taxonomy":"category","embeddable":true,"href":"https:\/\/www.corumbaonline.com.br\/news\/wp-json\/wp\/v2\/categories?post=11785749"},{"taxonomy":"post_tag","embeddable":true,"href":"https:\/\/www.corumbaonline.com.br\/news\/wp-json\/wp\/v2\/tags?post=11785749"}],"curies":[{"name":"wp","href":"https:\/\/api.w.org\/{rel}","templated":true}]}}