{"id":11785755,"date":"2026-09-04T13:30:00","date_gmt":"2026-09-04T17:30:00","guid":{"rendered":"https:\/\/www.corumbaonline.com.br\/news\/?p=11785755"},"modified":"2026-09-04T15:26:52","modified_gmt":"2026-09-04T19:26:52","slug":"hasteamento-da-bandeira-e-desfile-marcam-o-7-de-setembro-em-corumba","status":"publish","type":"post","link":"https:\/\/www.corumbaonline.com.br\/news\/hasteamento-da-bandeira-e-desfile-marcam-o-7-de-setembro-em-corumba\/","title":{"rendered":"Hasteamento da bandeira e desfile marcam o 7 de Setembro em Corumb\u00e1"},"content":{"rendered":"<p>Corumb\u00e1 ter\u00e1 programa\u00e7\u00e3o c\u00edvico-militar na pr\u00f3xima segunda-feira, 07 de setembro, em comemora\u00e7\u00e3o aos 204 anos da Independ\u00eancia do Brasil. As cerim\u00f4nias s\u00e3o organizadas pela 18\u00aa Brigada de Infantaria de Pantanal, a Brigada Ricardo Franco, do Comando Militar do Oeste.<\/p>\n<p>A programa\u00e7\u00e3o come\u00e7a \u00e0s 09h15, com o hasteamento da Bandeira Nacional, no Jardim da Independ\u00eancia. \u00c0s 09h45, ser\u00e1 realizada a revista da tropa.<\/p>\n<p>O desfile c\u00edvico-militar est\u00e1 previsto para as 10 horas, na avenida General Rondon. O palanque das autoridades ser\u00e1 instalado na pra\u00e7a Generoso Ponce.<\/p>\n","protected":false},"excerpt":{"rendered":"<p>Corumb\u00e1 ter\u00e1 programa\u00e7\u00e3o c\u00edvico-militar na pr\u00f3xima segunda-feira, 07 de setembro, em comemora\u00e7\u00e3o aos 204 anos da Independ\u00eancia do Brasil. As cerim\u00f4nias s\u00e3o organizadas pela 18\u00aa Brigada de Infantaria de Pantanal, a Brigada Ricardo Franco, do Comando Militar do Oeste. A programa\u00e7\u00e3o come\u00e7a \u00e0s 09h15, com o hasteamento da Bandeira Nacional, no Jardim da Independ\u00eancia. \u00c0s [&hellip;]<\/p>\n","protected":false},"author":70,"featured_media":11785756,"comment_status":"closed","ping_status":"closed","sticky":false,"template":"","format":"standard","meta":{"footnotes":""},"categories":[14],"tags":[],"class_list":["post-11785755","post","type-post","status-publish","format-standard","has-post-thumbnail","hentry","category-geral"],"_links":{"self":[{"href":"https:\/\/www.corumbaonline.com.br\/news\/wp-json\/wp\/v2\/posts\/11785755","targetHints":{"allow":["GET"]}}],"collection":[{"href":"https:\/\/www.corumbaonline.com.br\/news\/wp-json\/wp\/v2\/posts"}],"about":[{"href":"https:\/\/www.corumbaonline.com.br\/news\/wp-json\/wp\/v2\/types\/post"}],"author":[{"embeddable":true,"href":"https:\/\/www.corumbaonline.com.br\/news\/wp-json\/wp\/v2\/users\/70"}],"replies":[{"embeddable":true,"href":"https:\/\/www.corumbaonline.com.br\/news\/wp-json\/wp\/v2\/comments?post=11785755"}],"version-history":[{"count":1,"href":"https:\/\/www.corumbaonline.com.br\/news\/wp-json\/wp\/v2\/posts\/11785755\/revisions"}],"predecessor-version":[{"id":11785757,"href":"https:\/\/www.corumbaonline.com.br\/news\/wp-json\/wp\/v2\/posts\/11785755\/revisions\/11785757"}],"wp:featuredmedia":[{"embeddable":true,"href":"https:\/\/www.corumbaonline.com.br\/news\/wp-json\/wp\/v2\/media\/11785756"}],"wp:attachment":[{"href":"https:\/\/www.corumbaonline.com.br\/news\/wp-json\/wp\/v2\/media?parent=11785755"}],"wp:term":[{"taxonomy":"category","embeddable":true,"href":"https:\/\/www.corumbaonline.com.br\/news\/wp-json\/wp\/v2\/categories?post=11785755"},{"taxonomy":"post_tag","embeddable":true,"href":"https:\/\/www.corumbaonline.com.br\/news\/wp-json\/wp\/v2\/tags?post=11785755"}],"curies":[{"name":"wp","href":"https:\/\/api.w.org\/{rel}","templated":true}]}}