{"id":11898,"date":"2017-12-08T13:30:13","date_gmt":"2017-12-08T16:30:13","guid":{"rendered":"http:\/\/www.corumbaonline.com.br\/news\/?p=11898"},"modified":"2017-12-08T13:02:49","modified_gmt":"2017-12-08T16:02:49","slug":"embrapa-leva-tecnologias-a-bolivia","status":"publish","type":"post","link":"https:\/\/www.corumbaonline.com.br\/news\/embrapa-leva-tecnologias-a-bolivia\/","title":{"rendered":"Embrapa leva tecnologias \u00e0 Bol\u00edvia"},"content":{"rendered":"<p>O semin\u00e1rio internacional \u201cBoas Pr\u00e1ticas Pecu\u00e1rias: desafio para o produtor\u201d, realizado no final de dezembro em Santa Cruz de la Sierra, a cidade mais populosa do departamento de Santa Cruz na Bol\u00edvia, contou com a participa\u00e7\u00e3o e as palestras de representantes da Embrapa Pantanal. O evento foi realizado por meio de parcerias entre a unidade de pesquisa brasileira, governo e institui\u00e7\u00f5es bolivianas como a Secretaria de Desenvolvimento Produtivo do Governo Departamental de Santa Cruz, Centro de Investiga\u00e7\u00e3o Agr\u00edcola Tropical (CIAT), WWF &#8211; Bol\u00edvia, Universidade Evang\u00e9lica Boliviana (UEB) e Universidade de Aquino Bol\u00edvia (Udabol), com o apoio da Federa\u00e7\u00e3o de Criadores de Gado de Santa Cruz (Fegasacruz), Associa\u00e7\u00e3o Boliviana de Experimenta\u00e7\u00e3o Agropecu\u00e1ria (AB-Crea) e Union Agroneg\u00f3cios.<\/p>\n<p>Na ocasi\u00e3o, o chefe-geral e quatro pesquisadores da unidade de pesquisa pantaneira ministraram palestras sobre a Embrapa e parceiros, qualidade da carne, substitui\u00e7\u00e3o de pastagens no Pantanal, sistemas agroecol\u00f3gicos como garantia de seguran\u00e7a alimentar, emiss\u00e3o de g\u00e1s metano em ruminantes e Fazenda Pantaneira Sustent\u00e1vel (FPS). \u201cFalamos um pouco da experi\u00eancia brasileira, contando como nos tornamos o principal exportador de carne mundial. Acredito que a Bol\u00edvia est\u00e1 tomando uma decis\u00e3o muito interessante, muito positiva, de buscar a carne natural ou sustent\u00e1vel. Boas pr\u00e1ticas, bem-estar animal e balan\u00e7o de cr\u00e9ditos de carbono, por exemplo, s\u00e3o assuntos que v\u00e3o estar na pauta de todo produtor rural daqui para a frente\u201d, pontua o chefe-geral da Embrapa Pantanal, Jorge Lara.<\/p>\n<p>De acordo com o chefe-adjunto de Transfer\u00eancia de Tecnologia e Neg\u00f3cios da unidade de pesquisa, Thiago Coppola, as negocia\u00e7\u00f5es para a realiza\u00e7\u00e3o do evento tiveram in\u00edcio no m\u00eas de fevereiro. \u201cEssa troca visa contribuir com o desenvolvimento do agroneg\u00f3cio nos dois pa\u00edses e subsidiar as a\u00e7\u00f5es do Minist\u00e9rio da Agricultura, Pecu\u00e1ria e Abastecimento (MAPA). Os pesquisadores interagiram bastante nas discuss\u00f5es com os profissionais bolivianos; com as institui\u00e7\u00f5es parceiras, discutimos o estabelecimento de conv\u00eanios t\u00e9cnicos, novas parcerias e a realiza\u00e7\u00e3o da segunda edi\u00e7\u00e3o do semin\u00e1rio no pr\u00f3ximo ano\u201d, afirma. Em 2017, a participa\u00e7\u00e3o no semin\u00e1rio foi limitada a 150 alunos das universidades parceiras e 150 produtores rurais bolivianos. A previs\u00e3o, segundo Thiago, \u00e9 chegar a um p\u00fablico de 600 pessoas em 2018.<\/p>\n<p>Al\u00e9m da realiza\u00e7\u00e3o do semin\u00e1rio, sete\u00a0representantes da Embrapa tamb\u00e9m participaram de encontros com a diretoria e funcion\u00e1rios do CIAT e AB-Crea, visitando campos experimentais e abordando poss\u00edveis parcerias. O grupo se reuniu, ainda, com a diretoria da Udabol para discutir conv\u00eanios t\u00e9cnicos, realiza\u00e7\u00f5es de dias de campo, submiss\u00e3o de projetos conjuntos e visitas de estudantes bolivianos \u00e0 unidade pantaneira de pesquisa. O grupo esteve em confer\u00eancia com a Secretaria de Desenvolvimento Produtivo de Santa Cruz e Associa\u00e7\u00e3o Boliviana de Criadores de Zebu (Asocebu) e participou, por fim, de uma visita a uma fazenda que trabalha com pecu\u00e1ria leiteira e de um dia de campo realizado pela AB-Crea e parceiros em uma propriedade rural da regi\u00e3o com cerca de 200 produtores locais.<\/p>\n<p><strong>Parceiros bolivianos<\/strong><\/p>\n<p>Para Luis Alberto Alpire, secret\u00e1rio de desenvolvimento produtivo, um dos objetivos da parceria entre as institui\u00e7\u00f5es \u00e9 a ado\u00e7\u00e3o de crit\u00e9rios t\u00e9cnicos comuns \u00e0 produ\u00e7\u00e3o pecu\u00e1ria no Brasil e na Bol\u00edvia, de forma a atender \u00e0s exig\u00eancias de importadores de carne como a R\u00fassia e a China. \u201cO que estamos fazendo de forma conjunta com nosso parceiro, a Embrapa, \u00e9 gerar seguran\u00e7a sanit\u00e1ria, mas tamb\u00e9m crit\u00e9rios t\u00e9cnicos comuns para propiciar a t\u00e3o ansiada transfer\u00eancia de tecnologia e o desenvolvimento de nossas capacidades\u201d. O diretor-executivo do CIAT, Luiz Ernesto Hurtado, destaca a import\u00e2ncia do estabelecimento de parcerias e conv\u00eanios t\u00e9cnicos entre o centro de pesquisa boliviano e a empresa de pesquisa brasileira. \u201cCreio que isso servir\u00e1 muit\u00edssimo para ampliar o conhecimento de ambos os pa\u00edses\u201d.<\/p>\n<p>A discuss\u00e3o sobre as boas pr\u00e1ticas pecu\u00e1rias promovida pelo evento, segundo Jose Luiz Vaca \u2013 Presidente da Fegasacruz \u2013 \u00e9 realizada em um momento estrat\u00e9gico para a regi\u00e3o: de acordo com Jose, os produtores de carne locais dever\u00e3o passar a exportar seus produtos para a China e R\u00fassia em cerca de seis meses. \u201cH\u00e1 dois temas que s\u00e3o emergentes e de cumprimento obrigat\u00f3rio: bem-estar animal, vinculado \u00e0s boas pr\u00e1ticas. Os pa\u00edses que n\u00e3o cumprirem o protocolo, os procedimentos de bem-estar animal, n\u00e3o v\u00e3o estar qualificados no futuro para a exporta\u00e7\u00e3o internacional. O segundo tema, muito grave, \u00e9 o do controle de res\u00edduos\u201d, explica. \u201cPor isso, o tema das boas pr\u00e1ticas, para n\u00f3s, se transformou n\u00e3o s\u00f3 em uma necessidade, mas em uma obrigatoriedade que temos que cumprir\u201d.<\/p>\n<p>Samuel Sang\u00fceza, representante nacional da WWF &#8211; Bol\u00edvia, salienta que as discuss\u00f5es do evento foram beneficiadas pela participa\u00e7\u00e3o de representantes de diversas \u00e1reas, como a pr\u00f3pria organiza\u00e7\u00e3o, institui\u00e7\u00f5es de pesquisa, entidades governamentais, setor produtivo e acad\u00eamico, para \u201capoiar processos que fortale\u00e7am o conceito de um planeta vivo, de sistemas de vida s\u00f3lidos, fortes, que n\u00e3o somente beneficiem as esp\u00e9cies animais, mas que tamb\u00e9m \u2013 e fundamentalmente \u2013 apoiem os processos de bem-estar humano\u201d. Cristian Torrez, vice-reitor nacional da Udabol, completa: \u201ca educa\u00e7\u00e3o inclui a forma\u00e7\u00e3o da consci\u00eancia, mas tamb\u00e9m a pesquisa e a extens\u00e3o. E um dos pilares da extens\u00e3o \u00e9 a intera\u00e7\u00e3o entre as institui\u00e7\u00f5es\u201d.<\/p>\n<p><strong>Participantes<\/strong><\/p>\n<p>O estudante Daimon Deai, de 22 anos, cursa o sexto semestre do curso de Ci\u00eancias Agropecu\u00e1rias da UEB e trabalha com a atividade agropecu\u00e1ria na Bol\u00edvia na propriedade rural de sua fam\u00edlia. Ele conta que pretende levar ao campo as informa\u00e7\u00f5es a que teve acesso durante o semin\u00e1rio. \u201cO tema mais interessante foi o de boas pr\u00e1ticas pecu\u00e1rias. Vimos estatisticamente como essas pr\u00e1ticas podem melhorar nossa atividade sem, necessariamente, termos que comprar mais terreno\u201d, relata. \u201cOs planos s\u00e3o pesquisar e implantar o sistema de pasto rotacionado, que me impressionou por podermos manter mais gado em um espa\u00e7o menor com uma grande produ\u00e7\u00e3o e um retorno bom. Al\u00e9m do mais, assim cuidamos do ambiente tamb\u00e9m, sem a necessidade de desmatar mais para produzir\u201d.<\/p>\n<p>J\u00e1 o produtor rural Eberto Vaca, que tamb\u00e9m \u00e9 presidente da associa\u00e7\u00e3o de criadores de gado de Cuevo, viajou cerca de 320 km para participar do evento realizado em Santa Cruz de la Sierra. Em suas propriedades, Eberto explica que trabalha com pecu\u00e1ria de leite e de corte. Ao assistir o semin\u00e1rio, o pecuarista se mostrou interessado nas discuss\u00f5es que abordaram a sele\u00e7\u00e3o gen\u00e9tica dos animais e o manejo do campo para a alimenta\u00e7\u00e3o do gado. \u201c\u00c9 muito importante o que evento que se est\u00e1 realizando aqui. Nos convencemos de que, quanto mais tecnologia colocarmos no nosso campo, mais Santa Cruz e a Bol\u00edvia ir\u00e3o melhorar\u201d. O chefe-geral da Embrapa Pantanal refor\u00e7a a expectativa em criar, a partir da aproxima\u00e7\u00e3o entre os pa\u00edses, uma agenda comum de pesquisa e desenvolvimento. \u201cTemos que aproveitar as oportunidades econ\u00f4micas para nos tornar uma regi\u00e3o unificada\u201d.<\/p>\n","protected":false},"excerpt":{"rendered":"<p>O semin\u00e1rio internacional \u201cBoas Pr\u00e1ticas Pecu\u00e1rias: desafio para o produtor\u201d, realizado no final de dezembro&#8230;<\/p>\n","protected":false},"author":1,"featured_media":11899,"comment_status":"closed","ping_status":"closed","sticky":false,"template":"","format":"standard","meta":{"footnotes":""},"categories":[2,8,15],"tags":[],"class_list":["post-11898","post","type-post","status-publish","format-standard","has-post-thumbnail","hentry","category-agropecuaria","category-destaque","category-internacional"],"_links":{"self":[{"href":"https:\/\/www.corumbaonline.com.br\/news\/wp-json\/wp\/v2\/posts\/11898","targetHints":{"allow":["GET"]}}],"collection":[{"href":"https:\/\/www.corumbaonline.com.br\/news\/wp-json\/wp\/v2\/posts"}],"about":[{"href":"https:\/\/www.corumbaonline.com.br\/news\/wp-json\/wp\/v2\/types\/post"}],"author":[{"embeddable":true,"href":"https:\/\/www.corumbaonline.com.br\/news\/wp-json\/wp\/v2\/users\/1"}],"replies":[{"embeddable":true,"href":"https:\/\/www.corumbaonline.com.br\/news\/wp-json\/wp\/v2\/comments?post=11898"}],"version-history":[{"count":1,"href":"https:\/\/www.corumbaonline.com.br\/news\/wp-json\/wp\/v2\/posts\/11898\/revisions"}],"predecessor-version":[{"id":11900,"href":"https:\/\/www.corumbaonline.com.br\/news\/wp-json\/wp\/v2\/posts\/11898\/revisions\/11900"}],"wp:featuredmedia":[{"embeddable":true,"href":"https:\/\/www.corumbaonline.com.br\/news\/wp-json\/wp\/v2\/media\/11899"}],"wp:attachment":[{"href":"https:\/\/www.corumbaonline.com.br\/news\/wp-json\/wp\/v2\/media?parent=11898"}],"wp:term":[{"taxonomy":"category","embeddable":true,"href":"https:\/\/www.corumbaonline.com.br\/news\/wp-json\/wp\/v2\/categories?post=11898"},{"taxonomy":"post_tag","embeddable":true,"href":"https:\/\/www.corumbaonline.com.br\/news\/wp-json\/wp\/v2\/tags?post=11898"}],"curies":[{"name":"wp","href":"https:\/\/api.w.org\/{rel}","templated":true}]}}