{"id":12060,"date":"2017-12-12T09:29:11","date_gmt":"2017-12-12T12:29:11","guid":{"rendered":"http:\/\/www.corumbaonline.com.br\/news\/?p=12060"},"modified":"2017-12-12T09:39:50","modified_gmt":"2017-12-12T12:39:50","slug":"imasul-garante-participacao-de-pantaneiros-na-definicao-sobre-rio-taquari","status":"publish","type":"post","link":"https:\/\/www.corumbaonline.com.br\/news\/imasul-garante-participacao-de-pantaneiros-na-definicao-sobre-rio-taquari\/","title":{"rendered":"Imasul garante participa\u00e7\u00e3o de pantaneiros na defini\u00e7\u00e3o sobre rio Taquari"},"content":{"rendered":"<p>Produtores rurais de Corumb\u00e1, acompanhados pelo secret\u00e1rio municipal de Ind\u00fastria, Com\u00e9rcio e Produ\u00e7\u00e3o Rural, Renato dos Santos Lima, se reuniram por mais de duas horas nesta segunda-feira (11) com o presidente do Imasul (Instituto de Meio Ambiente de Mato Grosso do Sul), Ricardo Eboli, para alinhar as a\u00e7\u00f5es que ser\u00e3o desenvolvidas pelo Governo do Estado para recuperar a bacia do Rio Taquari, em processo de assoreamento.<\/p>\n<p>&nbsp;<\/p>\n<p>Ficou definido que as regi\u00f5es afetadas pelo desastre ambiental do rio, no baixo e m\u00e9dio Taquari, ter\u00e3o representantes na comiss\u00e3o que o Imasul formar\u00e1 para, sob a sua coordena\u00e7\u00e3o, desenvolva o plano de a\u00e7\u00e3o para as interven\u00e7\u00f5es garantidas pelo Governo Federal com recursos via convers\u00e3o de multas ambientais devidas por terceiros \u00e0 Uni\u00e3o. Os pantaneiros dever\u00e3o ser representados pelo Sindicato Rural e pela Prefeitura de Corumb\u00e1.<\/p>\n<p>&nbsp;<\/p>\n<p>O presidente do Sindicato Rural, Luciano Aguilar Leite, presente \u00e0 reuni\u00e3o, disse que as medidas que ser\u00e3o tomadas pelo Estado, visando acelerar a elabora\u00e7\u00e3o do projeto t\u00e9cnico que definir\u00e1 as interven\u00e7\u00f5es e seu custo financeiro, contemplam os pantaneiros. \u201cTemos que trabalhar juntos, alinhados, tanto planalto como plan\u00edcie, mas com o governo estadual na coordena\u00e7\u00e3o. At\u00e9 hoje os pantaneiros s\u00f3 entraram nessa discuss\u00e3o como vil\u00f5es\u201d, afirmou.<\/p>\n<p>&nbsp;<\/p>\n<p><strong>Solu\u00e7\u00e3o definitiva<\/strong><\/p>\n<p>&nbsp;<\/p>\n<p>O secret\u00e1rio municipal de Ind\u00fastria, Com\u00e9rcio e Produ\u00e7\u00e3o Rural, Renato dos Santos Lima, tamb\u00e9m enfatizou a import\u00e2ncia da representa\u00e7\u00e3o pantaneira na comiss\u00e3o, salientando que a prefeitura est\u00e1 junto com os produtores rurais nessa luta pela recupera\u00e7\u00e3o do Taquari. \u201cAo termos a garantia do Imasul que haver\u00e1 interven\u00e7\u00f5es na plan\u00edcie para desassorear o rio e que este \u00e9 um projeto de governo, \u00e9 uma esperan\u00e7a renovada\u201d, observou o secret\u00e1rio.<\/p>\n<p>&nbsp;<\/p>\n<p>O presidente do Imasul, Ricardo \u00c9bole, pontuou que o Estado atua em v\u00e1rias frentes para viabilizar o projeto de recupera\u00e7\u00e3o da bacia do Taquari, sendo uma delas a quest\u00e3o jur\u00eddica. A principal \u00e9 a discuss\u00e3o de uma a\u00e7\u00e3o que tramita no Tribunal de Justi\u00e7a da 3\u00aa Regi\u00e3o, em S\u00e3o Paulo, a qual pro\u00edbe quaisquer interven\u00e7\u00f5es no rio. \u00c9bole disse que o governo trabalhar\u00e1 a quest\u00e3o do Taquari em comum acordo com o Minist\u00e9rio P\u00fablico e com o Ibama.<\/p>\n<p>&nbsp;<\/p>\n<p>\u201cA problem\u00e1tica do Taquari nunca foi assumida por um governo, como est\u00e1 sendo agora, e a ordem do governador Reinaldo Azambuja \u00e9 executar um projeto a quatro m\u00e3os com o governo federal que resolva definitivamente os problemas causados pelo assoreamento\u201d, disse \u00c9bole. \u201cAt\u00e9 agora apenas se discutiu a causa e alguns recursos foram direcionados ao planalto, e uma das primeiras a\u00e7\u00f5es do governo ser\u00e1 evitar mais inunda\u00e7\u00f5es\u201d, completou.<\/p>\n<p>&nbsp;<\/p>\n<p><strong>Compromisso<\/strong><\/p>\n<p>&nbsp;<\/p>\n<p>Na semana passada, o Minist\u00e9rio de Meio Ambiente, Jos\u00e9 Sarney Filho, garantiu ao governador Reinaldo Azambuja que em mar\u00e7o de 2018 o governo federal publica o edital de chamamento p\u00fablico para captar recursos estimados em R$ 700 milh\u00f5es, via convers\u00e3o de multas ambientais devidas por terceiros \u00e0 Uni\u00e3o, que ser\u00e3o investidos na recupera\u00e7\u00e3o e preserva\u00e7\u00e3o do Taquari. A aplica\u00e7\u00e3o do dinheiro ser\u00e1 definida ap\u00f3s a elabora\u00e7\u00e3o do projeto t\u00e9cnico.<\/p>\n","protected":false},"excerpt":{"rendered":"<p>Produtores rurais de Corumb\u00e1, acompanhados pelo secret\u00e1rio municipal de Ind\u00fastria, Com\u00e9rcio e Produ\u00e7\u00e3o Rural, Renato&#8230;<\/p>\n","protected":false},"author":1,"featured_media":12061,"comment_status":"closed","ping_status":"closed","sticky":false,"template":"","format":"standard","meta":{"footnotes":""},"categories":[2,8],"tags":[],"class_list":["post-12060","post","type-post","status-publish","format-standard","has-post-thumbnail","hentry","category-agropecuaria","category-destaque"],"_links":{"self":[{"href":"https:\/\/www.corumbaonline.com.br\/news\/wp-json\/wp\/v2\/posts\/12060","targetHints":{"allow":["GET"]}}],"collection":[{"href":"https:\/\/www.corumbaonline.com.br\/news\/wp-json\/wp\/v2\/posts"}],"about":[{"href":"https:\/\/www.corumbaonline.com.br\/news\/wp-json\/wp\/v2\/types\/post"}],"author":[{"embeddable":true,"href":"https:\/\/www.corumbaonline.com.br\/news\/wp-json\/wp\/v2\/users\/1"}],"replies":[{"embeddable":true,"href":"https:\/\/www.corumbaonline.com.br\/news\/wp-json\/wp\/v2\/comments?post=12060"}],"version-history":[{"count":1,"href":"https:\/\/www.corumbaonline.com.br\/news\/wp-json\/wp\/v2\/posts\/12060\/revisions"}],"predecessor-version":[{"id":12062,"href":"https:\/\/www.corumbaonline.com.br\/news\/wp-json\/wp\/v2\/posts\/12060\/revisions\/12062"}],"wp:featuredmedia":[{"embeddable":true,"href":"https:\/\/www.corumbaonline.com.br\/news\/wp-json\/wp\/v2\/media\/12061"}],"wp:attachment":[{"href":"https:\/\/www.corumbaonline.com.br\/news\/wp-json\/wp\/v2\/media?parent=12060"}],"wp:term":[{"taxonomy":"category","embeddable":true,"href":"https:\/\/www.corumbaonline.com.br\/news\/wp-json\/wp\/v2\/categories?post=12060"},{"taxonomy":"post_tag","embeddable":true,"href":"https:\/\/www.corumbaonline.com.br\/news\/wp-json\/wp\/v2\/tags?post=12060"}],"curies":[{"name":"wp","href":"https:\/\/api.w.org\/{rel}","templated":true}]}}