{"id":12063,"date":"2017-12-12T09:40:21","date_gmt":"2017-12-12T12:40:21","guid":{"rendered":"http:\/\/www.corumbaonline.com.br\/news\/?p=12063"},"modified":"2017-12-12T09:48:56","modified_gmt":"2017-12-12T12:48:56","slug":"sessao-solene-marca-entrega-de-titulo-de-cidadao-corumbaense-na-sexta","status":"publish","type":"post","link":"https:\/\/www.corumbaonline.com.br\/news\/sessao-solene-marca-entrega-de-titulo-de-cidadao-corumbaense-na-sexta\/","title":{"rendered":"Sess\u00e3o Solene marca entrega de t\u00edtulo de Cidad\u00e3o Corumbaense na sexta"},"content":{"rendered":"<p>A C\u00e2mara Municipal de Corumb\u00e1 realiza na pr\u00f3xima sexta-feira, 15, Sess\u00e3o Solene que marcar\u00e1 as entregas de t\u00edtulos de Cidad\u00e3o Corumbaense e medalhas do M\u00e9rito Legislativo Ant\u00f4nio Maria Coelho. O ato est\u00e1 marcado para as 20 horas, no Centro de Conven\u00e7\u00f5es Miguel G\u00f3mez.<\/p>\n<p>Durante a sess\u00e3o, 33 pessoas receber\u00e3o o t\u00edtulo de Cidad\u00e3o Corumbaense, e 21 a medalha do M\u00e9rito Legislativo Ant\u00f4nio Maria Coelho. As honrarias que ser\u00e3o prestadas pelos 15 vereadores, \u00e9 um reconhecimento aos relevantes servi\u00e7os prestados por estas personalidades ao munic\u00edpio de Corumb\u00e1, contribuindo para o desenvolvimento da cidade.<\/p>\n<p>Homenageados<\/p>\n<p>Os t\u00edtulos de Cidad\u00e3o Corumbaense ser\u00e3o entregues a Irineu Piazza de Oliveira; senador Pedro Chaves dos Santos Filho; Sami Ziad Ybraim; Paulo Roberto Barros da Costa; Jos\u00e9 Ernesto Froehner; Carlos Augusto Ferreira Junior, Flavia Florentino Pereira; Jos\u00e9 Valeriano de Souza Fontoura; Diego da Silva Ferreira Rosa; Frederico Hugo Assad Malta; Jonas Luna de Lima; Ant\u00f4nio Bordin; Adelmo Salvino de Lima; Juraci Aparecido Alves; Nicanor Crispim Hero e Manoel Eug\u00eanio Pereira Crispin, todos indicados pelos vereadores.<\/p>\n<p>Al\u00e9m deles, v\u00e3o receber o t\u00edtulo, por indica\u00e7\u00e3o da Mesa Diretora, Maria Carolina Scheren do Valle; Adelar Chefer Dos Santos; Jo\u00e3o Batista de Castro; o delegado Rodrigo Blonkowski; Juracy Xavier Ribeiro; Manoel Rodrigues Pereira Neto; General Andr\u00e9 Luiz Ribeiro Campos All\u00e3o; Contra-Almirante Luiz Oct\u00e1vio Barros Coutinho; Daniela Harumi Shiraishi; Ednir de Paulo; Paulo Jos\u00e9 Ara\u00fajo Corr\u00eaa; Ricardo Giovani Zafalon; Humberto Rezende Pereira; Mirko Josu\u00e9 Geremia; Aurelando Oliveira Arrais; Rosildo Gomes Barcellos Junior; Amanda Cristiane Balancieri Iunes; Elizeu Dionizio Souza da Silva, e Jonatan Dallacort.<\/p>\n<p>M\u00e9rito Legislativo<\/p>\n<p>Com a Medalha do M\u00e9rito Legislativo ser\u00e3o agraciados Genilson Canavarro de Abreu; Lindivalda Gon\u00e7alves dos Santos; Fernando Giordano de Barros; Domingos Ger\u00f4nimo Evangelista; Jos\u00e9 Domingos Benites; Emerson Ferreira Moreira; Manoel Jo\u00e3o a Costa Oliveira; Antonio Rondon da Silva; Rubens Antonio Pereira Junior; Wilson Alves Garcia Girardi; Raul Amaral Campos Filho; Andr\u00e9 de Arruda Campos; Nelly de Ara\u00fajo Loureiro; V\u00e2nia de Oliveira Sabatel; Eduardo Steica da Costa; M\u00e1rcio Romulo dos Santos Saldanha, todos outorgados pelos vereadores. J\u00e1 pela mesa os agraciados ser\u00e3o Marcelo Aguilar Iunes, Clai Anderson Correa Paravasini, Ren\u00ea Ribeiro Moreira Rodrigues, Jos\u00e9 Lu\u00eds Robles Rodriguez, e Antonio Tudela Eguez.<\/p>\n","protected":false},"excerpt":{"rendered":"<p>A C\u00e2mara Municipal de Corumb\u00e1 realiza na pr\u00f3xima sexta-feira, 15, Sess\u00e3o Solene que marcar\u00e1 as&#8230;<\/p>\n","protected":false},"author":1,"featured_media":12064,"comment_status":"closed","ping_status":"closed","sticky":false,"template":"","format":"standard","meta":{"footnotes":""},"categories":[8,19],"tags":[],"class_list":["post-12063","post","type-post","status-publish","format-standard","has-post-thumbnail","hentry","category-destaque","category-politica"],"_links":{"self":[{"href":"https:\/\/www.corumbaonline.com.br\/news\/wp-json\/wp\/v2\/posts\/12063","targetHints":{"allow":["GET"]}}],"collection":[{"href":"https:\/\/www.corumbaonline.com.br\/news\/wp-json\/wp\/v2\/posts"}],"about":[{"href":"https:\/\/www.corumbaonline.com.br\/news\/wp-json\/wp\/v2\/types\/post"}],"author":[{"embeddable":true,"href":"https:\/\/www.corumbaonline.com.br\/news\/wp-json\/wp\/v2\/users\/1"}],"replies":[{"embeddable":true,"href":"https:\/\/www.corumbaonline.com.br\/news\/wp-json\/wp\/v2\/comments?post=12063"}],"version-history":[{"count":1,"href":"https:\/\/www.corumbaonline.com.br\/news\/wp-json\/wp\/v2\/posts\/12063\/revisions"}],"predecessor-version":[{"id":12065,"href":"https:\/\/www.corumbaonline.com.br\/news\/wp-json\/wp\/v2\/posts\/12063\/revisions\/12065"}],"wp:featuredmedia":[{"embeddable":true,"href":"https:\/\/www.corumbaonline.com.br\/news\/wp-json\/wp\/v2\/media\/12064"}],"wp:attachment":[{"href":"https:\/\/www.corumbaonline.com.br\/news\/wp-json\/wp\/v2\/media?parent=12063"}],"wp:term":[{"taxonomy":"category","embeddable":true,"href":"https:\/\/www.corumbaonline.com.br\/news\/wp-json\/wp\/v2\/categories?post=12063"},{"taxonomy":"post_tag","embeddable":true,"href":"https:\/\/www.corumbaonline.com.br\/news\/wp-json\/wp\/v2\/tags?post=12063"}],"curies":[{"name":"wp","href":"https:\/\/api.w.org\/{rel}","templated":true}]}}