{"id":12135,"date":"2017-12-13T12:00:55","date_gmt":"2017-12-13T15:00:55","guid":{"rendered":"http:\/\/www.corumbaonline.com.br\/news\/?p=12135"},"modified":"2017-12-13T11:58:18","modified_gmt":"2017-12-13T14:58:18","slug":"servicos-de-saude-e-passeio-turistico-estarao-disponiveis-na-acao-prefeito-presente","status":"publish","type":"post","link":"https:\/\/www.corumbaonline.com.br\/news\/servicos-de-saude-e-passeio-turistico-estarao-disponiveis-na-acao-prefeito-presente\/","title":{"rendered":"Servi\u00e7os de sa\u00fade e passeio tur\u00edstico estar\u00e3o dispon\u00edveis na a\u00e7\u00e3o Prefeito Presente"},"content":{"rendered":"<p>O prefeito Marcelo Iunes estar\u00e1 com a equipe da Prefeitura de Corumb\u00e1 na Escola Municipal Clio Proen\u00e7a no pr\u00f3ximo s\u00e1bado, dia 16 de dezembro.<a href=\"http:\/\/www.corumba.ms.gov.br\/noticias\/prefeito-presente-acontece-sabado-na-escola-clio-proenca\/21672\/\">\u00a0<\/a>\u00c9 a terceira edi\u00e7\u00e3o do Prefeito Presente de 2017 que vai levar os servi\u00e7os do Munic\u00edpio para mais perto da popula\u00e7\u00e3o dos bairros Nova Corumb\u00e1 e Guat\u00f3s e conjuntos Guan\u00e3 I e II, S\u00e3o Gabriel, Pantanal, Kadiw\u00e9us e Cherogami.\u00a0Na a\u00e7\u00e3o, servi\u00e7os de sa\u00fade e passeio tur\u00edstico estar\u00e3o dispon\u00edveis para aqueles moradores entre outras op\u00e7\u00f5es. O Prefeito Presente vai acontecer das 08h \u00e0s 12 horas.<\/p>\n<p>&nbsp;<\/p>\n<p>Conforme Maria Marju Azambuja Venturini, diretora-presidente da Funda\u00e7\u00e3o de Turismo do Pantanal, ser\u00e1 feita distribui\u00e7\u00e3o simb\u00f3lica de 4 mil cartilhas sobre turismo em Corumb\u00e1 a alunos das s\u00e9ries finais do Ensino Fundamental. O objetivo \u00e9 incentiv\u00e1-los a conhecer a pr\u00f3pria cidade, valorizando a cidade e cuidando do lugar onde vivem. Os informativos foram confeccionados em parceria com empres\u00e1rios que patrocinaram a iniciativa com apoio do Conselho Municipal de Turismo. As cartilhas foram feitas com material j\u00e1 existente na internet, por\u00e9m, com modifica\u00e7\u00f5es para que a linguagem fosse mais acess\u00edvel ao povo.<\/p>\n<p>&nbsp;<\/p>\n<p>Al\u00e9m disso, a Funda\u00e7\u00e3o de Turismo do Pantanal vai disponibilizar duas sa\u00eddas de \u00f4nibus com 40 lugares para que os interessados possam fazer\u00a0<em>city tour<\/em>\u00a0pelos principais pontos tur\u00edsticos da cidade. T\u00e9cnicos da Funda\u00e7\u00e3o v\u00e3o falar sobre a import\u00e2ncia de cada local com a finalidade de oferecer conhecimento \u00e0 popula\u00e7\u00e3o daquela regi\u00e3o. Uma sa\u00edda ser\u00e1 \u00e0s 08h30 e a outra est\u00e1 prevista para acontecer por volta das 10 horas.<\/p>\n<p>&nbsp;<\/p>\n<p><strong>Sa\u00fade<\/strong><\/p>\n<p>No setor de sa\u00fade, o Munic\u00edpio se organiza para realizar centenas de atendimentos. De acordo com o m\u00e9dico Rog\u00e9rio Leite, secret\u00e1rio municipal de Sa\u00fade, \u00e9 necess\u00e1rio que as pessoas que desejam usufruir dos servi\u00e7os estejam com documento de identifica\u00e7\u00e3o e carteira do SUS em m\u00e3os. \u201cEssa \u00e9 mais uma a\u00e7\u00e3o em benef\u00edcio da sa\u00fade em uma \u00e1rea onde estamos terminando a formata\u00e7\u00e3o para a entrega de uma Unidade B\u00e1sica de Sa\u00fade que vai contemplar a \u00e1rea e que no in\u00edcio da gest\u00e3o colocamos como prioridade para fazer a entrega da Unidade e mais ainda nas a\u00e7\u00f5es da Prefeitura em sa\u00fade como o Prefeito Presente\u201d, afirmou o secret\u00e1rio.<\/p>\n<p>&nbsp;<\/p>\n<p>Conforme ele, o falecido prefeito Ruiter havia estabelecido que a regi\u00e3o dessa terceira edi\u00e7\u00e3o do Prefeito Presente seria contemplada com pr\u00f3xima edi\u00e7\u00e3o do projeto Sa\u00fade em Dia, mas infelizmente n\u00e3o aconteceu devido ao seu falecimento. \u201cNada mais que justific\u00e1vel fazer o Prefeito Presente neste local para dar assist\u00eancia a essa popula\u00e7\u00e3o. Teremos consultas m\u00e9dicas, pedi\u00e1tricas, exames, vacinas, aferi\u00e7\u00e3o de press\u00e3o arterial e glicemia sangu\u00ednea, al\u00e9m disso, os pacientes poder\u00e3o agendar exames. Em rela\u00e7\u00e3o \u00e0 farm\u00e1cia b\u00e1sica, aqueles que n\u00e3o est\u00e3o conseguindo pegar medica\u00e7\u00e3o, podem usufruir da farm\u00e1cia que ser\u00e1 instalada l\u00e1 na a\u00e7\u00e3o\u201d, afirmou Rog\u00e9rio Leite.<\/p>\n<p>&nbsp;<\/p>\n<p>Todos os projetos de Educa\u00e7\u00e3o em Sa\u00fade tamb\u00e9m estar\u00e3o no local, incluindo preven\u00e7\u00e3o \u00e0 sa\u00fade bucal, participa\u00e7\u00e3o da Vigil\u00e2ncia em Sa\u00fade, educa\u00e7\u00e3o em sa\u00fade da mulher e planejamento familiar e pesagem do Bolsa Fam\u00edlia. Mulheres v\u00e3o poder fazer ainda coleta de exame preventivo.<\/p>\n","protected":false},"excerpt":{"rendered":"<p>O prefeito Marcelo Iunes estar\u00e1 com a equipe da Prefeitura de Corumb\u00e1 na Escola Municipal&#8230;<\/p>\n","protected":false},"author":1,"featured_media":12136,"comment_status":"closed","ping_status":"closed","sticky":false,"template":"","format":"standard","meta":{"footnotes":""},"categories":[8,14],"tags":[],"class_list":["post-12135","post","type-post","status-publish","format-standard","has-post-thumbnail","hentry","category-destaque","category-geral"],"_links":{"self":[{"href":"https:\/\/www.corumbaonline.com.br\/news\/wp-json\/wp\/v2\/posts\/12135","targetHints":{"allow":["GET"]}}],"collection":[{"href":"https:\/\/www.corumbaonline.com.br\/news\/wp-json\/wp\/v2\/posts"}],"about":[{"href":"https:\/\/www.corumbaonline.com.br\/news\/wp-json\/wp\/v2\/types\/post"}],"author":[{"embeddable":true,"href":"https:\/\/www.corumbaonline.com.br\/news\/wp-json\/wp\/v2\/users\/1"}],"replies":[{"embeddable":true,"href":"https:\/\/www.corumbaonline.com.br\/news\/wp-json\/wp\/v2\/comments?post=12135"}],"version-history":[{"count":1,"href":"https:\/\/www.corumbaonline.com.br\/news\/wp-json\/wp\/v2\/posts\/12135\/revisions"}],"predecessor-version":[{"id":12137,"href":"https:\/\/www.corumbaonline.com.br\/news\/wp-json\/wp\/v2\/posts\/12135\/revisions\/12137"}],"wp:featuredmedia":[{"embeddable":true,"href":"https:\/\/www.corumbaonline.com.br\/news\/wp-json\/wp\/v2\/media\/12136"}],"wp:attachment":[{"href":"https:\/\/www.corumbaonline.com.br\/news\/wp-json\/wp\/v2\/media?parent=12135"}],"wp:term":[{"taxonomy":"category","embeddable":true,"href":"https:\/\/www.corumbaonline.com.br\/news\/wp-json\/wp\/v2\/categories?post=12135"},{"taxonomy":"post_tag","embeddable":true,"href":"https:\/\/www.corumbaonline.com.br\/news\/wp-json\/wp\/v2\/tags?post=12135"}],"curies":[{"name":"wp","href":"https:\/\/api.w.org\/{rel}","templated":true}]}}