{"id":12138,"date":"2017-12-13T14:00:32","date_gmt":"2017-12-13T17:00:32","guid":{"rendered":"http:\/\/www.corumbaonline.com.br\/news\/?p=12138"},"modified":"2017-12-13T19:07:40","modified_gmt":"2017-12-13T22:07:40","slug":"cerimonia-militar-celebra-o-dia-do-marinheiro","status":"publish","type":"post","link":"https:\/\/www.corumbaonline.com.br\/news\/cerimonia-militar-celebra-o-dia-do-marinheiro\/","title":{"rendered":"Cerim\u00f4nia militar celebra o Dia do Marinheiro"},"content":{"rendered":"<p>Cerim\u00f4nia militar de aproximadamente uma hora, em frente ao P\u00f3rtico do 6\u00ba Distrito Naval de Lad\u00e1rio, comemorou nesta quarta-feira, 13 de dezembro, o &#8220;Dia do Marinheiro&#8221;. A data marca o nascimento do Patrono da Marinha do Brasil, Joaquim Marques de Lisboa, o Marqu\u00eas de Tamandar\u00e9.<\/p>\n<p>&nbsp;<\/p>\n<p>Personalidades civis e militares foram condecoradas com as medalhas do &#8220;M\u00e9rito Tamandar\u00e9&#8221; e de &#8220;Amigo da Marinha&#8221; pelo comandante do 6\u00ba Distrito, contra-almirante contra-almirante Luiz Oct\u00e1vio Barros Coutinho.<\/p>\n<p>&nbsp;<\/p>\n<p>A estudante Ranielly Garcia da Silva, aluna do Ensino M\u00e9dio do Col\u00e9gio Salesiano de Santa Teresa, foi uma das premiadas do concurso de reda\u00e7\u00e3o &#8220;Opera\u00e7\u00e3o Cisne Branco&#8221;, promovido pela Marinha.\u00a0Na categoria Ensino Fundamental, a vencedora foi Mariana Coutinho, do Col\u00e9gio Militar de Campo Grande, foi premiada em n\u00edvel distrital.<\/p>\n<p>&nbsp;<\/p>\n<p>Durante a solenidade foram lidas as mensagens, referentes ao &#8220;Dia do Marinheiro&#8221;, do comandante da Marinha, almirante-de-esquadra Eduardo Bacellar Leal Ferreira, e do presidente da Rep\u00fablica, Michel Temer. Na Ordem do Dia, o comandante da Marinha lembrou que ao celebrar a mem\u00f3ria do Patrono da Marinha faz-se homenagem aos \u201chomens e mulheres, militares e servidores civis, herdeiros do virtuoso legado de Tamandar\u00e9, que se entregam de corpo e alma ao servi\u00e7o da P\u00e1tria, orgulhosos por pertencerem a uma s\u00f3lida e centen\u00e1ria Institui\u00e7\u00e3o, protetora das riquezas e guardi\u00e3 dos princ\u00edpios democr\u00e1ticos do pa\u00eds\u201d.<\/p>\n<p>&nbsp;<\/p>\n<p>Leal Ferreira destacou que &#8220;apesar do per\u00edodo dif\u00edcil que enfrentamos, em que se percebe uma descren\u00e7a do povo brasileiro, ansioso por recuperar os valores morais e \u00e9ticos que lhe s\u00e3o t\u00e3o caros, n\u00f3s, os homens do mar, temos preservado a firmeza e a serenidade, buscando superar obst\u00e1culos e avan\u00e7ar em nossos objetivos&#8221;.<\/p>\n<p>&nbsp;<\/p>\n<p><strong>Reconhecimento mundo afora<\/strong><\/p>\n<p>&nbsp;<\/p>\n<p>A carta do presidente Michel Temer ressaltou a import\u00e2ncia da institui\u00e7\u00e3o militar para o pa\u00eds. \u201cO trabalho da Marinha \u00e9 decisivo para a preserva\u00e7\u00e3o de interesses vitais do Pa\u00eds. S\u00e3o nossos marinheiros que garantem a defesa de nossa soberania nos mares e nas \u00e1guas interiores. S\u00e3o nossos marinheiros que asseguram a prote\u00e7\u00e3o de nossas linhas de comunica\u00e7\u00e3o mar\u00edtima\u201d.<\/p>\n<p>&nbsp;<\/p>\n<p>Temer destacou o reconhecimento que a For\u00e7a Naval tem mundo afora. \u201cA Marinha do Brasil \u00e9 constantemente chamada por pa\u00edses amigos para atividades de forma\u00e7\u00e3o e treinamento de suas Marinhas. Do mesmo modo, aporta contribui\u00e7\u00e3o valiosa para a paz internacional. \u00c9 o caso da participa\u00e7\u00e3o na miss\u00e3o de paz no L\u00edbano, onde cabe \u00e0 Marinha do Brasil, h\u00e1 mais de seis anos, o comando da \u00fanica For\u00e7a-Tarefa Mar\u00edtima sob a \u00e9gide das Na\u00e7\u00f5es Unidas\u201d.<\/p>\n<p>&nbsp;<\/p>\n<p>A solenidade terminou com desfile da tropa. O assessor especial da Prefeitura de Corumb\u00e1, Jos\u00e9 Antonio Assad e Faria representou o prefeito Marcelo Iunes na cerim\u00f4nia.<\/p>\n","protected":false},"excerpt":{"rendered":"<p>Cerim\u00f4nia militar de aproximadamente uma hora, em frente ao P\u00f3rtico do 6\u00ba Distrito Naval de&#8230;<\/p>\n","protected":false},"author":1,"featured_media":12139,"comment_status":"closed","ping_status":"closed","sticky":false,"template":"","format":"standard","meta":{"footnotes":""},"categories":[8,14],"tags":[],"class_list":["post-12138","post","type-post","status-publish","format-standard","has-post-thumbnail","hentry","category-destaque","category-geral"],"_links":{"self":[{"href":"https:\/\/www.corumbaonline.com.br\/news\/wp-json\/wp\/v2\/posts\/12138","targetHints":{"allow":["GET"]}}],"collection":[{"href":"https:\/\/www.corumbaonline.com.br\/news\/wp-json\/wp\/v2\/posts"}],"about":[{"href":"https:\/\/www.corumbaonline.com.br\/news\/wp-json\/wp\/v2\/types\/post"}],"author":[{"embeddable":true,"href":"https:\/\/www.corumbaonline.com.br\/news\/wp-json\/wp\/v2\/users\/1"}],"replies":[{"embeddable":true,"href":"https:\/\/www.corumbaonline.com.br\/news\/wp-json\/wp\/v2\/comments?post=12138"}],"version-history":[{"count":1,"href":"https:\/\/www.corumbaonline.com.br\/news\/wp-json\/wp\/v2\/posts\/12138\/revisions"}],"predecessor-version":[{"id":12140,"href":"https:\/\/www.corumbaonline.com.br\/news\/wp-json\/wp\/v2\/posts\/12138\/revisions\/12140"}],"wp:featuredmedia":[{"embeddable":true,"href":"https:\/\/www.corumbaonline.com.br\/news\/wp-json\/wp\/v2\/media\/12139"}],"wp:attachment":[{"href":"https:\/\/www.corumbaonline.com.br\/news\/wp-json\/wp\/v2\/media?parent=12138"}],"wp:term":[{"taxonomy":"category","embeddable":true,"href":"https:\/\/www.corumbaonline.com.br\/news\/wp-json\/wp\/v2\/categories?post=12138"},{"taxonomy":"post_tag","embeddable":true,"href":"https:\/\/www.corumbaonline.com.br\/news\/wp-json\/wp\/v2\/tags?post=12138"}],"curies":[{"name":"wp","href":"https:\/\/api.w.org\/{rel}","templated":true}]}}