{"id":12153,"date":"2017-12-13T15:48:34","date_gmt":"2017-12-13T18:48:34","guid":{"rendered":"http:\/\/www.corumbaonline.com.br\/news\/?p=12153"},"modified":"2017-12-13T19:30:58","modified_gmt":"2017-12-13T22:30:58","slug":"programa-vai-modernizar-gestao-e-melhorar-qualidade-dos-servicos-publicos","status":"publish","type":"post","link":"https:\/\/www.corumbaonline.com.br\/news\/programa-vai-modernizar-gestao-e-melhorar-qualidade-dos-servicos-publicos\/","title":{"rendered":"Programa vai modernizar gest\u00e3o e melhorar qualidade dos servi\u00e7os p\u00fablicos"},"content":{"rendered":"<p>O pr\u00e9-projeto do Programa de Moderniza\u00e7\u00e3o da Administra\u00e7\u00e3o P\u00fablica Tribut\u00e1ria e da Gest\u00e3o dos Setores B\u00e1sicos Sociais (PMAT) foi apresentado ao prefeito de Corumb\u00e1, Marcelo Iunes, nesta quarta-feira, 13 de dezembro, em reuni\u00e3o que contou com a presen\u00e7a de todo o secretariado municipal.<\/p>\n<p>&nbsp;<\/p>\n<p>J\u00e1 aprovado pela C\u00e2mara de Vereadores, o programa prev\u00ea o investimento de at\u00e9 R$ 20 milh\u00f5es em a\u00e7\u00f5es que v\u00e3o modernizar a administra\u00e7\u00e3o corumbaense e melhorar a qualidade dos servi\u00e7os p\u00fablicos. Os recursos ser\u00e3o financiados pelo BNDES (Banco Nacional de Desenvolvimento Econ\u00f4mico e Social).<\/p>\n<p>&nbsp;<\/p>\n<p>\u201cA prioridade desse trabalho \u00e9 entregar para a popula\u00e7\u00e3o servi\u00e7os b\u00e1sicos com mais agilidade, mais qualidade e mais transpar\u00eancia, ao mesmo tempo que conseguiremos aumentar a arrecada\u00e7\u00e3o municipal\u201d, afirmou o prefeito Marcelo Iunes. A Prefeitura deve apresentar o projeto definitivo ao BNDES at\u00e9 o dia 31 de mar\u00e7o de 2018.<\/p>\n<p>&nbsp;<\/p>\n<p><strong>Multifinalit\u00e1rio<\/strong><\/p>\n<p>&nbsp;<\/p>\n<p>Uma das principais atribui\u00e7\u00f5es do PMAT \u00e9 viabilizar um cadastro urbano e rural multifinalit\u00e1rio, ou seja, com diversas fun\u00e7\u00f5es e finalidades. Na pr\u00e1tica, isso representa um trabalho integrado e em tempo real de diversas pastas da administra\u00e7\u00e3o p\u00fablica. \u201cCom esses dados, por exemplo, um atendente de uma UBS pode saber onde um determinado rem\u00e9dio pode ser encontrado gratuitamente\u201d, explicou o secret\u00e1rio de Governo, C\u00e1ssio Augusto da Costa Marques.<\/p>\n<p>&nbsp;<\/p>\n<p>O PMAT tamb\u00e9m prev\u00ea a implanta\u00e7\u00e3o de um cadastro mobili\u00e1rio e imobili\u00e1rio atual, com dados reais da \u00e1rea urbana e rural de Corumb\u00e1. Tamb\u00e9m est\u00e1 prevista a informatiza\u00e7\u00e3o de protocolos e de atendimento da administra\u00e7\u00e3o, o arquivamento e digitaliza\u00e7\u00e3o de documentos e a estrutura\u00e7\u00e3o de uma Central de Atendimento, presencial e remota, para os contribuintes.<\/p>\n<p>&nbsp;<\/p>\n<p>O trabalho tamb\u00e9m incluiu a informatiza\u00e7\u00e3o de arrecada\u00e7\u00e3o, processos administrativos tribut\u00e1rios, d\u00edvida ativa, cobran\u00e7a administrativa e judicial, atualiza\u00e7\u00e3o da Nota Fiscal Eletr\u00f4nica e a revis\u00e3o da legisla\u00e7\u00e3o tribut\u00e1ria, bem como a aquisi\u00e7\u00e3o de equipamentos para suporte da fiscaliza\u00e7\u00e3o.<\/p>\n<p>&nbsp;<\/p>\n<p>A informatiza\u00e7\u00e3o dos processos relativos a Recursos Humanos, da Secretaria de Sa\u00fade, da Secretaria de Educa\u00e7\u00e3o tamb\u00e9m s\u00e3o metas do Programa de Moderniza\u00e7\u00e3o da Administra\u00e7\u00e3o P\u00fablica Tribut\u00e1ria e da Gest\u00e3o dos Setores B\u00e1sicos Sociais.<\/p>\n","protected":false},"excerpt":{"rendered":"<p>O pr\u00e9-projeto do Programa de Moderniza\u00e7\u00e3o da Administra\u00e7\u00e3o P\u00fablica Tribut\u00e1ria e da Gest\u00e3o dos Setores&#8230;<\/p>\n","protected":false},"author":1,"featured_media":12154,"comment_status":"closed","ping_status":"closed","sticky":false,"template":"","format":"standard","meta":{"footnotes":""},"categories":[19],"tags":[],"class_list":["post-12153","post","type-post","status-publish","format-standard","has-post-thumbnail","hentry","category-politica"],"_links":{"self":[{"href":"https:\/\/www.corumbaonline.com.br\/news\/wp-json\/wp\/v2\/posts\/12153","targetHints":{"allow":["GET"]}}],"collection":[{"href":"https:\/\/www.corumbaonline.com.br\/news\/wp-json\/wp\/v2\/posts"}],"about":[{"href":"https:\/\/www.corumbaonline.com.br\/news\/wp-json\/wp\/v2\/types\/post"}],"author":[{"embeddable":true,"href":"https:\/\/www.corumbaonline.com.br\/news\/wp-json\/wp\/v2\/users\/1"}],"replies":[{"embeddable":true,"href":"https:\/\/www.corumbaonline.com.br\/news\/wp-json\/wp\/v2\/comments?post=12153"}],"version-history":[{"count":1,"href":"https:\/\/www.corumbaonline.com.br\/news\/wp-json\/wp\/v2\/posts\/12153\/revisions"}],"predecessor-version":[{"id":12155,"href":"https:\/\/www.corumbaonline.com.br\/news\/wp-json\/wp\/v2\/posts\/12153\/revisions\/12155"}],"wp:featuredmedia":[{"embeddable":true,"href":"https:\/\/www.corumbaonline.com.br\/news\/wp-json\/wp\/v2\/media\/12154"}],"wp:attachment":[{"href":"https:\/\/www.corumbaonline.com.br\/news\/wp-json\/wp\/v2\/media?parent=12153"}],"wp:term":[{"taxonomy":"category","embeddable":true,"href":"https:\/\/www.corumbaonline.com.br\/news\/wp-json\/wp\/v2\/categories?post=12153"},{"taxonomy":"post_tag","embeddable":true,"href":"https:\/\/www.corumbaonline.com.br\/news\/wp-json\/wp\/v2\/tags?post=12153"}],"curies":[{"name":"wp","href":"https:\/\/api.w.org\/{rel}","templated":true}]}}