{"id":12162,"date":"2017-12-13T16:50:30","date_gmt":"2017-12-13T19:50:30","guid":{"rendered":"http:\/\/www.corumbaonline.com.br\/news\/?p=12162"},"modified":"2017-12-13T19:42:22","modified_gmt":"2017-12-13T22:42:22","slug":"voo-internacional-inaugurado-nesta-quarta-feira-e-opcao-ate-40-mais-barata-para-ms-diz-governador","status":"publish","type":"post","link":"https:\/\/www.corumbaonline.com.br\/news\/voo-internacional-inaugurado-nesta-quarta-feira-e-opcao-ate-40-mais-barata-para-ms-diz-governador\/","title":{"rendered":"Voo internacional inaugurado nesta quarta-feira \u00e9 op\u00e7\u00e3o at\u00e9 40% mais barata para MS, diz governador"},"content":{"rendered":"<p>Operado pela companhia Amaszonas, o voo que liga Campo Grande a Assun\u00e7\u00e3o foi inaugurado nesta quarta-feira (13.12) com op\u00e7\u00e3o de conectar Mato Grosso do Sul a nove pa\u00edses do mundo. O passageiro que optar sair de viagem pela nova rota vai pagar at\u00e9 40% mais barato nas passagens, na compara\u00e7\u00e3o com voos que saem de S\u00e3o Paulo. A informa\u00e7\u00e3o foi divulgada pelo governador Reinaldo Azambuja, que recebeu comitiva paraguaia no voo inaugural da empresa.<\/p>\n<p>\u201cEssa rota \u00e9 extremamente positiva para n\u00f3s, uma oportunidade para o Mato Grosso do Sul e o Centro-Oeste acessarem, com conex\u00e3o via Assun\u00e7\u00e3o, as Am\u00e9ricas do Sul, Central e do Norte, al\u00e9m da Europa. Atrav\u00e9s de um voo regular tr\u00eas vezes por semana, de Assun\u00e7\u00e3o a Campo Grande, ganhamos uma op\u00e7\u00e3o mais competitiva, mais r\u00e1pida e com um custo menor\u201d, afirmou.<\/p>\n<div id=\"attachment_183291\" class=\"wp-caption alignright\"><a href=\"http:\/\/www.ms.gov.br\/wp-content\/uploads\/sites\/150\/2017\/12\/V%C3%B4o-inaugural-da-AmasZonas-Foto-Edemir-Rodrigues-1-1.jpg\"><img loading=\"lazy\" decoding=\"async\" class=\"wp-image-183291 \" src=\"http:\/\/www.ms.gov.br\/wp-content\/uploads\/sites\/150\/2017\/12\/V%C3%B4o-inaugural-da-AmasZonas-Foto-Edemir-Rodrigues-1-1-300x166.jpg\" sizes=\"auto, (max-width: 381px) 100vw, 381px\" srcset=\"http:\/\/www.ms.gov.br\/wp-content\/uploads\/sites\/150\/2017\/12\/V\u00f4o-inaugural-da-AmasZonas-Foto-Edemir-Rodrigues-1-1-300x166.jpg 300w, http:\/\/www.ms.gov.br\/wp-content\/uploads\/sites\/150\/2017\/12\/V\u00f4o-inaugural-da-AmasZonas-Foto-Edemir-Rodrigues-1-1-768x425.jpg 768w, http:\/\/www.ms.gov.br\/wp-content\/uploads\/sites\/150\/2017\/12\/V\u00f4o-inaugural-da-AmasZonas-Foto-Edemir-Rodrigues-1-1-1024x567.jpg 1024w\" alt=\"\" width=\"381\" height=\"211\" \/><\/a><\/p>\n<p class=\"wp-caption-text\"><em>Jatos de \u00e1gua na aeronave fazem parte da cerim\u00f4nia de \u201cbatismo\u201d do voo. Foto: Edemir Rodrigues<\/em><\/p>\n<\/div>\n<p>A nova rota que liga Campo Grande \u00e0 capital paraguaia, com possibilidade de conex\u00e3o para cidades da Argentina, Bol\u00edvia, Canad\u00e1, Chile, Espanha, Estados Unidos, Panam\u00e1, Paraguai e Uruguai, come\u00e7a a operar regularmente na pr\u00f3xima segunda-feira (18.12).<\/p>\n<p>Inicialmente, os voos ser\u00e3o realizados tr\u00eas vezes por semana, \u00e0s segundas, quartas e sextas-feiras. Nos tr\u00eas primeiros meses, as passagens ser\u00e3o vendidas a pre\u00e7o promocional de US$ 300 (j\u00e1 \u00e9 poss\u00edvel encontrar bilhetes \u00e0 venda no\u00a0<a href=\"https:\/\/www.amaszonas.com\/pt-br\/\" target=\"_blank\" rel=\"noopener noreferrer\">site<\/a>\u00a0da companhia). O avi\u00e3o tem capacidade para 50 passageiros.<\/p>\n<p>\u201c\u00c9 mais f\u00e1cil sair de Campo Grande do que por S\u00e3o Paulo, \u00e9 melhor na quest\u00e3o financeira e do tempo\u201d, disse o vice-presidente executivo do Grupo Amaszonas, Lu\u00eds Vera. Segundo ele, o tempo estimado de conex\u00e3o para outros pa\u00edses da Am\u00e9rica do Sul, de voos saindo da capital de Mato Grosso do Sul, ser\u00e1 de quatro horas. No prazo de um ano, a companhia a\u00e9rea pretende implantar voos di\u00e1rios entre Campo Grande e Assun\u00e7\u00e3o.<\/p>\n<p>Para o secret\u00e1rio de Estado de Meio Ambiente, Desenvolvimento Econ\u00f4mico, Produ\u00e7\u00e3o e Agricultura Familiar, Jaime Verruck, a nova rota intensifica tamb\u00e9m a rela\u00e7\u00e3o comercial entre Mato Grosso do Sul e Paraguai.\u00a0\u201cEstamos focando nos passageiros empres\u00e1rios, que s\u00e3o investidores que t\u00eam no Paraguai, e nos passageiros de turismo, uma vez que n\u00f3s sul-mato-grossenses, agora, podemos ir a Assun\u00e7\u00e3o e de Assun\u00e7\u00e3o para Miami, para Santiago, Montevid\u00e9u e outras capitais\u201d, falou.<\/p>\n<div id=\"attachment_183417\" class=\"wp-caption alignleft\"><img loading=\"lazy\" decoding=\"async\" class=\"wp-image-183417 \" src=\"http:\/\/www.ms.gov.br\/wp-content\/uploads\/sites\/150\/2017\/12\/Amaszonas-voo-inaugural-72-300x196.jpg\" sizes=\"auto, (max-width: 286px) 100vw, 286px\" srcset=\"http:\/\/www.ms.gov.br\/wp-content\/uploads\/sites\/150\/2017\/12\/Amaszonas-voo-inaugural-72-300x196.jpg 300w, http:\/\/www.ms.gov.br\/wp-content\/uploads\/sites\/150\/2017\/12\/Amaszonas-voo-inaugural-72-768x502.jpg 768w, http:\/\/www.ms.gov.br\/wp-content\/uploads\/sites\/150\/2017\/12\/Amaszonas-voo-inaugural-72-1024x669.jpg 1024w\" alt=\"\" width=\"286\" height=\"187\" \/><\/p>\n<p class=\"wp-caption-text\"><em>Lu\u00eds Vera e Reinaldo Azambuja em conversa com a imprensa. Foto: Chico Ribeiro<\/em><\/p>\n<\/div>\n<p><b>Expans\u00e3o<\/b><\/p>\n<p>Com sede no Paraguai, Argentina e Uruguai, o Grupo Amaszonas est\u00e1 expandindo as linhas de voos no Brasil e em diversos outros pa\u00edses. Nesta quarta-feira foi inaugurado os trechos Campo Grande\/Assun\u00e7\u00e3o, Curitiba\/Assun\u00e7\u00e3o e Porto Alegre\/Assun\u00e7\u00e3o.<\/p>\n<p>H\u00e1 dois anos a companhia a\u00e9rea faz o trecho Assun\u00e7\u00e3o\/Florian\u00f3polis na alta temporada, de dezembro a fevereiro. Em janeiro de 2018 outras duas rotas ser\u00e3o abertas: Assun\u00e7\u00e3o\/Campinas e Assun\u00e7\u00e3o\/Rio de Janeiro. \u201cAt\u00e9 2020 queremos fazer Assun\u00e7\u00e3o\/Bonito e Campo Grande\/Cidade do Leste\u201d, completou o vice-presidente executivo do Grupo Amaszonas.<\/p>\n<p><b>Autoridades<\/b><\/p>\n<p>Estiveram presentes na chegada do voo inaugural de Assun\u00e7\u00e3o\/Campo Grande autoridades paraguaias, do Consulado e do Minist\u00e9rio do Turismo. Do lado brasileiro compareceram a vice-governadora Rose Modesto; o secret\u00e1rio de Estado de \u00a0Infraestrutura, Marcelo Miglioli; o superintendente vi\u00e1rio da pasta, Fabr\u00edcio Alves Corr\u00eaa; o diretor-presidente da Funda\u00e7\u00e3o de Turismo de Mato Grosso do Sul (Fundtur-MS), Bruno Wendling; o prefeito de Campo Grande, Marcos Trad; e deputados e outras autoridades.<\/p>\n","protected":false},"excerpt":{"rendered":"<p>Operado pela companhia Amaszonas, o voo que liga Campo Grande a Assun\u00e7\u00e3o foi inaugurado nesta&#8230;<\/p>\n","protected":false},"author":1,"featured_media":12164,"comment_status":"closed","ping_status":"closed","sticky":false,"template":"","format":"standard","meta":{"footnotes":""},"categories":[8,23],"tags":[],"class_list":["post-12162","post","type-post","status-publish","format-standard","has-post-thumbnail","hentry","category-destaque","category-turismo"],"_links":{"self":[{"href":"https:\/\/www.corumbaonline.com.br\/news\/wp-json\/wp\/v2\/posts\/12162","targetHints":{"allow":["GET"]}}],"collection":[{"href":"https:\/\/www.corumbaonline.com.br\/news\/wp-json\/wp\/v2\/posts"}],"about":[{"href":"https:\/\/www.corumbaonline.com.br\/news\/wp-json\/wp\/v2\/types\/post"}],"author":[{"embeddable":true,"href":"https:\/\/www.corumbaonline.com.br\/news\/wp-json\/wp\/v2\/users\/1"}],"replies":[{"embeddable":true,"href":"https:\/\/www.corumbaonline.com.br\/news\/wp-json\/wp\/v2\/comments?post=12162"}],"version-history":[{"count":1,"href":"https:\/\/www.corumbaonline.com.br\/news\/wp-json\/wp\/v2\/posts\/12162\/revisions"}],"predecessor-version":[{"id":12165,"href":"https:\/\/www.corumbaonline.com.br\/news\/wp-json\/wp\/v2\/posts\/12162\/revisions\/12165"}],"wp:featuredmedia":[{"embeddable":true,"href":"https:\/\/www.corumbaonline.com.br\/news\/wp-json\/wp\/v2\/media\/12164"}],"wp:attachment":[{"href":"https:\/\/www.corumbaonline.com.br\/news\/wp-json\/wp\/v2\/media?parent=12162"}],"wp:term":[{"taxonomy":"category","embeddable":true,"href":"https:\/\/www.corumbaonline.com.br\/news\/wp-json\/wp\/v2\/categories?post=12162"},{"taxonomy":"post_tag","embeddable":true,"href":"https:\/\/www.corumbaonline.com.br\/news\/wp-json\/wp\/v2\/tags?post=12162"}],"curies":[{"name":"wp","href":"https:\/\/api.w.org\/{rel}","templated":true}]}}