{"id":12166,"date":"2017-12-13T17:10:12","date_gmt":"2017-12-13T20:10:12","guid":{"rendered":"http:\/\/www.corumbaonline.com.br\/news\/?p=12166"},"modified":"2017-12-13T19:47:42","modified_gmt":"2017-12-13T22:47:42","slug":"na-camara-prefeito-acompanha-ultima-sessao-legislativa-do-ano","status":"publish","type":"post","link":"https:\/\/www.corumbaonline.com.br\/news\/na-camara-prefeito-acompanha-ultima-sessao-legislativa-do-ano\/","title":{"rendered":"Na C\u00e2mara, prefeito acompanha \u00faltima sess\u00e3o legislativa do ano"},"content":{"rendered":"<p>O prefeito Marcelo Iunes acompanhou a \u00faltima sess\u00e3o ordin\u00e1ria do ano legislativo na C\u00e2mara Municipal de Corumb\u00e1 na tarde da ter\u00e7a-feira, 12 de dezembro. A sess\u00e3o teve pauta cheia com vota\u00e7\u00f5es de requerimentos, indica\u00e7\u00f5es e mo\u00e7\u00f5es de congratula\u00e7\u00f5es. Tamb\u00e9m houve a discuss\u00e3o e vota\u00e7\u00e3o de 24 projetos de leis do Poder Legislativo e tamb\u00e9m do Poder Executivo, que foram aprovados.<\/p>\n<p>&nbsp;<\/p>\n<p>A presen\u00e7a do prefeito na sess\u00e3o marcou um fato in\u00e9dito. Foi a primeira vez \u2013 na hist\u00f3ria recente da pol\u00edtica corumbaense \u2013 que um chefe do Executivo Municipal acompanha a \u00faltima sess\u00e3o ordin\u00e1ria daquela Casa de Leis. Tradicionalmente, os prefeitos participam da abertura do ano legislativo e em sess\u00e3o extraordin\u00e1ria.<\/p>\n<p>&nbsp;<\/p>\n<p>\u201cVim aqui para agradecer o empenho de todos os vereadores na an\u00e1lise dos nossos projetos de lei. Empenho que se repetiu no dia de hoje com os vereadores, dentro de suas comiss\u00f5es legislativas, dando pareceres. Agrade\u00e7o esse apoio\u201d, disse o prefeito. Marcelo Iunes foi vereador por tr\u00eas mandatos consecutivos.<\/p>\n<p>&nbsp;<\/p>\n<p>Entre os projetos de lei do Executivo aprovados pelos vereadores na \u00faltima sess\u00e3o ordin\u00e1ria do ano, estavam, por exemplo: o que organiza a Secretaria Especial da Transpar\u00eancia e Controle Interno e a carreira dos Auditores do Munic\u00edpio; o que disp\u00f5e sobre a carreira \u2018Gest\u00e3o Governamental\u2019, integrante do Grupo Ocupacional Gest\u00e3o Organizacional do Plano de Cargos e Carreiras da Prefeitura Municipal de Corumb\u00e1 e o que autoriza o Poder Executivo Municipal a doar \u00e1reas ao Fundo de Arrendamento Residencial (FAR).<\/p>\n<p>&nbsp;<\/p>\n<p>O presidente da C\u00e2mara Municipal, vereador Evander Vendramini, destacou o trabalho do prefeito Marcelo Iunes nesses mais de 40 dias de gest\u00e3o. \u201cTenho a certeza que far\u00e1 uma grande gest\u00e3o, um grande trabalho no comando da Prefeitura. A C\u00e2mara est\u00e1 aqui para ajudar. O Legislativo tem a fun\u00e7\u00e3o de fiscalizar e legislar, sempre com muita seriedade. Nossa preocupa\u00e7\u00e3o \u00e9 especialmente em fun\u00e7\u00e3o da nossa popula\u00e7\u00e3o, que espera que seus representantes possam defend\u00ea-la\u201d, afirmou o chefe do Legislativo Municipal.<\/p>\n","protected":false},"excerpt":{"rendered":"<p>O prefeito Marcelo Iunes acompanhou a \u00faltima sess\u00e3o ordin\u00e1ria do ano legislativo na C\u00e2mara Municipal&#8230;<\/p>\n","protected":false},"author":1,"featured_media":12167,"comment_status":"closed","ping_status":"closed","sticky":false,"template":"","format":"standard","meta":{"footnotes":""},"categories":[19],"tags":[],"class_list":["post-12166","post","type-post","status-publish","format-standard","has-post-thumbnail","hentry","category-politica"],"_links":{"self":[{"href":"https:\/\/www.corumbaonline.com.br\/news\/wp-json\/wp\/v2\/posts\/12166","targetHints":{"allow":["GET"]}}],"collection":[{"href":"https:\/\/www.corumbaonline.com.br\/news\/wp-json\/wp\/v2\/posts"}],"about":[{"href":"https:\/\/www.corumbaonline.com.br\/news\/wp-json\/wp\/v2\/types\/post"}],"author":[{"embeddable":true,"href":"https:\/\/www.corumbaonline.com.br\/news\/wp-json\/wp\/v2\/users\/1"}],"replies":[{"embeddable":true,"href":"https:\/\/www.corumbaonline.com.br\/news\/wp-json\/wp\/v2\/comments?post=12166"}],"version-history":[{"count":1,"href":"https:\/\/www.corumbaonline.com.br\/news\/wp-json\/wp\/v2\/posts\/12166\/revisions"}],"predecessor-version":[{"id":12168,"href":"https:\/\/www.corumbaonline.com.br\/news\/wp-json\/wp\/v2\/posts\/12166\/revisions\/12168"}],"wp:featuredmedia":[{"embeddable":true,"href":"https:\/\/www.corumbaonline.com.br\/news\/wp-json\/wp\/v2\/media\/12167"}],"wp:attachment":[{"href":"https:\/\/www.corumbaonline.com.br\/news\/wp-json\/wp\/v2\/media?parent=12166"}],"wp:term":[{"taxonomy":"category","embeddable":true,"href":"https:\/\/www.corumbaonline.com.br\/news\/wp-json\/wp\/v2\/categories?post=12166"},{"taxonomy":"post_tag","embeddable":true,"href":"https:\/\/www.corumbaonline.com.br\/news\/wp-json\/wp\/v2\/tags?post=12166"}],"curies":[{"name":"wp","href":"https:\/\/api.w.org\/{rel}","templated":true}]}}