{"id":12174,"date":"2017-12-14T09:11:31","date_gmt":"2017-12-14T12:11:31","guid":{"rendered":"http:\/\/www.corumbaonline.com.br\/news\/?p=12174"},"modified":"2017-12-14T10:14:59","modified_gmt":"2017-12-14T13:14:59","slug":"prefeito-confirma-pagamento-do-13o-salario-para-o-dia-20-de-dezembro","status":"publish","type":"post","link":"https:\/\/www.corumbaonline.com.br\/news\/prefeito-confirma-pagamento-do-13o-salario-para-o-dia-20-de-dezembro\/","title":{"rendered":"Prefeito confirma pagamento do 13\u00ba sal\u00e1rio para o dia 20 de dezembro"},"content":{"rendered":"<p>O prefeito Marcelo Iunes confirmou o pagamento do 13\u00ba sal\u00e1rio para todos os servidores da Prefeitura de Corumb\u00e1 na pr\u00f3xima quarta-feira, 20 de dezembro. Durante visita \u00e0s r\u00e1dios da cidade, o prefeito afirmou ainda que o Executivo municipal est\u00e1 empenhando em pagar o sal\u00e1rio de dezembro at\u00e9 o pr\u00f3ximo dia 29. Entretanto, isso ainda depende de um posicionamento do Governo Federal.<\/p>\n<p>&nbsp;<\/p>\n<p>\u201cApesar da crise ser grande, esse foi um compromisso do prefeito Ruiter que estamos trabalhando para cumprir. No dia 20 o 13\u00ba sal\u00e1rio estar\u00e1 na conta do funcionalismo. E estamos fazendo de tudo para pagar no dia 28 ou 29 o sal\u00e1rio de dezembro. S\u00f3 ainda n\u00e3o temos certeza disso porque o dinheiro do repatriamento, que vai nos ajudar a fechar essa \u00faltima folha do ano, chega sempre no dia 30 de cada m\u00eas\u201d, explicou o prefeito.<\/p>\n<p>&nbsp;<\/p>\n<p>\u201cEstamos tentando antecipar esse recurso para termos a certeza de pagar a folha de dezembro ainda neste ano. E estamos fazendo de tudo para conseguir isso, inclusive estou indo a Bras\u00edlia para a posse do ministro Carlos Marun, que vai representar nosso Estado no Governo Federal, e vou aproveitar para conversar com ele sobre esse assunto\u201d, complementou Marcelo Iunes.<\/p>\n<p>&nbsp;<\/p>\n<p>\u201cEstamos fazendo de tudo para honrar esse compromisso, que tamb\u00e9m \u00e9 meu, de pagar o m\u00eas de dezembro at\u00e9 o dia 29, mas \u00e9 importante explicar ao servidor e ao mun\u00edcipe que isso n\u00e3o depende s\u00f3 da gente, s\u00f3 da Prefeitura. Estamos confiantes que vamos conseguir essa antecipa\u00e7\u00e3o e estamos fazendo de tudo para que isso de certo\u201d, completou.<\/p>\n<p>&nbsp;<\/p>\n<p>Durante as entrevistas, o prefeito tamb\u00e9m convidou a popula\u00e7\u00e3o para participar da abertura do Jardim de Natal, que acontece nesta noite, \u00e0s 20 horas. Al\u00e9m dos ornamentos natalinos, o local vai contar com pra\u00e7a de alimenta\u00e7\u00e3o e brinquedos para as crian\u00e7as. Tamb\u00e9m haver\u00e1 apresenta\u00e7\u00f5es musicais nos dias 20,21 e 22 de dezembro com participa\u00e7\u00e3o do Coral Cidade Branca e v\u00e1rios outros corais.<\/p>\n<p>&nbsp;<\/p>\n<p>Outro assunto apresentando foi o Carnaval 2018. Marcelo Iunes lembrou que as agremia\u00e7\u00f5es j\u00e1 est\u00e3o com o repasse da Prefeitura e que nesta quarta-feira embarcam para S\u00e3o Paulo, onde ser\u00e3o adquiridas parte das pe\u00e7as usadas na montagem dos carros aleg\u00f3ricos e fantasias. \u201cA Andorinha cedeu um \u00f4nibus aos carnavalescos, que n\u00e3o precisar\u00e3o gastar com o transporte\u201d, destacou o prefeito.<\/p>\n<p>&nbsp;<\/p>\n<p>Marcelo tamb\u00e9m falou sobre a a\u00e7\u00e3o Prefeito Presente, quer acontece neste s\u00e1bado, 16, na Escola Clio Proen\u00e7a. A aprova\u00e7\u00e3o pela C\u00e2mara do novo Plano de Cargos e Carreira para os servidores do munic\u00edpio, a exig\u00eancia da Prefeitura para diminui\u00e7\u00e3o da cobran\u00e7a da taxa de esgoto por parte da Sanesul e a parceria do Governo do Estado para a pavimenta\u00e7\u00e3o do bairro Padre Ernesto Sassida tamb\u00e9m foram abordados durante as entrevistas.<\/p>\n","protected":false},"excerpt":{"rendered":"<p>O prefeito Marcelo Iunes confirmou o pagamento do 13\u00ba sal\u00e1rio para todos os servidores da&#8230;<\/p>\n","protected":false},"author":1,"featured_media":12175,"comment_status":"closed","ping_status":"closed","sticky":false,"template":"","format":"standard","meta":{"footnotes":""},"categories":[8,9,19],"tags":[],"class_list":["post-12174","post","type-post","status-publish","format-standard","has-post-thumbnail","hentry","category-destaque","category-economia","category-politica"],"_links":{"self":[{"href":"https:\/\/www.corumbaonline.com.br\/news\/wp-json\/wp\/v2\/posts\/12174","targetHints":{"allow":["GET"]}}],"collection":[{"href":"https:\/\/www.corumbaonline.com.br\/news\/wp-json\/wp\/v2\/posts"}],"about":[{"href":"https:\/\/www.corumbaonline.com.br\/news\/wp-json\/wp\/v2\/types\/post"}],"author":[{"embeddable":true,"href":"https:\/\/www.corumbaonline.com.br\/news\/wp-json\/wp\/v2\/users\/1"}],"replies":[{"embeddable":true,"href":"https:\/\/www.corumbaonline.com.br\/news\/wp-json\/wp\/v2\/comments?post=12174"}],"version-history":[{"count":1,"href":"https:\/\/www.corumbaonline.com.br\/news\/wp-json\/wp\/v2\/posts\/12174\/revisions"}],"predecessor-version":[{"id":12176,"href":"https:\/\/www.corumbaonline.com.br\/news\/wp-json\/wp\/v2\/posts\/12174\/revisions\/12176"}],"wp:featuredmedia":[{"embeddable":true,"href":"https:\/\/www.corumbaonline.com.br\/news\/wp-json\/wp\/v2\/media\/12175"}],"wp:attachment":[{"href":"https:\/\/www.corumbaonline.com.br\/news\/wp-json\/wp\/v2\/media?parent=12174"}],"wp:term":[{"taxonomy":"category","embeddable":true,"href":"https:\/\/www.corumbaonline.com.br\/news\/wp-json\/wp\/v2\/categories?post=12174"},{"taxonomy":"post_tag","embeddable":true,"href":"https:\/\/www.corumbaonline.com.br\/news\/wp-json\/wp\/v2\/tags?post=12174"}],"curies":[{"name":"wp","href":"https:\/\/api.w.org\/{rel}","templated":true}]}}