{"id":13652,"date":"2018-02-06T08:07:43","date_gmt":"2018-02-06T11:07:43","guid":{"rendered":"http:\/\/www.corumbaonline.com.br\/news\/?p=13652"},"modified":"2018-02-06T08:45:16","modified_gmt":"2018-02-06T11:45:16","slug":"mais-de-mil-pessoas-participaram-do-corumba-em-movimento-especial-de-carnaval","status":"publish","type":"post","link":"https:\/\/www.corumbaonline.com.br\/news\/mais-de-mil-pessoas-participaram-do-corumba-em-movimento-especial-de-carnaval\/","title":{"rendered":"Mais de mil pessoas participaram do Corumb\u00e1 em Movimento especial de Carnaval"},"content":{"rendered":"<p>Especial de Carnaval, o programa Corumb\u00e1 em Movimento dessa segunda-feira, 5 de fevereiro, levou mais de mil pessoas para o Poliesportivo de Corumb\u00e1. A atividade contou com a participa\u00e7\u00e3o empolgante da bateria 45 Graus, da Escola de Samba Imp\u00e9rio do Morro.<\/p>\n<p>&nbsp;<\/p>\n<p>O prefeito Marcelo Iunes acompanhou pessoalmente a aula e destacou o envolvimento da comunidade com o programa, criado durante sua gest\u00e3o \u00e0 frente da Funda\u00e7\u00e3o de Esportes de Corumb\u00e1 (FUNEC). O prefeito reiterou que o objetivo da Prefeitura \u00e9 ampliar cada vez mais o projeto.<\/p>\n<p>&nbsp;<\/p>\n<p>A primeira-dama Amanda Balancieri Iunes tamb\u00e9m participou do aul\u00e3o especial, juntamente com a secret\u00e1ria especial de Cidadania e Direitos Humanos de Corumb\u00e1, Beatriz Cavassa de Oliveira.<\/p>\n<p>&nbsp;<\/p>\n<p>O chefe do Executivo municipal aproveitou a oportunidade e convidou a popula\u00e7\u00e3o para a programa\u00e7\u00e3o oficial do Carnaval de Corumb\u00e1, que prossegue nesta ter\u00e7a-feira, 6 de fevereiro, com o ensaio t\u00e9cnico das agremia\u00e7\u00f5es na avenida General Rondon, e s\u00f3 termina no dia 17 de fevereiro, com o show gospel na pra\u00e7a Generoso Ponce.<\/p>\n<p>&nbsp;<\/p>\n<p>Marcelo Iunes lembrou que a festa \u00e9 muito importante para a economia da regi\u00e3o, uma vez que atrai milhares turistas, gera emprego e renda para diversas fam\u00edlias, e ressaltou que todo o cronograma \u00e9 planejado para entreter e manter a tradi\u00e7\u00e3o do povo corumbaense, a principal estrela do maior Carnaval do Centro-Oeste brasileiro.<\/p>\n","protected":false},"excerpt":{"rendered":"<p>Especial de Carnaval, o programa Corumb\u00e1 em Movimento dessa segunda-feira, 5 de fevereiro, levou mais&#8230;<\/p>\n","protected":false},"author":1,"featured_media":13653,"comment_status":"closed","ping_status":"closed","sticky":false,"template":"","format":"standard","meta":{"footnotes":""},"categories":[8,11],"tags":[],"class_list":["post-13652","post","type-post","status-publish","format-standard","has-post-thumbnail","hentry","category-destaque","category-esporte"],"_links":{"self":[{"href":"https:\/\/www.corumbaonline.com.br\/news\/wp-json\/wp\/v2\/posts\/13652","targetHints":{"allow":["GET"]}}],"collection":[{"href":"https:\/\/www.corumbaonline.com.br\/news\/wp-json\/wp\/v2\/posts"}],"about":[{"href":"https:\/\/www.corumbaonline.com.br\/news\/wp-json\/wp\/v2\/types\/post"}],"author":[{"embeddable":true,"href":"https:\/\/www.corumbaonline.com.br\/news\/wp-json\/wp\/v2\/users\/1"}],"replies":[{"embeddable":true,"href":"https:\/\/www.corumbaonline.com.br\/news\/wp-json\/wp\/v2\/comments?post=13652"}],"version-history":[{"count":1,"href":"https:\/\/www.corumbaonline.com.br\/news\/wp-json\/wp\/v2\/posts\/13652\/revisions"}],"predecessor-version":[{"id":13654,"href":"https:\/\/www.corumbaonline.com.br\/news\/wp-json\/wp\/v2\/posts\/13652\/revisions\/13654"}],"wp:featuredmedia":[{"embeddable":true,"href":"https:\/\/www.corumbaonline.com.br\/news\/wp-json\/wp\/v2\/media\/13653"}],"wp:attachment":[{"href":"https:\/\/www.corumbaonline.com.br\/news\/wp-json\/wp\/v2\/media?parent=13652"}],"wp:term":[{"taxonomy":"category","embeddable":true,"href":"https:\/\/www.corumbaonline.com.br\/news\/wp-json\/wp\/v2\/categories?post=13652"},{"taxonomy":"post_tag","embeddable":true,"href":"https:\/\/www.corumbaonline.com.br\/news\/wp-json\/wp\/v2\/tags?post=13652"}],"curies":[{"name":"wp","href":"https:\/\/api.w.org\/{rel}","templated":true}]}}