{"id":13666,"date":"2018-02-06T09:29:38","date_gmt":"2018-02-06T12:29:38","guid":{"rendered":"http:\/\/www.corumbaonline.com.br\/news\/?p=13666"},"modified":"2018-02-06T10:11:48","modified_gmt":"2018-02-06T13:11:48","slug":"saude-distribui-mais-de-5-mil-preservativos-e-intensifica-acoes-contra-istaids","status":"publish","type":"post","link":"https:\/\/www.corumbaonline.com.br\/news\/saude-distribui-mais-de-5-mil-preservativos-e-intensifica-acoes-contra-istaids\/","title":{"rendered":"Sa\u00fade distribui mais de 5 mil preservativos e intensifica a\u00e7\u00f5es contra IST\/AIDS"},"content":{"rendered":"<p>Desde o dia 20 de janeiro, cerca de cinco mil preservativos e mais de 1.400 unidades de gel j\u00e1 foram distribu\u00eddos desde o dia 20 de janeiro pela Prefeitura de Corumb\u00e1. Alguns dos alvos da a\u00e7\u00e3o foram os barrac\u00f5es de escolas de samba, para onde os servidores do Munic\u00edpio se deslocaram \u00e0 noite, durante ensaios t\u00e9cnicos. A Secretaria Municipal de Sa\u00fade intensificou atividades de preven\u00e7\u00e3o a infec\u00e7\u00f5es sexualmente transmiss\u00edveis por causa da proximidade do carnaval. A distribui\u00e7\u00e3o de preservativos continuar\u00e1 intensa at\u00e9 o final do per\u00edodo festivo.<\/p>\n<p>&nbsp;<\/p>\n<p>O servi\u00e7o tem sido realizado por equipes do Programa de Combate \u00e0s Infec\u00e7\u00f5es Sexualmente Transmiss\u00edveis (IST\/AIDS), vinculado \u00e0 Coordena\u00e7\u00e3o de Vigil\u00e2ncia Epidemiol\u00f3gica e Vigil\u00e2ncia em Sa\u00fade. \u201cO grupo come\u00e7ou a frequentar os barrac\u00f5es, ensaios e eventos de grande import\u00e2ncia para tentar sensibilizar as pessoas quanto ao uso de preservativos\u201d, afirmou Viviane Ametlla, gerente de Vigil\u00e2ncia em Sa\u00fade do Munic\u00edpio.<\/p>\n<p>&nbsp;<\/p>\n<p>Conforme Viviane, \u00e9 preocupante o aumento de pacientes diagnosticados com ISTs. \u201cTemos uma preocupa\u00e7\u00e3o muito grande com a quest\u00e3o da Aids, como tamb\u00e9m da s\u00edfilis, que tem aumentado bastante no Brasil e em Corumb\u00e1 n\u00e3o tem sido diferente. Os n\u00fameros est\u00e3o elevados e precisamos tentar sensibilizar as pessoas para fazerem o sexo seguro\u201d.<\/p>\n<p>&nbsp;<\/p>\n<p>Ela afirmou ainda que h\u00e1 aten\u00e7\u00e3o maior na faixa et\u00e1ria dos adolescentes, j\u00e1 que o n\u00famero de meninas gestantes \u00e9 alto e a quantidade de adolescentes com doen\u00e7as sexualmente transmiss\u00edveis \u00e9 elevada. \u201cOs adolescentes t\u00eam come\u00e7ado a vida sexual cedo e precisam estar atentos a esses cuidados porque essas doen\u00e7as n\u00e3o t\u00eam cara, mas a preocupa\u00e7\u00e3o n\u00e3o \u00e9 s\u00f3 com eles, temos tamb\u00e9m os idosos que est\u00e3o redescobrindo o sexo\u201d, disse Viviane Ametlla.<\/p>\n<p>&nbsp;<\/p>\n<p>Com rela\u00e7\u00e3o aos estudantes mais jovens, Viviane afirmou que a Secretaria Municipal de Sa\u00fade vai estabelecer novo di\u00e1logo com a Secretaria Municipal de Educa\u00e7\u00e3o para organiza\u00e7\u00e3o de projeto com objetivo de orientar adolescentes sobre o tema. \u201cVamos retomar essa conversa com o novo secret\u00e1rio [interino] para estabelecermos de que maneira podemos abordar esse assunto porque \u00e9 algo delicado, tem que ter toda uma metodologia para se falar com adolescente, j\u00e1 que a ideia \u00e9 prevenir as doen\u00e7as\u201d, disse Viviane.<\/p>\n<p>&nbsp;<\/p>\n<p><strong>Consequ\u00eancias da s\u00edfilis cong\u00eanita<\/strong><\/p>\n<p>De acordo com dados da Secretaria Municipal de Sa\u00fade, no segundo semestre de 2017 foram notificados 70 novos casos de AIDS\/HIV em Corumb\u00e1, sendo 68 em adultos e dois em crian\u00e7as (uma do Brasil e outra da Bol\u00edvia). Com rela\u00e7\u00e3o \u00e0 s\u00edfilis, foram 64 notifica\u00e7\u00f5es no mesmo per\u00edodo em diversas classes de pessoas e 32 em gestantes. Houve um caso de s\u00edfilis cong\u00eanita, quando a doen\u00e7a passa da m\u00e3e para o beb\u00ea, geralmente quando a gestante n\u00e3o faz o pr\u00e9-natal adequadamente.<\/p>\n<p>&nbsp;<\/p>\n<p>Conforme o Minist\u00e9rio da Sa\u00fade, a incid\u00eancia de s\u00edfilis entre rec\u00e9m-nascidos no Brasil \u00e9 alta. Para evitar que a doen\u00e7a seja passada da gestante para o beb\u00ea, \u00e9 necess\u00e1rio realizar o pr\u00e9-natal com exames que visam a detectar a DST. O tratamento \u00e9 simples, de custo financeiro baixo e bastante efetivo. Vale ressaltar que em caso de gestante com s\u00edfilis, \u00e9 necess\u00e1rio que o parceiro tamb\u00e9m fa\u00e7a o tratamento para n\u00e3o ocorrer reinfec\u00e7\u00e3o. A s\u00edfilis materna sem tratamento pode levar ao aborto espont\u00e2neo, nascimento prematuro ou o beb\u00ea pode nascer aparentemente saud\u00e1vel e passar a desenvolver sinais da doen\u00e7a com o passar do tempo.<\/p>\n<p>&nbsp;<\/p>\n<p>Ainda de acordo com o Minist\u00e9rio da Sa\u00fade, na s\u00edfilis cong\u00eanita precoce os sinais e sintomas surgem at\u00e9 os 2 anos de vida: baixo peso; coriza com sangue; obstru\u00e7\u00e3o nasal; prematuridade; inflama\u00e7\u00e3o de osso que envolve a cartilagem; choro ao manuseio; bolhas nas palmas das m\u00e3os e nas plantas dos p\u00e9s; fissura peribucal; aumento do f\u00edgado e do ba\u00e7o; altera\u00e7\u00f5es respirat\u00f3rias\/pneumonia; icter\u00edcia; anemia geralmente severa; hidropsia; pseudoparalisia dos membros; e les\u00f5es na pele.<\/p>\n<p>&nbsp;<\/p>\n<p>J\u00e1 na s\u00edfilis cong\u00eanita tardia, os sinais e sintomas surgem a partir dos 2 anos de vida: t\u00edbia em \u201cl\u00e2mina de sabre\u201d; espessamento dos ossos do cr\u00e2nio que pode gerar aspecto grosseiro da fronte, chamada \u201cfronte ol\u00edmpica\u201d; deforma\u00e7\u00e3o nasal em que a ponte do nariz (sua parte superior) \u00e9 achatada, muitas vezes bem pr\u00f3xima do resto da face; dentes incisivos medianos superiores deformados (dentes de Hutchinson); mand\u00edbula curta; arco palatino elevado; problemas visuais graves; surdez neurol\u00f3gica; e dificuldade no aprendizado.<\/p>\n","protected":false},"excerpt":{"rendered":"<p>Desde o dia 20 de janeiro, cerca de cinco mil preservativos e mais de 1.400&#8230;<\/p>\n","protected":false},"author":1,"featured_media":0,"comment_status":"closed","ping_status":"closed","sticky":false,"template":"","format":"standard","meta":{"footnotes":""},"categories":[107,21],"tags":[],"class_list":["post-13666","post","type-post","status-publish","format-standard","hentry","category-carnaval-2018","category-saude"],"_links":{"self":[{"href":"https:\/\/www.corumbaonline.com.br\/news\/wp-json\/wp\/v2\/posts\/13666","targetHints":{"allow":["GET"]}}],"collection":[{"href":"https:\/\/www.corumbaonline.com.br\/news\/wp-json\/wp\/v2\/posts"}],"about":[{"href":"https:\/\/www.corumbaonline.com.br\/news\/wp-json\/wp\/v2\/types\/post"}],"author":[{"embeddable":true,"href":"https:\/\/www.corumbaonline.com.br\/news\/wp-json\/wp\/v2\/users\/1"}],"replies":[{"embeddable":true,"href":"https:\/\/www.corumbaonline.com.br\/news\/wp-json\/wp\/v2\/comments?post=13666"}],"version-history":[{"count":1,"href":"https:\/\/www.corumbaonline.com.br\/news\/wp-json\/wp\/v2\/posts\/13666\/revisions"}],"predecessor-version":[{"id":13667,"href":"https:\/\/www.corumbaonline.com.br\/news\/wp-json\/wp\/v2\/posts\/13666\/revisions\/13667"}],"wp:attachment":[{"href":"https:\/\/www.corumbaonline.com.br\/news\/wp-json\/wp\/v2\/media?parent=13666"}],"wp:term":[{"taxonomy":"category","embeddable":true,"href":"https:\/\/www.corumbaonline.com.br\/news\/wp-json\/wp\/v2\/categories?post=13666"},{"taxonomy":"post_tag","embeddable":true,"href":"https:\/\/www.corumbaonline.com.br\/news\/wp-json\/wp\/v2\/tags?post=13666"}],"curies":[{"name":"wp","href":"https:\/\/api.w.org\/{rel}","templated":true}]}}