{"id":13677,"date":"2018-02-06T10:40:03","date_gmt":"2018-02-06T13:40:03","guid":{"rendered":"http:\/\/www.corumbaonline.com.br\/news\/?p=13677"},"modified":"2018-02-06T10:40:03","modified_gmt":"2018-02-06T13:40:03","slug":"municipio-mantem-acoes-e-visita-mais-de-42-mil-imoveis-no-combate-ao-aedes-aegypti","status":"publish","type":"post","link":"https:\/\/www.corumbaonline.com.br\/news\/municipio-mantem-acoes-e-visita-mais-de-42-mil-imoveis-no-combate-ao-aedes-aegypti\/","title":{"rendered":"Munic\u00edpio mant\u00e9m a\u00e7\u00f5es e visita mais de 4,2 mil im\u00f3veis no combate ao Aedes aegypti"},"content":{"rendered":"<p>Boletim epidemiol\u00f3gico da Vigil\u00e2ncia em Sa\u00fade, liberado na segunda-feira, 05 de fevereiro, mostra que durante a Semana 04 de 2018 (referente ao<strong>\u00a0<\/strong>per\u00edodo de 21 a 27 de janeiro)<strong>\u00a0<\/strong>foram visitados 4.259 im\u00f3veis nas atividades de rotina combate ao mosquito Aedes aegypti. Nestes locais, as equipes da Secretaria Municipal de Sa\u00fade realizaram a elimina\u00e7\u00e3o de focos, com o objetivo de impossibilitar o desenvolvimento do vetor e orienta\u00e7\u00e3o junto aos moradores para que evitem o ac\u00famulo de materiais que possam favorecer o dep\u00f3sito de ovos do mosquito transmissor da dengue, zika v\u00edrus e chikungunya.<\/p>\n<p>&nbsp;<\/p>\n<p>Com base nos casos notificados e confirmados e o no resultado do 1\u00ba Levantamento de \u00cdndice R\u00e1pido do Aedes aegypti (1,5%), tamb\u00e9m foram promovidos bloqueio qu\u00edmico com borrifa\u00e7\u00e3o com a bomba costal em 524 im\u00f3veis nas micro \u00e1reas Estrelinha Verde, Vila Noroeste, Paiva, Detran, Dobes, Corumb\u00e1, Cemit\u00e9rio. Houve a realiza\u00e7\u00e3o de bloqueio mec\u00e2nico nas micro\u00e1reas: Santos Dumont, Estrelinha Verde e Dobes.\u00a0 Em todos os casos notificados foram realizados o manejo ambiental.<\/p>\n<p>&nbsp;<\/p>\n<p>Tamb\u00e9m houve trabalho de Educa\u00e7\u00e3o em Sa\u00fade na a\u00e7\u00e3o p\u00f3s LIRAa no bairro Popular Velha,\u00a0 com o apoio do Ex\u00e9rcito; palestra de Combate aos Vetores da Dengue e Leishmaniose &#8211; ESF Fernando Moutinho e Centro de Refer\u00eancia de Assist\u00eancia Social. Ainda foi promovida a\u00e7\u00e3o contra o Aedes aegypti, de retirada de material, com o apoio da Igreja Batista no bairro Cristo Redentor.<\/p>\n<p>&nbsp;<\/p>\n<p>O boletim epidemiol\u00f3gico traz informa\u00e7\u00f5es referentes \u00e0 dengue, zika v\u00edrus; chikungunya; leishmaniose; monitoramento de doen\u00e7as diarreicas agudas, conjuntivite acidentes e viol\u00eancia e influenza.<\/p>\n<p><strong>Dengue<\/strong><\/p>\n<p>&nbsp;<\/p>\n<p>At\u00e9 semana 04 foram notificados 16 casos de Dengue nos bairros Nossa Senhora de F\u00e1tima (3), Dom Bosco (4), Centro (2), Aeroporto (1), Centro Am\u00e9rica (1), Jardim dos estados (1), Jardinzinho (1), Loteamento Pantanal (1), Popular velha (1) e Previsul (1).<\/p>\n<p>&nbsp;<\/p>\n<p>A dengue \u00e9 uma doen\u00e7a febril aguda, de origem viral e de evolu\u00e7\u00e3o benigna na forma cl\u00e1ssica, e grave quando se apresenta na forma hemorr\u00e1gica. Transmitida pelo mosquito Aedes aegypti, a dengue \u00e9 uma doen\u00e7a viral que se espalha rapidamente no mundo.<\/p>\n<p><strong>V\u00edrus Zika<\/strong><\/p>\n<p>&nbsp;<\/p>\n<p>At\u00e9 a semana 04 foram notificados 04 casos de Zika, nos bairros Jardim dos Estados, Jatobazinho, Centro e Popular Velha.<\/p>\n<p>&nbsp;<\/p>\n<p>A Zika \u00e9 uma doen\u00e7a viral aguda, transmitida principalmente, pelos mosquitos Aedes Aegypti e Aedes albopictus, caracterizada por exantema manchas avermelhadas na pele, febre, vermelhid\u00e3o nos olhos, dor nas articula\u00e7\u00f5es, dor de cabe\u00e7a e dores musculares. A maior parte dos casos apresentam evolu\u00e7\u00e3o benigna e os sintomas geralmente desaparecem espontaneamente ap\u00f3s 3-7 dias.<\/p>\n<p><strong>Chikungunya<\/strong><\/p>\n<p>&nbsp;<\/p>\n<p>At\u00e9 semana 04 foram notificados 05 casos de Chikungunya nos bairros Nossa Senhora de F\u00e1tima (3), Dom Bosco (1) e Popular Velha (1). Destes, 01 caso foi confirmado no bairro Nossa Senhora de Fatima.<\/p>\n<p>&nbsp;<\/p>\n<p>\u00c9 causada pelo v\u00edrus Chikungunya. A transmiss\u00e3o se d\u00e1 atrav\u00e9s da picada de f\u00eameas dos mosquitos Aedes aegypti e Aedes albopictus infectadas pelo v\u00edrus. Casos de transmiss\u00e3o vertical (transmiss\u00e3o da m\u00e3e para o filho durante a gesta\u00e7\u00e3o ou durante o parto) podem ocorrer e, muitas vezes, provocam infec\u00e7\u00e3o neonatal grave. Pode ocorrer tamb\u00e9m transmiss\u00e3o por via transfusional (transfus\u00e3o de sangue), considerada rara de acordo com protocolos analisados.<\/p>\n<p><strong>Leishmaniose<\/strong><\/p>\n<p>&nbsp;<\/p>\n<p>At\u00e9 a semana epidemiol\u00f3gica 04 de 2018, foram confirmados02 casos de Leishmaniose Visceral nos bairros Cravo Vermelho III e Popular Nova.<\/p>\n<p>&nbsp;<\/p>\n<p>A leishmaniose visceral era, primariamente, uma zoonose caracterizada como doen\u00e7a de car\u00e1ter eminentemente rural. Mais recentemente, vem se expandindo para \u00e1reas urbanas de m\u00e9dio e grande porte e se tornou crescente problema de sa\u00fade p\u00fablica no pa\u00eds e em outras \u00e1reas do continente americano, sendo uma endemia em franca expans\u00e3o geogr\u00e1fica. \u00c9 uma doen\u00e7a, caracterizada por febre de longa dura\u00e7\u00e3o, perda de peso, fraqueza e anemia, dentre outras manifesta\u00e7\u00f5es. Quando n\u00e3o tratada, pode evoluir para \u00f3bito em mais de 90% dos casos.<\/p>\n<p>&nbsp;<\/p>\n<p>No Brasil, a forma de transmiss\u00e3o \u00e9 atrav\u00e9s da picada dos vetores Lutzomyia longipalpis, ou Lutzomyia cruzi, conhecidos popularmente por \u201cmosquito palha\u201d.<\/p>\n<p><strong>Influenza<\/strong><\/p>\n<p>&nbsp;<\/p>\n<p>At\u00e9 a semana epidemiol\u00f3gica 04 foi registrado 01 caso suspeito de infec\u00e7\u00e3o pelo v\u00edrus influenza.<\/p>\n<p>&nbsp;<\/p>\n<p>Influenza, comumente conhecida como gripe, \u00e9 uma doen\u00e7a viral febril, aguda, geralmente benigna e autolimitada. Frequentemente \u00e9 caracterizada por in\u00edcio abrupto dos sintomas, incluindo febre, calafrios, tremores, dor de cabe\u00e7a, dor muscular e perda de apetite, assim como sintomas respirat\u00f3rios com tosse seca, dor de garganta e coriza. A infec\u00e7\u00e3o geralmente dura uma semana. Algumas pessoas, como idosos, crian\u00e7as novas, gestantes e pessoas que apresentam outras enfermidades possuem um risco maior de desenvolver complica\u00e7\u00f5es devido \u00e0 influenza. A vacina\u00e7\u00e3o \u00e9 a interven\u00e7\u00e3o mais importante na redu\u00e7\u00e3o do impacto da influenza.<\/p>\n<p><strong>Monitoramento de doen\u00e7as diarreicas agudas<\/strong><\/p>\n<p>&nbsp;<\/p>\n<p>At\u00e9 a semana 04 foi registrado 421 casos de Doen\u00e7as Diarreicas Agudas. Destes, 28casos ocorreram crian\u00e7as menores de 01 ano, 74 em crian\u00e7as de 1 a 4 anos, 29 casos em crian\u00e7a de 5 a 9 anos e 191 casos em crian\u00e7as com mais de 10 anos.<\/p>\n<p><strong>Conjuntivite<\/strong><\/p>\n<p>&nbsp;<\/p>\n<p>At\u00e9 a quarta semana de janeiro foram notificados 553 casos de conjuntivite.<\/p>\n<p>&nbsp;<\/p>\n<p>Conjuntivite \u00e9 a inflama\u00e7\u00e3o da conjuntiva, membrana transparente e fina que reveste a parte da frente do globo ocular (o branco dos olhos) e o interior das p\u00e1lpebras. Em geral, ataca os dois olhos, pode durar de uma semana a 15 dias e n\u00e3o costuma deixar sequelas. Ela pode ser aguda ou cr\u00f4nica, afetar um dos olhos ou os dois.<\/p>\n<p><strong>Acidentes e Viol\u00eancia<\/strong><\/p>\n<p>&nbsp;<\/p>\n<p>Na semana epidemiol\u00f3gica 04 foram realizados 31 atendimentos de pessoas em situa\u00e7\u00e3o de viol\u00eancia nas unidades de sa\u00fade da REDESUS, com preenchimento da ficha de notifica\u00e7\u00e3o de viol\u00eancia.<\/p>\n<p>&nbsp;<\/p>\n<p>Os acidentes e as viol\u00eancias correspondem \u00e0s causas externas de morbidade e mortalidade. Acidentes englobam as quedas, o envenenamento, o afogamento, as queimaduras, o acidente de tr\u00e2nsito, entre outros. Viol\u00eancias s\u00e3o eventos considerados intencionais e compreendem a agress\u00e3o, o homic\u00eddio, a viol\u00eancia sexual, a neglig\u00eancia\/abandono, a viol\u00eancia psicol\u00f3gica, a les\u00e3o autoprovocada, entre outras. Tanto os acidentes quanto as viol\u00eancias s\u00e3o eventos pass\u00edveis de preven\u00e7\u00e3o.<\/p>\n","protected":false},"excerpt":{"rendered":"<p>Boletim epidemiol\u00f3gico da Vigil\u00e2ncia em Sa\u00fade, liberado na segunda-feira, 05 de fevereiro, mostra que durante&#8230;<\/p>\n","protected":false},"author":1,"featured_media":13678,"comment_status":"closed","ping_status":"closed","sticky":false,"template":"","format":"standard","meta":{"footnotes":""},"categories":[8,21],"tags":[],"class_list":["post-13677","post","type-post","status-publish","format-standard","has-post-thumbnail","hentry","category-destaque","category-saude"],"_links":{"self":[{"href":"https:\/\/www.corumbaonline.com.br\/news\/wp-json\/wp\/v2\/posts\/13677","targetHints":{"allow":["GET"]}}],"collection":[{"href":"https:\/\/www.corumbaonline.com.br\/news\/wp-json\/wp\/v2\/posts"}],"about":[{"href":"https:\/\/www.corumbaonline.com.br\/news\/wp-json\/wp\/v2\/types\/post"}],"author":[{"embeddable":true,"href":"https:\/\/www.corumbaonline.com.br\/news\/wp-json\/wp\/v2\/users\/1"}],"replies":[{"embeddable":true,"href":"https:\/\/www.corumbaonline.com.br\/news\/wp-json\/wp\/v2\/comments?post=13677"}],"version-history":[{"count":1,"href":"https:\/\/www.corumbaonline.com.br\/news\/wp-json\/wp\/v2\/posts\/13677\/revisions"}],"predecessor-version":[{"id":13679,"href":"https:\/\/www.corumbaonline.com.br\/news\/wp-json\/wp\/v2\/posts\/13677\/revisions\/13679"}],"wp:featuredmedia":[{"embeddable":true,"href":"https:\/\/www.corumbaonline.com.br\/news\/wp-json\/wp\/v2\/media\/13678"}],"wp:attachment":[{"href":"https:\/\/www.corumbaonline.com.br\/news\/wp-json\/wp\/v2\/media?parent=13677"}],"wp:term":[{"taxonomy":"category","embeddable":true,"href":"https:\/\/www.corumbaonline.com.br\/news\/wp-json\/wp\/v2\/categories?post=13677"},{"taxonomy":"post_tag","embeddable":true,"href":"https:\/\/www.corumbaonline.com.br\/news\/wp-json\/wp\/v2\/tags?post=13677"}],"curies":[{"name":"wp","href":"https:\/\/api.w.org\/{rel}","templated":true}]}}