{"id":13688,"date":"2018-02-06T11:40:59","date_gmt":"2018-02-06T14:40:59","guid":{"rendered":"http:\/\/www.corumbaonline.com.br\/news\/?p=13688"},"modified":"2018-02-06T15:29:06","modified_gmt":"2018-02-06T18:29:06","slug":"carnaval-de-corumba-integra-calendario-nacional-de-eventos-do-mtur","status":"publish","type":"post","link":"https:\/\/www.corumbaonline.com.br\/news\/carnaval-de-corumba-integra-calendario-nacional-de-eventos-do-mtur\/","title":{"rendered":"Carnaval de Corumb\u00e1 integra Calend\u00e1rio Nacional de Eventos do MTur"},"content":{"rendered":"<p>Pelo segundo ano consecutivo, o Carnaval de Corumb\u00e1 integra o Calend\u00e1rio Nacional de Eventos do Minist\u00e9rio do Turismo (MTur). Criada h\u00e1 tr\u00eas anos, a ferramenta re\u00fane na Internet, os principais eventos tur\u00edsticos realizados em territ\u00f3rio nacional e ajudar a divulgar destinos tur\u00edsticos a visitantes brasileiros e estrangeiros.<\/p>\n<p>&nbsp;<\/p>\n<p>Outro evento regional que integra o Calend\u00e1rio Nacional \u00e9 o Arraial do Banho de S\u00e3o Jo\u00e3o, tamb\u00e9m realizado pela Prefeitura de Corumb\u00e1, por meio da Funda\u00e7\u00e3o da Cultura e do Patrim\u00f4nio Hist\u00f3rico.<\/p>\n<p>&nbsp;<\/p>\n<p>Segundo levantamento do Minist\u00e9rio do Turismo, a maioria dos eventos foi classificada na categoria art\u00edstico\/cultural\/folcl\u00f3rico (355), seguida de religioso (223), esportivo (86), festejos juninos (67) e gastron\u00f4mico (56).<\/p>\n<p>&nbsp;<\/p>\n<p>Em 2017, foram registrados mais de 1,4 mil eventos, um crescimento de 60% em rela\u00e7\u00e3o ao ano anterior, 886. Os n\u00fameros comprovam um maior engajamento dos organizadores de eventos e secretarias de turismo de estados e munic\u00edpios.<\/p>\n<p>&nbsp;<\/p>\n<p>\u201cO Calend\u00e1rio de Eventos do minist\u00e9rio est\u00e1 dispon\u00edvel o ano todo, basta que o promotor de eventos ou gestor envie as informa\u00e7\u00f5es para serem validadas pela \u00e1rea t\u00e9cnica e inclu\u00eddas no site. Por entender que ele pode ser um importante indutor do turismo regional, recomendamos sua constante atualiza\u00e7\u00e3o\u201d, disse o ministro do Turismo, Marx Beltr\u00e3o.<\/p>\n<p>&nbsp;<\/p>\n<p><em>Com informa\u00e7\u00f5es do MTur.<\/em><\/p>\n","protected":false},"excerpt":{"rendered":"<p>Pelo segundo ano consecutivo, o Carnaval de Corumb\u00e1 integra o Calend\u00e1rio Nacional de Eventos do&#8230;<\/p>\n","protected":false},"author":1,"featured_media":13703,"comment_status":"closed","ping_status":"closed","sticky":false,"template":"","format":"standard","meta":{"footnotes":""},"categories":[107,8,23],"tags":[],"class_list":["post-13688","post","type-post","status-publish","format-standard","has-post-thumbnail","hentry","category-carnaval-2018","category-destaque","category-turismo"],"_links":{"self":[{"href":"https:\/\/www.corumbaonline.com.br\/news\/wp-json\/wp\/v2\/posts\/13688","targetHints":{"allow":["GET"]}}],"collection":[{"href":"https:\/\/www.corumbaonline.com.br\/news\/wp-json\/wp\/v2\/posts"}],"about":[{"href":"https:\/\/www.corumbaonline.com.br\/news\/wp-json\/wp\/v2\/types\/post"}],"author":[{"embeddable":true,"href":"https:\/\/www.corumbaonline.com.br\/news\/wp-json\/wp\/v2\/users\/1"}],"replies":[{"embeddable":true,"href":"https:\/\/www.corumbaonline.com.br\/news\/wp-json\/wp\/v2\/comments?post=13688"}],"version-history":[{"count":1,"href":"https:\/\/www.corumbaonline.com.br\/news\/wp-json\/wp\/v2\/posts\/13688\/revisions"}],"predecessor-version":[{"id":13691,"href":"https:\/\/www.corumbaonline.com.br\/news\/wp-json\/wp\/v2\/posts\/13688\/revisions\/13691"}],"wp:featuredmedia":[{"embeddable":true,"href":"https:\/\/www.corumbaonline.com.br\/news\/wp-json\/wp\/v2\/media\/13703"}],"wp:attachment":[{"href":"https:\/\/www.corumbaonline.com.br\/news\/wp-json\/wp\/v2\/media?parent=13688"}],"wp:term":[{"taxonomy":"category","embeddable":true,"href":"https:\/\/www.corumbaonline.com.br\/news\/wp-json\/wp\/v2\/categories?post=13688"},{"taxonomy":"post_tag","embeddable":true,"href":"https:\/\/www.corumbaonline.com.br\/news\/wp-json\/wp\/v2\/tags?post=13688"}],"curies":[{"name":"wp","href":"https:\/\/api.w.org\/{rel}","templated":true}]}}